{"id":91498,"date":"2019-11-01T11:28:24","date_gmt":"2019-11-01T08:28:24","guid":{"rendered":"http:\/\/arantv.az\/?p=91498"},"modified":"2019-11-01T11:32:02","modified_gmt":"2019-11-01T08:32:02","slug":"az%c9%99riqazin-r%c9%99hb%c9%99ri-isd%c9%99n-cixarildi-yeni-t%c9%99yinat","status":"publish","type":"post","link":"https:\/\/arantv.az\/?p=91498","title":{"rendered":"\u201cAz\u0259riqaz\u201d\u0131n r\u0259hb\u0259ri i\u015fd\u0259n \u00e7\u0131xar\u0131ld\u0131 &#8211; Yeni t\u0259yinat"},"content":{"rendered":"<p>\u201cAz\u0259riqaz\u201d \u0130stehsalat Birliyin\u0259 yeni ba\u015f direktor t\u0259yin edilib.<\/p>\n<p><strong>ARANTV.AZ<\/strong>-\u0131n\u00a0x\u0259b\u0259rin\u0259 g\u00f6r\u0259,\u00a0bu v\u0259zif\u0259y\u0259 Ruslan \u018fliyev g\u0259tirilib.<\/p>\n<div id=\"AdviadNativeVideo0\" class=\"AdviadNativeVideo\"><\/div>\n<p>R.\u018fliyev m\u0259lumat\u0131 sayt\u0131m\u0131za t\u0259sdiq edib\u00a0v\u0259 bildirib ki, bu v\u0259zif\u0259y\u0259 bu g\u00fcn t\u0259yinat al\u0131b.<\/p>\n<p>\u201cAz\u0259riqaz\u201d \u0130stehsalat Birliyinin ke\u00e7mi\u015f ba\u015f diektoru \u018fkb\u0259r Hac\u0131yev v\u0259zif\u0259sind\u0259n azad edil\u0259r\u0259k Qaz \u0130xrac \u0130dar\u0259sin\u0259 r\u0259is\u00a0t\u0259yin olunub.oxu.az<\/p>\n","protected":false},"excerpt":{"rendered":"<p>\u201cAz\u0259riqaz\u201d \u0130stehsalat Birliyin\u0259 yeni ba\u015f direktor t\u0259yin edilib. ARANTV.AZ-\u0131n\u00a0x\u0259b\u0259rin\u0259 g\u00f6r\u0259,\u00a0bu v\u0259zif\u0259y\u0259 Ruslan \u018fliyev g\u0259tirilib. R.\u018fliyev m\u0259lumat\u0131 sayt\u0131m\u0131za t\u0259sdiq edib\u00a0v\u0259 bildirib ki, bu v\u0259zif\u0259y\u0259 bu g\u00fcn t\u0259yinat al\u0131b. \u201cAz\u0259riqaz\u201d \u0130stehsalat Birliyinin ke\u00e7mi\u015f ba\u015f diektoru \u018fkb\u0259r Hac\u0131yev v\u0259zif\u0259sind\u0259n azad edil\u0259r\u0259k Qaz \u0130xrac \u0130dar\u0259sin\u0259 r\u0259is\u00a0t\u0259yin olunub.oxu.az<\/p>\n","protected":false},"author":2,"featured_media":91499,"comment_status":"closed","ping_status":"closed","sticky":false,"template":"","format":"standard","meta":{"om_disable_all_campaigns":false,"_monsterinsights_skip_tracking":false,"_monsterinsights_sitenote_active":false,"_monsterinsights_sitenote_note":"","_monsterinsights_sitenote_category":0},"categories":[1],"tags":[],"aioseo_notices":[],"gutentor_comment":0,"rttpg_featured_image_url":{"full":["https:\/\/arantv.az\/wp-content\/uploads\/2019\/11\/798841.jpg",800,600,false],"landscape":["https:\/\/arantv.az\/wp-content\/uploads\/2019\/11\/798841.jpg",800,600,false],"portraits":["https:\/\/arantv.az\/wp-content\/uploads\/2019\/11\/798841.jpg",800,600,false],"thumbnail":["https:\/\/arantv.az\/wp-content\/uploads\/2019\/11\/798841-150x150.jpg",150,150,true],"medium":["https:\/\/arantv.az\/wp-content\/uploads\/2019\/11\/798841-300x225.jpg",300,225,true],"large":["https:\/\/arantv.az\/wp-content\/uploads\/2019\/11\/798841.jpg",640,480,false],"1536x1536":["https:\/\/arantv.az\/wp-content\/uploads\/2019\/11\/798841.jpg",800,600,false],"2048x2048":["https:\/\/arantv.az\/wp-content\/uploads\/2019\/11\/798841.jpg",800,600,false],"post-thumbnail":["https:\/\/arantv.az\/wp-content\/uploads\/2019\/11\/798841-240x172.jpg",240,172,true],"advps-thumb-one":["https:\/\/arantv.az\/wp-content\/uploads\/2019\/11\/798841.jpg",800,600,false]},"rttpg_author":{"display_name":"V\u00fcsal Rafiqo\u011flu","author_link":"https:\/\/arantv.az\/?author=2"},"rttpg_comment":0,"rttpg_category":"<a href=\"https:\/\/arantv.az\/?cat=1\" rel=\"category\">C\u0259miyy\u0259t<\/a>","rttpg_excerpt":"\u201cAz\u0259riqaz\u201d \u0130stehsalat Birliyin\u0259 yeni ba\u015f direktor t\u0259yin edilib. ARANTV.AZ-\u0131n\u00a0x\u0259b\u0259rin\u0259 g\u00f6r\u0259,\u00a0bu v\u0259zif\u0259y\u0259 Ruslan \u018fliyev g\u0259tirilib. R.\u018fliyev m\u0259lumat\u0131 sayt\u0131m\u0131za t\u0259sdiq edib\u00a0v\u0259 bildirib ki, bu v\u0259zif\u0259y\u0259 bu g\u00fcn t\u0259yinat al\u0131b. \u201cAz\u0259riqaz\u201d \u0130stehsalat Birliyinin ke\u00e7mi\u015f ba\u015f diektoru \u018fkb\u0259r Hac\u0131yev v\u0259zif\u0259sind\u0259n azad edil\u0259r\u0259k Qaz \u0130xrac \u0130dar\u0259sin\u0259 r\u0259is\u00a0t\u0259yin olunub.oxu.az","_links":{"self":[{"href":"https:\/\/arantv.az\/index.php?rest_route=\/wp\/v2\/posts\/91498"}],"collection":[{"href":"https:\/\/arantv.az\/index.php?rest_route=\/wp\/v2\/posts"}],"about":[{"href":"https:\/\/arantv.az\/index.php?rest_route=\/wp\/v2\/types\/post"}],"author":[{"embeddable":true,"href":"https:\/\/arantv.az\/index.php?rest_route=\/wp\/v2\/users\/2"}],"replies":[{"embeddable":true,"href":"https:\/\/arantv.az\/index.php?rest_route=%2Fwp%2Fv2%2Fcomments&post=91498"}],"version-history":[{"count":0,"href":"https:\/\/arantv.az\/index.php?rest_route=\/wp\/v2\/posts\/91498\/revisions"}],"wp:featuredmedia":[{"embeddable":true,"href":"https:\/\/arantv.az\/index.php?rest_route=\/wp\/v2\/media\/91499"}],"wp:attachment":[{"href":"https:\/\/arantv.az\/index.php?rest_route=%2Fwp%2Fv2%2Fmedia&parent=91498"}],"wp:term":[{"taxonomy":"category","embeddable":true,"href":"https:\/\/arantv.az\/index.php?rest_route=%2Fwp%2Fv2%2Fcategories&post=91498"},{"taxonomy":"post_tag","embeddable":true,"href":"https:\/\/arantv.az\/index.php?rest_route=%2Fwp%2Fv2%2Ftags&post=91498"}],"curies":[{"name":"wp","href":"https:\/\/api.w.org\/{rel}","templated":true}]}}