{"id":91506,"date":"2019-11-01T11:30:58","date_gmt":"2019-11-01T08:30:58","guid":{"rendered":"http:\/\/arantv.az\/?p=91506"},"modified":"2019-11-01T11:30:58","modified_gmt":"2019-11-01T08:30:58","slug":"socar-in-idar%c9%99-v%c9%99-mu%c9%99ssis%c9%99l%c9%99rinin-r%c9%99hb%c9%99rliyind%c9%99-d%c9%99yisiklik-olub","status":"publish","type":"post","link":"https:\/\/arantv.az\/?p=91506","title":{"rendered":"SOCAR-\u0131n idar\u0259 v\u0259 m\u00fc\u0259ssis\u0259l\u0259rinin r\u0259hb\u0259rliyind\u0259 d\u0259yi\u015fiklik olub"},"content":{"rendered":"<p>Az\u0259rbaycan Respublikas\u0131 D\u00f6vl\u0259t Neft \u015eirk\u0259tinin (SOCAR) Prezidenti R\u00f6vn\u0259q Abdullayevin \u0259mri il\u0259 adlar\u0131 a\u015fa\u011f\u0131da qeyd edil\u0259n \u015f\u0259xsl\u0259r tutduqlar\u0131 v\u0259zif\u0259l\u0259rd\u0259n azad olunaraq, yeni v\u0259zif\u0259l\u0259r\u0259 m\u00fcv\u0259qq\u0259ti t\u0259yin olunublar.<\/p>\n<p><strong>ARANTV.AZ<\/strong>-\u0131n m\u0259lumat\u0131na g\u00f6r\u0259,\u00a0Qaz \u0130xrac \u0130dar\u0259sinin r\u0259isi Qa\u011fam\u0259li Seyfullayev \u201cNeftqaztikinti\u201d trestinin m\u00fcdiri, Heyd\u0259r \u018fliyev ad\u0131na NEZ-in direktor m\u00fcavini F\u00fczuli Hac\u0131yev T\u0259hl\u00fck\u0259sizlik \u0130dar\u0259sinin r\u0259isi, Mirkaz\u0131m Abasov v\u0259 R\u0259\u015fad \u018fliyev is\u0259 SOCAR prezidentinin m\u00fc\u015faviri v\u0259zif\u0259sin\u0259 t\u0259yin olunublar.<\/p>\n<div id=\"AdviadNativeVideo0\" class=\"AdviadNativeVideo\"><\/div>\n<p>Qeyd ed\u0259k ki, \u201cAz\u0259riqaz\u201d \u0130stehsalat Birliyinin ba\u015f direktorunun m\u00fcavini\u00a0 Ruslan \u018fliyev \u201cAz\u0259riqaz\u201d \u0130stehsalat Birliyinin ba\u015f direktoru t\u0259yin edilib.oxu.az<\/p>\n","protected":false},"excerpt":{"rendered":"<p>Az\u0259rbaycan Respublikas\u0131 D\u00f6vl\u0259t Neft \u015eirk\u0259tinin (SOCAR) Prezidenti R\u00f6vn\u0259q Abdullayevin \u0259mri il\u0259 adlar\u0131 a\u015fa\u011f\u0131da qeyd edil\u0259n \u015f\u0259xsl\u0259r tutduqlar\u0131 v\u0259zif\u0259l\u0259rd\u0259n azad olunaraq, yeni v\u0259zif\u0259l\u0259r\u0259 m\u00fcv\u0259qq\u0259ti t\u0259yin olunublar. ARANTV.AZ-\u0131n m\u0259lumat\u0131na g\u00f6r\u0259,\u00a0Qaz \u0130xrac \u0130dar\u0259sinin r\u0259isi Qa\u011fam\u0259li Seyfullayev \u201cNeftqaztikinti\u201d trestinin m\u00fcdiri, Heyd\u0259r \u018fliyev ad\u0131na NEZ-in direktor m\u00fcavini F\u00fczuli Hac\u0131yev T\u0259hl\u00fck\u0259sizlik \u0130dar\u0259sinin r\u0259isi, Mirkaz\u0131m Abasov v\u0259 R\u0259\u015fad \u018fliyev is\u0259 SOCAR prezidentinin m\u00fc\u015faviri v\u0259zif\u0259sin\u0259 t\u0259yin olunublar. Qeyd ed\u0259k ki, \u201cAz\u0259riqaz\u201d \u0130stehsalat Birliyinin ba\u015f direktorunun m\u00fcavini\u00a0 Ruslan \u018fliyev \u201cAz\u0259riqaz\u201d \u0130stehsalat Birliyinin ba\u015f direktoru t\u0259yin edilib.oxu.az<\/p>\n","protected":false},"author":2,"featured_media":91507,"comment_status":"closed","ping_status":"closed","sticky":false,"template":"","format":"standard","meta":{"om_disable_all_campaigns":false,"_monsterinsights_skip_tracking":false,"_monsterinsights_sitenote_active":false,"_monsterinsights_sitenote_note":"","_monsterinsights_sitenote_category":0},"categories":[1],"tags":[],"aioseo_notices":[],"gutentor_comment":0,"rttpg_featured_image_url":{"full":["https:\/\/arantv.az\/wp-content\/uploads\/2019\/11\/1526105068vez.jpg",620,412,false],"landscape":["https:\/\/arantv.az\/wp-content\/uploads\/2019\/11\/1526105068vez.jpg",620,412,false],"portraits":["https:\/\/arantv.az\/wp-content\/uploads\/2019\/11\/1526105068vez.jpg",620,412,false],"thumbnail":["https:\/\/arantv.az\/wp-content\/uploads\/2019\/11\/1526105068vez-150x150.jpg",150,150,true],"medium":["https:\/\/arantv.az\/wp-content\/uploads\/2019\/11\/1526105068vez-300x199.jpg",300,199,true],"large":["https:\/\/arantv.az\/wp-content\/uploads\/2019\/11\/1526105068vez.jpg",620,412,false],"1536x1536":["https:\/\/arantv.az\/wp-content\/uploads\/2019\/11\/1526105068vez.jpg",620,412,false],"2048x2048":["https:\/\/arantv.az\/wp-content\/uploads\/2019\/11\/1526105068vez.jpg",620,412,false],"post-thumbnail":["https:\/\/arantv.az\/wp-content\/uploads\/2019\/11\/1526105068vez-240x172.jpg",240,172,true],"advps-thumb-one":["https:\/\/arantv.az\/wp-content\/uploads\/2019\/11\/1526105068vez.jpg",620,412,false]},"rttpg_author":{"display_name":"V\u00fcsal Rafiqo\u011flu","author_link":"https:\/\/arantv.az\/?author=2"},"rttpg_comment":0,"rttpg_category":"<a href=\"https:\/\/arantv.az\/?cat=1\" rel=\"category\">C\u0259miyy\u0259t<\/a>","rttpg_excerpt":"Az\u0259rbaycan Respublikas\u0131 D\u00f6vl\u0259t Neft \u015eirk\u0259tinin (SOCAR) Prezidenti R\u00f6vn\u0259q Abdullayevin \u0259mri il\u0259 adlar\u0131 a\u015fa\u011f\u0131da qeyd edil\u0259n \u015f\u0259xsl\u0259r tutduqlar\u0131 v\u0259zif\u0259l\u0259rd\u0259n azad olunaraq, yeni v\u0259zif\u0259l\u0259r\u0259 m\u00fcv\u0259qq\u0259ti t\u0259yin olunublar. ARANTV.AZ-\u0131n m\u0259lumat\u0131na g\u00f6r\u0259,\u00a0Qaz \u0130xrac \u0130dar\u0259sinin r\u0259isi Qa\u011fam\u0259li Seyfullayev \u201cNeftqaztikinti\u201d trestinin m\u00fcdiri, Heyd\u0259r \u018fliyev ad\u0131na NEZ-in direktor m\u00fcavini F\u00fczuli Hac\u0131yev T\u0259hl\u00fck\u0259sizlik \u0130dar\u0259sinin r\u0259isi, Mirkaz\u0131m Abasov v\u0259 R\u0259\u015fad \u018fliyev is\u0259 SOCAR prezidentinin&hellip;","_links":{"self":[{"href":"https:\/\/arantv.az\/index.php?rest_route=\/wp\/v2\/posts\/91506"}],"collection":[{"href":"https:\/\/arantv.az\/index.php?rest_route=\/wp\/v2\/posts"}],"about":[{"href":"https:\/\/arantv.az\/index.php?rest_route=\/wp\/v2\/types\/post"}],"author":[{"embeddable":true,"href":"https:\/\/arantv.az\/index.php?rest_route=\/wp\/v2\/users\/2"}],"replies":[{"embeddable":true,"href":"https:\/\/arantv.az\/index.php?rest_route=%2Fwp%2Fv2%2Fcomments&post=91506"}],"version-history":[{"count":0,"href":"https:\/\/arantv.az\/index.php?rest_route=\/wp\/v2\/posts\/91506\/revisions"}],"wp:featuredmedia":[{"embeddable":true,"href":"https:\/\/arantv.az\/index.php?rest_route=\/wp\/v2\/media\/91507"}],"wp:attachment":[{"href":"https:\/\/arantv.az\/index.php?rest_route=%2Fwp%2Fv2%2Fmedia&parent=91506"}],"wp:term":[{"taxonomy":"category","embeddable":true,"href":"https:\/\/arantv.az\/index.php?rest_route=%2Fwp%2Fv2%2Fcategories&post=91506"},{"taxonomy":"post_tag","embeddable":true,"href":"https:\/\/arantv.az\/index.php?rest_route=%2Fwp%2Fv2%2Ftags&post=91506"}],"curies":[{"name":"wp","href":"https:\/\/api.w.org\/{rel}","templated":true}]}}