{"id":91512,"date":"2019-11-01T11:32:53","date_gmt":"2019-11-01T08:32:53","guid":{"rendered":"http:\/\/arantv.az\/?p=91512"},"modified":"2019-11-01T11:32:53","modified_gmt":"2019-11-01T08:32:53","slug":"alpinist-oz-olumunu-kameraya-c%c9%99kdi-video","status":"publish","type":"post","link":"https:\/\/arantv.az\/?p=91512","title":{"rendered":"Alpinist \u00f6z \u00f6l\u00fcm\u00fcn\u00fc kameraya \u00e7\u0259kdi &#8211; V\u0130DEO"},"content":{"rendered":"<article class=\"news\">\n<div class=\"news-inner\">\n<p>Yapon alpinist \u00f6lk\u0259nin \u0259n y\u00fcks\u0259k da\u011f\u0131 olan Fuci da\u011f\u0131ndan y\u0131x\u0131ld\u0131\u011f\u0131 an\u0131 kameraya \u00e7\u0259kib.<\/p>\n<p>Qeyd ed\u0259k ki, b\u00f6lg\u0259y\u0259 turist ziyar\u0259ti pay\u0131z\u0131n \u0259vv\u0259lind\u0259n ba\u011flansa da, alpinist y\u00fcks\u0259y\u0259 d\u0131rmanmaq m\u0259qs\u0259dil\u0259 oraya gedib. B\u00fct\u00fcn prosesi kameraya \u00e7\u0259k\u0259n alpinist ora qalxma\u011f\u0131n t\u0259hl\u00fck\u0259sind\u0259n dan\u0131\u015fark\u0259n bir anda s\u00fcr\u00fc\u015f\u0259r\u0259k u\u00e7uruma yuvarlan\u0131b.<\/p>\n<div id=\"AdviadNativeVideo0\" class=\"AdviadNativeVideo\"><\/div>\n<p>\u0130zl\u0259yicil\u0259r d\u0259rhal bu hadis\u0259 haqq\u0131nda xilasedicil\u0259r\u0259 m\u0259lumat verib. \u018frazid\u0259 c\u0259s\u0259d a\u015fkarlansa da, onun kimliyi h\u0259l\u0259 d\u0259qiql\u0259\u015fdirilm\u0259yib. Onun alpinist\u0259 aid olaca\u011f\u0131 ehtimal edilir.<\/p>\n<p>H\u0259min kadrlar\u0131 t\u0259qdim edirik:<\/p>\n<div><iframe loading=\"lazy\" class=\"ren-player\" src=\"https:\/\/ren.tv\/player\/474133\" width=\"640\" height=\"360\" frameborder=\"0\" allowfullscreen=\"allowfullscreen\" data-mce-fragment=\"1\"><\/iframe><\/div>\n<\/div>\n<\/article>\n<h2 class=\"news-share-title\"><\/h2>\n","protected":false},"excerpt":{"rendered":"<p>Yapon alpinist \u00f6lk\u0259nin \u0259n y\u00fcks\u0259k da\u011f\u0131 olan Fuci da\u011f\u0131ndan y\u0131x\u0131ld\u0131\u011f\u0131 an\u0131 kameraya \u00e7\u0259kib. Qeyd ed\u0259k ki, b\u00f6lg\u0259y\u0259 turist ziyar\u0259ti pay\u0131z\u0131n \u0259vv\u0259lind\u0259n ba\u011flansa da, alpinist y\u00fcks\u0259y\u0259 d\u0131rmanmaq m\u0259qs\u0259dil\u0259 oraya gedib. B\u00fct\u00fcn prosesi kameraya \u00e7\u0259k\u0259n alpinist ora qalxma\u011f\u0131n t\u0259hl\u00fck\u0259sind\u0259n dan\u0131\u015fark\u0259n bir anda s\u00fcr\u00fc\u015f\u0259r\u0259k u\u00e7uruma yuvarlan\u0131b. \u0130zl\u0259yicil\u0259r d\u0259rhal bu hadis\u0259 haqq\u0131nda xilasedicil\u0259r\u0259 m\u0259lumat verib. \u018frazid\u0259 c\u0259s\u0259d a\u015fkarlansa da, onun kimliyi h\u0259l\u0259 d\u0259qiql\u0259\u015fdirilm\u0259yib. Onun alpinist\u0259 aid olaca\u011f\u0131 ehtimal edilir. H\u0259min kadrlar\u0131 t\u0259qdim edirik:<\/p>\n","protected":false},"author":2,"featured_media":91513,"comment_status":"closed","ping_status":"closed","sticky":false,"template":"","format":"standard","meta":{"om_disable_all_campaigns":false,"_monsterinsights_skip_tracking":false,"_monsterinsights_sitenote_active":false,"_monsterinsights_sitenote_note":"","_monsterinsights_sitenote_category":0},"categories":[7],"tags":[],"aioseo_notices":[],"gutentor_comment":0,"rttpg_featured_image_url":{"full":["https:\/\/arantv.az\/wp-content\/uploads\/2019\/11\/pogibshye-alpinisty-18-8.jpg",620,465,false],"landscape":["https:\/\/arantv.az\/wp-content\/uploads\/2019\/11\/pogibshye-alpinisty-18-8.jpg",620,465,false],"portraits":["https:\/\/arantv.az\/wp-content\/uploads\/2019\/11\/pogibshye-alpinisty-18-8.jpg",620,465,false],"thumbnail":["https:\/\/arantv.az\/wp-content\/uploads\/2019\/11\/pogibshye-alpinisty-18-8-150x150.jpg",150,150,true],"medium":["https:\/\/arantv.az\/wp-content\/uploads\/2019\/11\/pogibshye-alpinisty-18-8-300x225.jpg",300,225,true],"large":["https:\/\/arantv.az\/wp-content\/uploads\/2019\/11\/pogibshye-alpinisty-18-8.jpg",620,465,false],"1536x1536":["https:\/\/arantv.az\/wp-content\/uploads\/2019\/11\/pogibshye-alpinisty-18-8.jpg",620,465,false],"2048x2048":["https:\/\/arantv.az\/wp-content\/uploads\/2019\/11\/pogibshye-alpinisty-18-8.jpg",620,465,false],"post-thumbnail":["https:\/\/arantv.az\/wp-content\/uploads\/2019\/11\/pogibshye-alpinisty-18-8-240x172.jpg",240,172,true],"advps-thumb-one":["https:\/\/arantv.az\/wp-content\/uploads\/2019\/11\/pogibshye-alpinisty-18-8.jpg",620,465,false]},"rttpg_author":{"display_name":"V\u00fcsal Rafiqo\u011flu","author_link":"https:\/\/arantv.az\/?author=2"},"rttpg_comment":0,"rttpg_category":"<a href=\"https:\/\/arantv.az\/?cat=7\" rel=\"category\">D\u00fcnya<\/a>","rttpg_excerpt":"Yapon alpinist \u00f6lk\u0259nin \u0259n y\u00fcks\u0259k da\u011f\u0131 olan Fuci da\u011f\u0131ndan y\u0131x\u0131ld\u0131\u011f\u0131 an\u0131 kameraya \u00e7\u0259kib. Qeyd ed\u0259k ki, b\u00f6lg\u0259y\u0259 turist ziyar\u0259ti pay\u0131z\u0131n \u0259vv\u0259lind\u0259n ba\u011flansa da, alpinist y\u00fcks\u0259y\u0259 d\u0131rmanmaq m\u0259qs\u0259dil\u0259 oraya gedib. B\u00fct\u00fcn prosesi kameraya \u00e7\u0259k\u0259n alpinist ora qalxma\u011f\u0131n t\u0259hl\u00fck\u0259sind\u0259n dan\u0131\u015fark\u0259n bir anda s\u00fcr\u00fc\u015f\u0259r\u0259k u\u00e7uruma yuvarlan\u0131b. \u0130zl\u0259yicil\u0259r d\u0259rhal bu hadis\u0259 haqq\u0131nda xilasedicil\u0259r\u0259 m\u0259lumat verib. \u018frazid\u0259 c\u0259s\u0259d a\u015fkarlansa da,&hellip;","_links":{"self":[{"href":"https:\/\/arantv.az\/index.php?rest_route=\/wp\/v2\/posts\/91512"}],"collection":[{"href":"https:\/\/arantv.az\/index.php?rest_route=\/wp\/v2\/posts"}],"about":[{"href":"https:\/\/arantv.az\/index.php?rest_route=\/wp\/v2\/types\/post"}],"author":[{"embeddable":true,"href":"https:\/\/arantv.az\/index.php?rest_route=\/wp\/v2\/users\/2"}],"replies":[{"embeddable":true,"href":"https:\/\/arantv.az\/index.php?rest_route=%2Fwp%2Fv2%2Fcomments&post=91512"}],"version-history":[{"count":0,"href":"https:\/\/arantv.az\/index.php?rest_route=\/wp\/v2\/posts\/91512\/revisions"}],"wp:featuredmedia":[{"embeddable":true,"href":"https:\/\/arantv.az\/index.php?rest_route=\/wp\/v2\/media\/91513"}],"wp:attachment":[{"href":"https:\/\/arantv.az\/index.php?rest_route=%2Fwp%2Fv2%2Fmedia&parent=91512"}],"wp:term":[{"taxonomy":"category","embeddable":true,"href":"https:\/\/arantv.az\/index.php?rest_route=%2Fwp%2Fv2%2Fcategories&post=91512"},{"taxonomy":"post_tag","embeddable":true,"href":"https:\/\/arantv.az\/index.php?rest_route=%2Fwp%2Fv2%2Ftags&post=91512"}],"curies":[{"name":"wp","href":"https:\/\/api.w.org\/{rel}","templated":true}]}}