{"id":91518,"date":"2019-11-01T11:41:30","date_gmt":"2019-11-01T08:41:30","guid":{"rendered":"http:\/\/arantv.az\/?p=91518"},"modified":"2019-11-01T11:41:30","modified_gmt":"2019-11-01T08:41:30","slug":"israilin-az%c9%99rbaycandaki-s%c9%99firliyi-f%c9%99aliyy%c9%99tini-b%c9%99rpa-etdi","status":"publish","type":"post","link":"https:\/\/arantv.az\/?p=91518","title":{"rendered":"\u0130srailin Az\u0259rbaycandak\u0131 s\u0259firliyi f\u0259aliyy\u0259tini b\u0259rpa etdi"},"content":{"rendered":"<p>\u0130srailin Az\u0259rbaycandak\u0131 s\u0259firliyi i\u015fini b\u0259rpa edib.<\/p>\n<p><b>ARANTV.AZ<\/b>-\u0131n x\u0259b\u0259rin\u0259 g\u00f6r\u0259, bu bar\u0259d\u0259 \u0130srailin Az\u0259rbaycandak\u0131 s\u0259firliyinin m\u0259lumat\u0131nda bildirilib.<\/p>\n<p>Qeyd olunub ki, \u0130srailin Bak\u0131dak\u0131 s\u0259firliyi \u00f6lk\u0259nin d\u00fcnyan\u0131n dig\u0259r \u00f6lk\u0259l\u0259rind\u0259ki diplomatik n\u00fcmay\u0259nd\u0259likl\u0259ri kimi,\u00a0\u00f6z i\u015fini davam etdir\u0259c\u0259k.<\/p>\n<div id=\"AdviadNativeVideo0\" class=\"AdviadNativeVideo\"><\/div>\n<p>Bildirilib ki, \u0130srailin Xarici \u0130\u015fl\u0259r Nazirliyi\u00a0v\u0259 Maliyy\u0259 Nazirliyinin \u0259m\u0259kda\u015flar\u0131 aras\u0131nda dan\u0131\u015f\u0131qlar davam ed\u0259c\u0259k.<\/p>\n<p>Xat\u0131rladaq ki, \u0130srailin Az\u0259rbaycandak\u0131 s\u0259firliyi bir ne\u00e7\u0259 g\u00fcn \u00f6nc\u0259 f\u0259aliyy\u0259tini m\u00fcv\u0259qq\u0259ti dayand\u0131rm\u0131\u015fd\u0131. Bunun s\u0259b\u0259bi maliyy\u0259 problemi il\u0259 \u0259laq\u0259dar idi.<\/p>\n<p>\u201c\u0130srail\u00a0Maliyy\u0259 Nazirliyinin 2019-cu ilin iyulun 21-d\u0259 Ba\u015f direktor t\u0259r\u0259find\u0259n imzalanm\u0131\u015f raz\u0131la\u015fmalar\u0131 pozmaq v\u0259 son on illikl\u0259r \u0259rzind\u0259 q\u00fcvv\u0259d\u0259 olan protokolun ziyan\u0131na olmaqla birt\u0259r\u0259fli proseduru i\u015f\u0259 salmaq q\u0259rar\u0131na \u0259sas\u0259n, diplomatik n\u00fcmay\u0259nd\u0259liyi ba\u011flamaq m\u0259cburiyy\u0259tind\u0259 qal\u0131r\u0131q\u201d, &#8211; dey\u0259 s\u0259firliyin a\u00e7\u0131qlamas\u0131nda bildirilirdi.<\/p>\n<p>\u00dcmumiyy\u0259tl\u0259, \u0130srail b\u00fcdc\u0259 m\u0259s\u0259l\u0259l\u0259ri il\u0259 \u0259laq\u0259dar d\u00fcnyan\u0131n b\u00fct\u00fcn \u00f6lk\u0259l\u0259rind\u0259 s\u0259firlik v\u0259 konsulluqlar\u0131n\u0131 m\u00fcv\u0259qq\u0259ti ba\u011flay\u0131b.oxu.az<\/p>\n","protected":false},"excerpt":{"rendered":"<p>\u0130srailin Az\u0259rbaycandak\u0131 s\u0259firliyi i\u015fini b\u0259rpa edib. ARANTV.AZ-\u0131n x\u0259b\u0259rin\u0259 g\u00f6r\u0259, bu bar\u0259d\u0259 \u0130srailin Az\u0259rbaycandak\u0131 s\u0259firliyinin m\u0259lumat\u0131nda bildirilib. Qeyd olunub ki, \u0130srailin Bak\u0131dak\u0131 s\u0259firliyi \u00f6lk\u0259nin d\u00fcnyan\u0131n dig\u0259r \u00f6lk\u0259l\u0259rind\u0259ki diplomatik n\u00fcmay\u0259nd\u0259likl\u0259ri kimi,\u00a0\u00f6z i\u015fini davam etdir\u0259c\u0259k. Bildirilib ki, \u0130srailin Xarici \u0130\u015fl\u0259r Nazirliyi\u00a0v\u0259 Maliyy\u0259 Nazirliyinin \u0259m\u0259kda\u015flar\u0131 aras\u0131nda dan\u0131\u015f\u0131qlar davam ed\u0259c\u0259k. Xat\u0131rladaq ki, \u0130srailin Az\u0259rbaycandak\u0131 s\u0259firliyi bir ne\u00e7\u0259 g\u00fcn \u00f6nc\u0259 f\u0259aliyy\u0259tini m\u00fcv\u0259qq\u0259ti dayand\u0131rm\u0131\u015fd\u0131. Bunun s\u0259b\u0259bi maliyy\u0259 problemi il\u0259 \u0259laq\u0259dar idi. \u201c\u0130srail\u00a0Maliyy\u0259 Nazirliyinin 2019-cu ilin iyulun 21-d\u0259 Ba\u015f direktor t\u0259r\u0259find\u0259n imzalanm\u0131\u015f raz\u0131la\u015fmalar\u0131 pozmaq v\u0259 son on illikl\u0259r \u0259rzind\u0259 q\u00fcvv\u0259d\u0259 olan protokolun ziyan\u0131na olmaqla birt\u0259r\u0259fli proseduru i\u015f\u0259 salmaq&hellip;<\/p>\n","protected":false},"author":2,"featured_media":91519,"comment_status":"closed","ping_status":"closed","sticky":false,"template":"","format":"standard","meta":{"om_disable_all_campaigns":false,"_monsterinsights_skip_tracking":false,"_monsterinsights_sitenote_active":false,"_monsterinsights_sitenote_note":"","_monsterinsights_sitenote_category":0},"categories":[4],"tags":[],"aioseo_notices":[],"gutentor_comment":0,"rttpg_featured_image_url":{"full":["https:\/\/arantv.az\/wp-content\/uploads\/2019\/11\/waving-flag-of-israel.jpg",620,415,false],"landscape":["https:\/\/arantv.az\/wp-content\/uploads\/2019\/11\/waving-flag-of-israel.jpg",620,415,false],"portraits":["https:\/\/arantv.az\/wp-content\/uploads\/2019\/11\/waving-flag-of-israel.jpg",620,415,false],"thumbnail":["https:\/\/arantv.az\/wp-content\/uploads\/2019\/11\/waving-flag-of-israel-150x150.jpg",150,150,true],"medium":["https:\/\/arantv.az\/wp-content\/uploads\/2019\/11\/waving-flag-of-israel-300x201.jpg",300,201,true],"large":["https:\/\/arantv.az\/wp-content\/uploads\/2019\/11\/waving-flag-of-israel.jpg",620,415,false],"1536x1536":["https:\/\/arantv.az\/wp-content\/uploads\/2019\/11\/waving-flag-of-israel.jpg",620,415,false],"2048x2048":["https:\/\/arantv.az\/wp-content\/uploads\/2019\/11\/waving-flag-of-israel.jpg",620,415,false],"post-thumbnail":["https:\/\/arantv.az\/wp-content\/uploads\/2019\/11\/waving-flag-of-israel-240x172.jpg",240,172,true],"advps-thumb-one":["https:\/\/arantv.az\/wp-content\/uploads\/2019\/11\/waving-flag-of-israel.jpg",620,415,false]},"rttpg_author":{"display_name":"V\u00fcsal Rafiqo\u011flu","author_link":"https:\/\/arantv.az\/?author=2"},"rttpg_comment":0,"rttpg_category":"<a href=\"https:\/\/arantv.az\/?cat=4\" rel=\"category\">Siyas\u0259t<\/a>","rttpg_excerpt":"\u0130srailin Az\u0259rbaycandak\u0131 s\u0259firliyi i\u015fini b\u0259rpa edib. ARANTV.AZ-\u0131n x\u0259b\u0259rin\u0259 g\u00f6r\u0259, bu bar\u0259d\u0259 \u0130srailin Az\u0259rbaycandak\u0131 s\u0259firliyinin m\u0259lumat\u0131nda bildirilib. Qeyd olunub ki, \u0130srailin Bak\u0131dak\u0131 s\u0259firliyi \u00f6lk\u0259nin d\u00fcnyan\u0131n dig\u0259r \u00f6lk\u0259l\u0259rind\u0259ki diplomatik n\u00fcmay\u0259nd\u0259likl\u0259ri kimi,\u00a0\u00f6z i\u015fini davam etdir\u0259c\u0259k. Bildirilib ki, \u0130srailin Xarici \u0130\u015fl\u0259r Nazirliyi\u00a0v\u0259 Maliyy\u0259 Nazirliyinin \u0259m\u0259kda\u015flar\u0131 aras\u0131nda dan\u0131\u015f\u0131qlar davam ed\u0259c\u0259k. Xat\u0131rladaq ki, \u0130srailin Az\u0259rbaycandak\u0131 s\u0259firliyi bir ne\u00e7\u0259 g\u00fcn \u00f6nc\u0259 f\u0259aliyy\u0259tini&hellip;","_links":{"self":[{"href":"https:\/\/arantv.az\/index.php?rest_route=\/wp\/v2\/posts\/91518"}],"collection":[{"href":"https:\/\/arantv.az\/index.php?rest_route=\/wp\/v2\/posts"}],"about":[{"href":"https:\/\/arantv.az\/index.php?rest_route=\/wp\/v2\/types\/post"}],"author":[{"embeddable":true,"href":"https:\/\/arantv.az\/index.php?rest_route=\/wp\/v2\/users\/2"}],"replies":[{"embeddable":true,"href":"https:\/\/arantv.az\/index.php?rest_route=%2Fwp%2Fv2%2Fcomments&post=91518"}],"version-history":[{"count":0,"href":"https:\/\/arantv.az\/index.php?rest_route=\/wp\/v2\/posts\/91518\/revisions"}],"wp:featuredmedia":[{"embeddable":true,"href":"https:\/\/arantv.az\/index.php?rest_route=\/wp\/v2\/media\/91519"}],"wp:attachment":[{"href":"https:\/\/arantv.az\/index.php?rest_route=%2Fwp%2Fv2%2Fmedia&parent=91518"}],"wp:term":[{"taxonomy":"category","embeddable":true,"href":"https:\/\/arantv.az\/index.php?rest_route=%2Fwp%2Fv2%2Fcategories&post=91518"},{"taxonomy":"post_tag","embeddable":true,"href":"https:\/\/arantv.az\/index.php?rest_route=%2Fwp%2Fv2%2Ftags&post=91518"}],"curies":[{"name":"wp","href":"https:\/\/api.w.org\/{rel}","templated":true}]}}