{"id":91522,"date":"2019-11-01T11:44:39","date_gmt":"2019-11-01T08:44:39","guid":{"rendered":"http:\/\/arantv.az\/?p=91522"},"modified":"2019-11-01T11:44:39","modified_gmt":"2019-11-01T08:44:39","slug":"mehriban-%c9%99liyevadan-qarabag-qazisin%c9%99-jest","status":"publish","type":"post","link":"https:\/\/arantv.az\/?p=91522","title":{"rendered":"Mehriban \u018fliyevadan Qaraba\u011f qazisin\u0259 JEST"},"content":{"rendered":"<p>2014-c\u00fc ild\u0259 &#8220;Xalq Bank&#8221;dan ald\u0131\u011f\u0131 krediti \u00f6d\u0259y\u0259 bilm\u0259m\u0259si s\u0259b\u0259bind\u0259n d\u00f6vl\u0259t t\u0259r\u0259find\u0259n veril\u0259n evin\u0259 h\u0259bs qoyulan Qaraba\u011f qazisi Qurban Qurbanovun evini Birinci vitse-prezident Mehriban \u018fliyeva geri qaytar\u0131b.<\/p>\n<p><b>ARANTV.AZ\u00a0<\/b>axar.az-a istinad\u0259n x\u0259b\u0259r verir ki, bu bar\u0259d\u0259 m\u0259lumat\u0131 \u015fair\u0259 -yazar S\u0259bin\u0259 Yusif qeyd edib. O bildirib ki, Mehriban \u018fliyeva Qaraba\u011f qazisinin problemini tez bir zamanda aradan qald\u0131r\u0131b.<\/p>\n<div><\/div>\n<p>&#8220;S\u0259simiz\u0259 Birinci vitse-prezident Mehriban \u018fliyeva s\u0259s verdi. Heyd\u0259r \u018fliyev Fondu Qaraba\u011f qazisi Qurban Qurbanovun evini geri qaytard\u0131. H\u00f6rm\u0259tli Prezidentimiz \u0130lham \u018fliyev, h\u00f6rm\u0259tli Birinci vitse-prezidentimiz Mehriban \u018fliyeva, siz\u0259 Qaraba\u011f qazil\u0259ri ad\u0131ndan, qazaxl\u0131lar ad\u0131ndan d\u0259rin t\u0259\u015f\u0259kk\u00fcr\u00fcm\u00fc bildirir\u0259m&#8221;.<\/p>\n<p>Qeyd ed\u0259k ki, ikinci qrup \u0259lil olan Qaraba\u011f qazisi Qurban Qurbanov h\u0259yat yolda\u015f\u0131n\u0131n v\u0259 o\u011flunun x\u0259st\u0259liyi s\u0259b\u0259bind\u0259n 2014-c\u00fc ilin oktyabr\u0131nda d\u00f6vl\u0259t t\u0259r\u0259find\u0259n ona veril\u0259n evi girov qoyaraq, &#8220;Xalq Bank&#8221; 13 min manat kredit g\u00f6t\u00fcr\u00fcb. Lakin o, bir m\u00fcdd\u0259t sonra kreditin 5 min manat\u0131n\u0131 \u00f6d\u0259y\u0259 bilm\u0259diyi \u00fc\u00e7\u00fcn evinin \u00fcz\u0259rin\u0259 h\u0259bs qoyulub.<\/p>\n","protected":false},"excerpt":{"rendered":"<p>2014-c\u00fc ild\u0259 &#8220;Xalq Bank&#8221;dan ald\u0131\u011f\u0131 krediti \u00f6d\u0259y\u0259 bilm\u0259m\u0259si s\u0259b\u0259bind\u0259n d\u00f6vl\u0259t t\u0259r\u0259find\u0259n veril\u0259n evin\u0259 h\u0259bs qoyulan Qaraba\u011f qazisi Qurban Qurbanovun evini Birinci vitse-prezident Mehriban \u018fliyeva geri qaytar\u0131b. ARANTV.AZ\u00a0axar.az-a istinad\u0259n x\u0259b\u0259r verir ki, bu bar\u0259d\u0259 m\u0259lumat\u0131 \u015fair\u0259 -yazar S\u0259bin\u0259 Yusif qeyd edib. O bildirib ki, Mehriban \u018fliyeva Qaraba\u011f qazisinin problemini tez bir zamanda aradan qald\u0131r\u0131b. &#8220;S\u0259simiz\u0259 Birinci vitse-prezident Mehriban \u018fliyeva s\u0259s verdi. Heyd\u0259r \u018fliyev Fondu Qaraba\u011f qazisi Qurban Qurbanovun evini geri qaytard\u0131. H\u00f6rm\u0259tli Prezidentimiz \u0130lham \u018fliyev, h\u00f6rm\u0259tli Birinci vitse-prezidentimiz Mehriban \u018fliyeva, siz\u0259 Qaraba\u011f qazil\u0259ri ad\u0131ndan, qazaxl\u0131lar ad\u0131ndan d\u0259rin t\u0259\u015f\u0259kk\u00fcr\u00fcm\u00fc bildirir\u0259m&#8221;. Qeyd ed\u0259k&hellip;<\/p>\n","protected":false},"author":2,"featured_media":91523,"comment_status":"closed","ping_status":"closed","sticky":false,"template":"","format":"standard","meta":{"om_disable_all_campaigns":false,"_monsterinsights_skip_tracking":false,"_monsterinsights_sitenote_active":false,"_monsterinsights_sitenote_note":"","_monsterinsights_sitenote_category":0},"categories":[4],"tags":[],"aioseo_notices":[],"gutentor_comment":0,"rttpg_featured_image_url":{"full":["https:\/\/arantv.az\/wp-content\/uploads\/2019\/11\/157259740014068340635dbbee98e1fc2.jpg",549,351,false],"landscape":["https:\/\/arantv.az\/wp-content\/uploads\/2019\/11\/157259740014068340635dbbee98e1fc2.jpg",549,351,false],"portraits":["https:\/\/arantv.az\/wp-content\/uploads\/2019\/11\/157259740014068340635dbbee98e1fc2.jpg",549,351,false],"thumbnail":["https:\/\/arantv.az\/wp-content\/uploads\/2019\/11\/157259740014068340635dbbee98e1fc2-150x150.jpg",150,150,true],"medium":["https:\/\/arantv.az\/wp-content\/uploads\/2019\/11\/157259740014068340635dbbee98e1fc2-300x192.jpg",300,192,true],"large":["https:\/\/arantv.az\/wp-content\/uploads\/2019\/11\/157259740014068340635dbbee98e1fc2.jpg",549,351,false],"1536x1536":["https:\/\/arantv.az\/wp-content\/uploads\/2019\/11\/157259740014068340635dbbee98e1fc2.jpg",549,351,false],"2048x2048":["https:\/\/arantv.az\/wp-content\/uploads\/2019\/11\/157259740014068340635dbbee98e1fc2.jpg",549,351,false],"post-thumbnail":["https:\/\/arantv.az\/wp-content\/uploads\/2019\/11\/157259740014068340635dbbee98e1fc2-240x172.jpg",240,172,true],"advps-thumb-one":["https:\/\/arantv.az\/wp-content\/uploads\/2019\/11\/157259740014068340635dbbee98e1fc2.jpg",549,351,false]},"rttpg_author":{"display_name":"V\u00fcsal Rafiqo\u011flu","author_link":"https:\/\/arantv.az\/?author=2"},"rttpg_comment":0,"rttpg_category":"<a href=\"https:\/\/arantv.az\/?cat=4\" rel=\"category\">Siyas\u0259t<\/a>","rttpg_excerpt":"2014-c\u00fc ild\u0259 &#8220;Xalq Bank&#8221;dan ald\u0131\u011f\u0131 krediti \u00f6d\u0259y\u0259 bilm\u0259m\u0259si s\u0259b\u0259bind\u0259n d\u00f6vl\u0259t t\u0259r\u0259find\u0259n veril\u0259n evin\u0259 h\u0259bs qoyulan Qaraba\u011f qazisi Qurban Qurbanovun evini Birinci vitse-prezident Mehriban \u018fliyeva geri qaytar\u0131b. ARANTV.AZ\u00a0axar.az-a istinad\u0259n x\u0259b\u0259r verir ki, bu bar\u0259d\u0259 m\u0259lumat\u0131 \u015fair\u0259 -yazar S\u0259bin\u0259 Yusif qeyd edib. O bildirib ki, Mehriban \u018fliyeva Qaraba\u011f qazisinin problemini tez bir zamanda aradan qald\u0131r\u0131b. &#8220;S\u0259simiz\u0259 Birinci&hellip;","_links":{"self":[{"href":"https:\/\/arantv.az\/index.php?rest_route=\/wp\/v2\/posts\/91522"}],"collection":[{"href":"https:\/\/arantv.az\/index.php?rest_route=\/wp\/v2\/posts"}],"about":[{"href":"https:\/\/arantv.az\/index.php?rest_route=\/wp\/v2\/types\/post"}],"author":[{"embeddable":true,"href":"https:\/\/arantv.az\/index.php?rest_route=\/wp\/v2\/users\/2"}],"replies":[{"embeddable":true,"href":"https:\/\/arantv.az\/index.php?rest_route=%2Fwp%2Fv2%2Fcomments&post=91522"}],"version-history":[{"count":0,"href":"https:\/\/arantv.az\/index.php?rest_route=\/wp\/v2\/posts\/91522\/revisions"}],"wp:featuredmedia":[{"embeddable":true,"href":"https:\/\/arantv.az\/index.php?rest_route=\/wp\/v2\/media\/91523"}],"wp:attachment":[{"href":"https:\/\/arantv.az\/index.php?rest_route=%2Fwp%2Fv2%2Fmedia&parent=91522"}],"wp:term":[{"taxonomy":"category","embeddable":true,"href":"https:\/\/arantv.az\/index.php?rest_route=%2Fwp%2Fv2%2Fcategories&post=91522"},{"taxonomy":"post_tag","embeddable":true,"href":"https:\/\/arantv.az\/index.php?rest_route=%2Fwp%2Fv2%2Ftags&post=91522"}],"curies":[{"name":"wp","href":"https:\/\/api.w.org\/{rel}","templated":true}]}}