{"id":91551,"date":"2019-11-01T12:52:31","date_gmt":"2019-11-01T09:52:31","guid":{"rendered":"http:\/\/arantv.az\/?p=91551"},"modified":"2019-11-01T12:52:31","modified_gmt":"2019-11-01T09:52:31","slug":"prezident-administrasiyasinin-yeni-r%c9%99hb%c9%99ri-kimdir-dosye","status":"publish","type":"post","link":"https:\/\/arantv.az\/?p=91551","title":{"rendered":"Prezident Administrasiyas\u0131n\u0131n yeni r\u0259hb\u0259ri kimdir? &#8211; DOSYE"},"content":{"rendered":"<p>Prezident \u0130lham \u018fliyev Az\u0259rbaycan Respublikas\u0131 Prezidentinin Administrasiyas\u0131n\u0131n r\u0259hb\u0259rinin t\u0259yin edilm\u0259si haqq\u0131nda s\u0259r\u0259ncam imzalay\u0131b.<\/p>\n<p>S\u0259r\u0259ncama \u0259sas\u0259n, Samir Rafiq o\u011flu Nuriyev Az\u0259rbaycan Respublikas\u0131 Prezidentinin Administrasiyas\u0131n\u0131n r\u0259hb\u0259ri t\u0259yin edilib. O, bu v\u0259zif\u0259d\u0259 Ramiz Mehdiyevi \u0259v\u0259zl\u0259yib.<\/p>\n<p><b>ARANTV.AZ\u00a0<\/b> yeni r\u0259hb\u0259rin dosyesini t\u0259qdim edir.<\/p>\n<div id=\"AdviadNativeVideo0\" class=\"AdviadNativeVideo\"><\/div>\n<p>Samir Nuriyev 1975-ci il mart\u0131n 9-da Bak\u0131 \u015f\u0259h\u0259rind\u0259 anadan olub.<\/p>\n<p>O, 1991-ci ild\u0259 Az\u0259rbaycan Texniki Universitetin\u0259 daxil olaraq 1996-c\u0131 ild\u0259 h\u0259min Universitetin M\u00fch\u0259ndis biznesi v\u0259 menecment fak\u00fclt\u0259sini m\u00fch\u0259ndis-iqtisad\u00e7\u0131 ixtisas\u0131 \u00fczr\u0259 f\u0259rql\u0259nm\u0259 diplomu il\u0259 bitirib.<\/p>\n<p>2003-2005-ci ill\u0259rd\u0259 t\u0259hsilini AB\u015e-\u0131n Dyuk Universitetind\u0259 davam etdir\u0259r\u0259k Beyn\u0259lxalq \u0130nki\u015faf Siyas\u0259ti \u00fczr\u0259 magistr d\u0259r\u0259c\u0259sini \u0259ld\u0259 edib.<\/p>\n<p>1996-2003-c\u00fc ill\u0259rd\u0259 Samir Nuriyev m\u00fc\u0445t\u0259lif \u00f6z\u0259l \u015firk\u0259tl\u0259rd\u0259 v\u0259 beyn\u0259lxalq t\u0259\u015fkilatlarda iqtisad\u00e7\u0131, marketinq \u00fczr\u0259 menecer v\u0259 layih\u0259 koordinatoru v\u0259zif\u0259l\u0259rind\u0259 \u00e7al\u0131\u015f\u0131b, o c\u00fcml\u0259d\u0259n, 2000-2001-ci ill\u0259rd\u0259 BMT \u0130nki\u015faf Proqram\u0131n\u0131n Az\u0259rbaycan ofisind\u0259 biznes-m\u0259sl\u0259h\u0259t\u00e7i v\u0259zif\u0259sind\u0259 \u00e7al\u0131\u015f\u0131b.<\/p>\n<p>2006-c\u0131 ild\u0259 o, Az\u0259rbaycan Respublikas\u0131 \u0130qtisadi \u0130nki\u015faf Nazirliyind\u0259 Sahibkarl\u0131\u011f\u0131n inki\u015faf\u0131 departamentinin direktoru v\u0259zif\u0259sin\u0259 t\u0259yin edilib.<\/p>\n<p>Az\u0259rbaycan Respublikas\u0131 Prezidentinin m\u00fcvafiq s\u0259r\u0259ncamlar\u0131na \u0259sas\u0259n, Samir Nuriyev 2009-cu ild\u0259\u00a0Nazirl\u0259r Kabineti yan\u0131nda \u201c\u0130\u00e7\u0259ri\u015f\u0259h\u0259r\u201d D\u00f6vl\u0259t Tarix-Memarl\u0131q Qoru\u011fu \u0130dar\u0259sinin r\u0259is m\u00fcavini, 2013-c\u00fc ild\u0259 is\u0259 h\u0259min \u0130dar\u0259nin r\u0259isi v\u0259zif\u0259sin\u0259 t\u0259yin olunub.<\/p>\n<p>\u00d6lk\u0259 ba\u015f\u00e7\u0131s\u0131n\u0131n 12 aprel 2016-c\u0131 il tarixli m\u00fcvafiq S\u0259r\u0259ncam\u0131 il\u0259 Az\u0259rbaycan Respublikas\u0131n\u0131n Prezidenti yan\u0131nda M\u0259nzil \u0130n\u015faat\u0131 D\u00f6vl\u0259t Agentliyinin direktoru v\u0259zif\u0259sin\u0259 t\u0259yin edilib.<\/p>\n<p>Az\u0259rbaycan Respublikas\u0131 Prezidentinin 14 fevral 2018-ci il-ci il tarixli S\u0259r\u0259ncam\u0131 il\u0259 Az\u0259rbaycan Respublikas\u0131n\u0131n M\u0259nzil \u0130n\u015faat\u0131 D\u00f6vl\u0259t Agentliyinin \u0130dar\u0259 Hey\u0259tinin s\u0259dri t\u0259yin edilib.<\/p>\n<p>\u0130lham \u018fliyevin 21 aprel 2018-ci il-ci il tarixli s\u0259r\u0259ncam\u0131 il\u0259 Az\u0259rbaycan Respublikas\u0131 D\u00f6vl\u0259t \u015e\u0259h\u0259rsalma v\u0259 Arxitektura Komit\u0259sinin s\u0259dri t\u0259yin olunub.<\/p>\n<p>2015-ci ild\u0259n Az\u0259rbaycan Memarlar \u0130ttifaq\u0131n\u0131n f\u0259xri \u00fczv\u00fcd\u00fcr.<\/p>\n<p>Evlidir, iki u\u015fa\u011f\u0131 var.<\/p>\n<p>oxu.az<\/p>\n","protected":false},"excerpt":{"rendered":"<p>Prezident \u0130lham \u018fliyev Az\u0259rbaycan Respublikas\u0131 Prezidentinin Administrasiyas\u0131n\u0131n r\u0259hb\u0259rinin t\u0259yin edilm\u0259si haqq\u0131nda s\u0259r\u0259ncam imzalay\u0131b. S\u0259r\u0259ncama \u0259sas\u0259n, Samir Rafiq o\u011flu Nuriyev Az\u0259rbaycan Respublikas\u0131 Prezidentinin Administrasiyas\u0131n\u0131n r\u0259hb\u0259ri t\u0259yin edilib. O, bu v\u0259zif\u0259d\u0259 Ramiz Mehdiyevi \u0259v\u0259zl\u0259yib. ARANTV.AZ\u00a0 yeni r\u0259hb\u0259rin dosyesini t\u0259qdim edir. Samir Nuriyev 1975-ci il mart\u0131n 9-da Bak\u0131 \u015f\u0259h\u0259rind\u0259 anadan olub. O, 1991-ci ild\u0259 Az\u0259rbaycan Texniki Universitetin\u0259 daxil olaraq 1996-c\u0131 ild\u0259 h\u0259min Universitetin M\u00fch\u0259ndis biznesi v\u0259 menecment fak\u00fclt\u0259sini m\u00fch\u0259ndis-iqtisad\u00e7\u0131 ixtisas\u0131 \u00fczr\u0259 f\u0259rql\u0259nm\u0259 diplomu il\u0259 bitirib. 2003-2005-ci ill\u0259rd\u0259 t\u0259hsilini AB\u015e-\u0131n Dyuk Universitetind\u0259 davam etdir\u0259r\u0259k Beyn\u0259lxalq \u0130nki\u015faf Siyas\u0259ti \u00fczr\u0259 magistr d\u0259r\u0259c\u0259sini \u0259ld\u0259 edib. 1996-2003-c\u00fc ill\u0259rd\u0259&hellip;<\/p>\n","protected":false},"author":2,"featured_media":91552,"comment_status":"closed","ping_status":"closed","sticky":false,"template":"","format":"standard","meta":{"om_disable_all_campaigns":false,"_monsterinsights_skip_tracking":false,"_monsterinsights_sitenote_active":false,"_monsterinsights_sitenote_note":"","_monsterinsights_sitenote_category":0},"categories":[4],"tags":[],"aioseo_notices":[],"gutentor_comment":0,"rttpg_featured_image_url":{"full":["https:\/\/arantv.az\/wp-content\/uploads\/2019\/11\/FotoJet-3.jpg",620,465,false],"landscape":["https:\/\/arantv.az\/wp-content\/uploads\/2019\/11\/FotoJet-3.jpg",620,465,false],"portraits":["https:\/\/arantv.az\/wp-content\/uploads\/2019\/11\/FotoJet-3.jpg",620,465,false],"thumbnail":["https:\/\/arantv.az\/wp-content\/uploads\/2019\/11\/FotoJet-3-150x150.jpg",150,150,true],"medium":["https:\/\/arantv.az\/wp-content\/uploads\/2019\/11\/FotoJet-3-300x225.jpg",300,225,true],"large":["https:\/\/arantv.az\/wp-content\/uploads\/2019\/11\/FotoJet-3.jpg",620,465,false],"1536x1536":["https:\/\/arantv.az\/wp-content\/uploads\/2019\/11\/FotoJet-3.jpg",620,465,false],"2048x2048":["https:\/\/arantv.az\/wp-content\/uploads\/2019\/11\/FotoJet-3.jpg",620,465,false],"post-thumbnail":["https:\/\/arantv.az\/wp-content\/uploads\/2019\/11\/FotoJet-3-240x172.jpg",240,172,true],"advps-thumb-one":["https:\/\/arantv.az\/wp-content\/uploads\/2019\/11\/FotoJet-3.jpg",620,465,false]},"rttpg_author":{"display_name":"V\u00fcsal Rafiqo\u011flu","author_link":"https:\/\/arantv.az\/?author=2"},"rttpg_comment":0,"rttpg_category":"<a href=\"https:\/\/arantv.az\/?cat=4\" rel=\"category\">Siyas\u0259t<\/a>","rttpg_excerpt":"Prezident \u0130lham \u018fliyev Az\u0259rbaycan Respublikas\u0131 Prezidentinin Administrasiyas\u0131n\u0131n r\u0259hb\u0259rinin t\u0259yin edilm\u0259si haqq\u0131nda s\u0259r\u0259ncam imzalay\u0131b. S\u0259r\u0259ncama \u0259sas\u0259n, Samir Rafiq o\u011flu Nuriyev Az\u0259rbaycan Respublikas\u0131 Prezidentinin Administrasiyas\u0131n\u0131n r\u0259hb\u0259ri t\u0259yin edilib. O, bu v\u0259zif\u0259d\u0259 Ramiz Mehdiyevi \u0259v\u0259zl\u0259yib. ARANTV.AZ\u00a0 yeni r\u0259hb\u0259rin dosyesini t\u0259qdim edir. Samir Nuriyev 1975-ci il mart\u0131n 9-da Bak\u0131 \u015f\u0259h\u0259rind\u0259 anadan olub. O, 1991-ci ild\u0259 Az\u0259rbaycan Texniki Universitetin\u0259 daxil&hellip;","_links":{"self":[{"href":"https:\/\/arantv.az\/index.php?rest_route=\/wp\/v2\/posts\/91551"}],"collection":[{"href":"https:\/\/arantv.az\/index.php?rest_route=\/wp\/v2\/posts"}],"about":[{"href":"https:\/\/arantv.az\/index.php?rest_route=\/wp\/v2\/types\/post"}],"author":[{"embeddable":true,"href":"https:\/\/arantv.az\/index.php?rest_route=\/wp\/v2\/users\/2"}],"replies":[{"embeddable":true,"href":"https:\/\/arantv.az\/index.php?rest_route=%2Fwp%2Fv2%2Fcomments&post=91551"}],"version-history":[{"count":0,"href":"https:\/\/arantv.az\/index.php?rest_route=\/wp\/v2\/posts\/91551\/revisions"}],"wp:featuredmedia":[{"embeddable":true,"href":"https:\/\/arantv.az\/index.php?rest_route=\/wp\/v2\/media\/91552"}],"wp:attachment":[{"href":"https:\/\/arantv.az\/index.php?rest_route=%2Fwp%2Fv2%2Fmedia&parent=91551"}],"wp:term":[{"taxonomy":"category","embeddable":true,"href":"https:\/\/arantv.az\/index.php?rest_route=%2Fwp%2Fv2%2Fcategories&post=91551"},{"taxonomy":"post_tag","embeddable":true,"href":"https:\/\/arantv.az\/index.php?rest_route=%2Fwp%2Fv2%2Ftags&post=91551"}],"curies":[{"name":"wp","href":"https:\/\/api.w.org\/{rel}","templated":true}]}}