{"id":91567,"date":"2019-11-01T12:57:23","date_gmt":"2019-11-01T09:57:23","guid":{"rendered":"http:\/\/arantv.az\/?p=91567"},"modified":"2019-11-01T12:57:23","modified_gmt":"2019-11-01T09:57:23","slug":"elmira-suleymanova-isd%c9%99n-azad-olunmagimla-bagli-prezidentin-r%c9%99smi-q%c9%99rarini-gozl%c9%99yir%c9%99m","status":"publish","type":"post","link":"https:\/\/arantv.az\/?p=91567","title":{"rendered":"Elmira S\u00fcleymanova: \u0130\u015fd\u0259n azad olunma\u011f\u0131mla ba\u011fl\u0131 Prezidentin r\u0259smi q\u0259rar\u0131n\u0131 g\u00f6zl\u0259yir\u0259m"},"content":{"rendered":"<p>\u0130\u015fd\u0259n azad olunma\u011f\u0131mla ba\u011fl\u0131 Prezident \u0130lham \u018fliyevin r\u0259smi q\u0259rar\u0131n\u0131 g\u00f6zl\u0259yir\u0259m.<\/p>\n<p><b>ARANTV.AZ<\/b>-\u0131n m\u0259lumat\u0131na g\u00f6r\u0259, bunu Az\u0259rbaycan\u0131n \u0130nsan H\u00fcquqlar\u0131 \u00fczr\u0259 M\u00fcv\u0259kkili (Ombudsman) Elmira S\u00fcleymanova jurnalistl\u0259r\u0259 a\u00e7\u0131qlamas\u0131nda sosial \u015f\u0259b\u0259k\u0259l\u0259rd\u0259 ya\u015fl\u0131 n\u0259slin n\u00fcmay\u0259nd\u0259si oldu\u011fu \u00fc\u00e7\u00fcn onun da istefa verm\u0259sinin m\u0259qs\u0259d\u0259uy\u011fun hesab edilm\u0259si il\u0259 ba\u011fl\u0131 yay\u0131lan m\u0259lumatlara m\u00fcnasib\u0259t bildir\u0259rk\u0259n deyib.<\/p>\n<p>E.S\u00fcleymanova bildirib ki, sosial \u015f\u0259b\u0259k\u0259l\u0259rd\u0259 onun ad\u0131n\u0131n halland\u0131r\u0131lmas\u0131 ba\u015fqa bir m\u0259s\u0259l\u0259dir:<\/p>\n<div id=\"AdviadNativeVideo0\" class=\"AdviadNativeVideo\"><\/div>\n<p>\u201cM\u0259n bu m\u00f6vzuda dan\u0131\u015fm\u0131ram, \u00e7\u00fcnki g\u00f6r\u00fcr\u0259m ki, kims\u0259 s\u0259mimi s\u00f6z dey\u0259nd\u0259 ona don geyindirirl\u0259r. Ya\u015fl\u0131 \u015f\u0259xsl\u0259rd\u0259n biri bu m\u0259s\u0259l\u0259 il\u0259 ba\u011fl\u0131 dan\u0131\u015fanda \u201cr\u0259smi q\u0259rar\u0131 g\u00f6zl\u0259yir\u0259m\u201d\u00a0dedi.<\/p>\n<p>M\u0259n bu yana\u015fman\u0131 v\u0259 fikri \u00e7ox b\u0259y\u0259ndim. M\u0259n d\u0259 q\u0131sa olaraq deyim ki, c\u0259nab Prezidentin r\u0259smi q\u0259rar\u0131n\u0131 g\u00f6zl\u0259yir\u0259m\u201d.oxu.az<\/p>\n","protected":false},"excerpt":{"rendered":"<p>\u0130\u015fd\u0259n azad olunma\u011f\u0131mla ba\u011fl\u0131 Prezident \u0130lham \u018fliyevin r\u0259smi q\u0259rar\u0131n\u0131 g\u00f6zl\u0259yir\u0259m. ARANTV.AZ-\u0131n m\u0259lumat\u0131na g\u00f6r\u0259, bunu Az\u0259rbaycan\u0131n \u0130nsan H\u00fcquqlar\u0131 \u00fczr\u0259 M\u00fcv\u0259kkili (Ombudsman) Elmira S\u00fcleymanova jurnalistl\u0259r\u0259 a\u00e7\u0131qlamas\u0131nda sosial \u015f\u0259b\u0259k\u0259l\u0259rd\u0259 ya\u015fl\u0131 n\u0259slin n\u00fcmay\u0259nd\u0259si oldu\u011fu \u00fc\u00e7\u00fcn onun da istefa verm\u0259sinin m\u0259qs\u0259d\u0259uy\u011fun hesab edilm\u0259si il\u0259 ba\u011fl\u0131 yay\u0131lan m\u0259lumatlara m\u00fcnasib\u0259t bildir\u0259rk\u0259n deyib. E.S\u00fcleymanova bildirib ki, sosial \u015f\u0259b\u0259k\u0259l\u0259rd\u0259 onun ad\u0131n\u0131n halland\u0131r\u0131lmas\u0131 ba\u015fqa bir m\u0259s\u0259l\u0259dir: \u201cM\u0259n bu m\u00f6vzuda dan\u0131\u015fm\u0131ram, \u00e7\u00fcnki g\u00f6r\u00fcr\u0259m ki, kims\u0259 s\u0259mimi s\u00f6z dey\u0259nd\u0259 ona don geyindirirl\u0259r. Ya\u015fl\u0131 \u015f\u0259xsl\u0259rd\u0259n biri bu m\u0259s\u0259l\u0259 il\u0259 ba\u011fl\u0131 dan\u0131\u015fanda \u201cr\u0259smi q\u0259rar\u0131 g\u00f6zl\u0259yir\u0259m\u201d\u00a0dedi. M\u0259n bu yana\u015fman\u0131 v\u0259 fikri \u00e7ox b\u0259y\u0259ndim. M\u0259n d\u0259&hellip;<\/p>\n","protected":false},"author":2,"featured_media":91568,"comment_status":"closed","ping_status":"closed","sticky":false,"template":"","format":"standard","meta":{"om_disable_all_campaigns":false,"_monsterinsights_skip_tracking":false,"_monsterinsights_sitenote_active":false,"_monsterinsights_sitenote_note":"","_monsterinsights_sitenote_category":0},"categories":[1],"tags":[],"aioseo_notices":[],"gutentor_comment":0,"rttpg_featured_image_url":{"full":["https:\/\/arantv.az\/wp-content\/uploads\/2019\/11\/elmira.jpg",620,389,false],"landscape":["https:\/\/arantv.az\/wp-content\/uploads\/2019\/11\/elmira.jpg",620,389,false],"portraits":["https:\/\/arantv.az\/wp-content\/uploads\/2019\/11\/elmira.jpg",620,389,false],"thumbnail":["https:\/\/arantv.az\/wp-content\/uploads\/2019\/11\/elmira-150x150.jpg",150,150,true],"medium":["https:\/\/arantv.az\/wp-content\/uploads\/2019\/11\/elmira-300x188.jpg",300,188,true],"large":["https:\/\/arantv.az\/wp-content\/uploads\/2019\/11\/elmira.jpg",620,389,false],"1536x1536":["https:\/\/arantv.az\/wp-content\/uploads\/2019\/11\/elmira.jpg",620,389,false],"2048x2048":["https:\/\/arantv.az\/wp-content\/uploads\/2019\/11\/elmira.jpg",620,389,false],"post-thumbnail":["https:\/\/arantv.az\/wp-content\/uploads\/2019\/11\/elmira-240x172.jpg",240,172,true],"advps-thumb-one":["https:\/\/arantv.az\/wp-content\/uploads\/2019\/11\/elmira.jpg",620,389,false]},"rttpg_author":{"display_name":"V\u00fcsal Rafiqo\u011flu","author_link":"https:\/\/arantv.az\/?author=2"},"rttpg_comment":0,"rttpg_category":"<a href=\"https:\/\/arantv.az\/?cat=1\" rel=\"category\">C\u0259miyy\u0259t<\/a>","rttpg_excerpt":"\u0130\u015fd\u0259n azad olunma\u011f\u0131mla ba\u011fl\u0131 Prezident \u0130lham \u018fliyevin r\u0259smi q\u0259rar\u0131n\u0131 g\u00f6zl\u0259yir\u0259m. ARANTV.AZ-\u0131n m\u0259lumat\u0131na g\u00f6r\u0259, bunu Az\u0259rbaycan\u0131n \u0130nsan H\u00fcquqlar\u0131 \u00fczr\u0259 M\u00fcv\u0259kkili (Ombudsman) Elmira S\u00fcleymanova jurnalistl\u0259r\u0259 a\u00e7\u0131qlamas\u0131nda sosial \u015f\u0259b\u0259k\u0259l\u0259rd\u0259 ya\u015fl\u0131 n\u0259slin n\u00fcmay\u0259nd\u0259si oldu\u011fu \u00fc\u00e7\u00fcn onun da istefa verm\u0259sinin m\u0259qs\u0259d\u0259uy\u011fun hesab edilm\u0259si il\u0259 ba\u011fl\u0131 yay\u0131lan m\u0259lumatlara m\u00fcnasib\u0259t bildir\u0259rk\u0259n deyib. E.S\u00fcleymanova bildirib ki, sosial \u015f\u0259b\u0259k\u0259l\u0259rd\u0259 onun ad\u0131n\u0131n halland\u0131r\u0131lmas\u0131 ba\u015fqa bir&hellip;","_links":{"self":[{"href":"https:\/\/arantv.az\/index.php?rest_route=\/wp\/v2\/posts\/91567"}],"collection":[{"href":"https:\/\/arantv.az\/index.php?rest_route=\/wp\/v2\/posts"}],"about":[{"href":"https:\/\/arantv.az\/index.php?rest_route=\/wp\/v2\/types\/post"}],"author":[{"embeddable":true,"href":"https:\/\/arantv.az\/index.php?rest_route=\/wp\/v2\/users\/2"}],"replies":[{"embeddable":true,"href":"https:\/\/arantv.az\/index.php?rest_route=%2Fwp%2Fv2%2Fcomments&post=91567"}],"version-history":[{"count":0,"href":"https:\/\/arantv.az\/index.php?rest_route=\/wp\/v2\/posts\/91567\/revisions"}],"wp:featuredmedia":[{"embeddable":true,"href":"https:\/\/arantv.az\/index.php?rest_route=\/wp\/v2\/media\/91568"}],"wp:attachment":[{"href":"https:\/\/arantv.az\/index.php?rest_route=%2Fwp%2Fv2%2Fmedia&parent=91567"}],"wp:term":[{"taxonomy":"category","embeddable":true,"href":"https:\/\/arantv.az\/index.php?rest_route=%2Fwp%2Fv2%2Fcategories&post=91567"},{"taxonomy":"post_tag","embeddable":true,"href":"https:\/\/arantv.az\/index.php?rest_route=%2Fwp%2Fv2%2Ftags&post=91567"}],"curies":[{"name":"wp","href":"https:\/\/api.w.org\/{rel}","templated":true}]}}