{"id":91571,"date":"2019-11-01T12:58:30","date_gmt":"2019-11-01T09:58:30","guid":{"rendered":"http:\/\/arantv.az\/?p=91571"},"modified":"2019-11-01T12:58:30","modified_gmt":"2019-11-01T09:58:30","slug":"m%c9%99rk%c9%99zi-bankdan-elektron-ticar%c9%99tl%c9%99-bagli-yeni-t%c9%99klifl%c9%99r","status":"publish","type":"post","link":"https:\/\/arantv.az\/?p=91571","title":{"rendered":"M\u0259rk\u0259zi Bankdan elektron ticar\u0259tl\u0259 ba\u011fl\u0131 yeni &#8211; T\u018fKL\u0130FL\u018fR"},"content":{"rendered":"<p>M\u0259rk\u0259zi Bank elektron ticar\u0259td\u0259 t\u0259tbiq edil\u0259n \u018fDV-nin bu ticar\u0259t\u0259 m\u0259nfi t\u0259siri il\u0259 ba\u011fl\u0131 Vergil\u0259r Nazirliyi il\u0259 dan\u0131\u015f\u0131qlar apar\u0131r.<\/p>\n<p><strong>ARANTV.AZ\u00a0<\/strong>x\u0259b\u0259r verir ki, bunu jurnalistl\u0259r\u0259 a\u00e7\u0131qlamas\u0131nda Az\u0259rbaycan M\u0259rk\u0259zi Bank\u0131n\u0131n (AMB) s\u0259drinin birinci m\u00fcavini Alim Quliyev deyib.<\/p>\n<p>A.Quliyev AMB-nin bu bar\u0259d\u0259 t\u0259klifl\u0259rini diqq\u0259t\u0259 \u00e7atd\u0131r\u0131b:<\/p>\n<div id=\"AdviadNativeVideo0\" class=\"AdviadNativeVideo\"><\/div>\n<p>\u201cNa\u011fds\u0131z c\u0259miyy\u0259td\u0259n, k\u00f6lg\u0259 iqtisadiyyat\u0131ndan dan\u0131\u015fanda vergi inzibat\u00e7\u0131l\u0131\u011f\u0131n\u0131n m\u00fcasirl\u0259\u015fdirilm\u0259si \u00e7ox m\u00fch\u00fcm m\u0259s\u0259l\u0259dir. Son ill\u0259r Vergil\u0259r Nazirliyi t\u0259r\u0259find\u0259n bu istiqam\u0259td\u0259 \u00e7oxlu islahatlar h\u0259yata ke\u00e7irilir.<\/p>\n<p>Qald\u0131 elektron ticar\u0259td\u0259 vergil\u0259rin t\u0259tbiqinin bir \u0259ng\u0259l\u00a0olmas\u0131 m\u0259s\u0259l\u0259sin\u0259, biz daim Vergil\u0259r Nazirliyi il\u0259 qar\u015f\u0131l\u0131ql\u0131 m\u00fczakir\u0259l\u0259r apar\u0131r\u0131q v\u0259 bu m\u0259s\u0259l\u0259 g\u00fcnd\u0259md\u0259dir\u201d.oxu.az<\/p>\n","protected":false},"excerpt":{"rendered":"<p>M\u0259rk\u0259zi Bank elektron ticar\u0259td\u0259 t\u0259tbiq edil\u0259n \u018fDV-nin bu ticar\u0259t\u0259 m\u0259nfi t\u0259siri il\u0259 ba\u011fl\u0131 Vergil\u0259r Nazirliyi il\u0259 dan\u0131\u015f\u0131qlar apar\u0131r. ARANTV.AZ\u00a0x\u0259b\u0259r verir ki, bunu jurnalistl\u0259r\u0259 a\u00e7\u0131qlamas\u0131nda Az\u0259rbaycan M\u0259rk\u0259zi Bank\u0131n\u0131n (AMB) s\u0259drinin birinci m\u00fcavini Alim Quliyev deyib. A.Quliyev AMB-nin bu bar\u0259d\u0259 t\u0259klifl\u0259rini diqq\u0259t\u0259 \u00e7atd\u0131r\u0131b: \u201cNa\u011fds\u0131z c\u0259miyy\u0259td\u0259n, k\u00f6lg\u0259 iqtisadiyyat\u0131ndan dan\u0131\u015fanda vergi inzibat\u00e7\u0131l\u0131\u011f\u0131n\u0131n m\u00fcasirl\u0259\u015fdirilm\u0259si \u00e7ox m\u00fch\u00fcm m\u0259s\u0259l\u0259dir. Son ill\u0259r Vergil\u0259r Nazirliyi t\u0259r\u0259find\u0259n bu istiqam\u0259td\u0259 \u00e7oxlu islahatlar h\u0259yata ke\u00e7irilir. Qald\u0131 elektron ticar\u0259td\u0259 vergil\u0259rin t\u0259tbiqinin bir \u0259ng\u0259l\u00a0olmas\u0131 m\u0259s\u0259l\u0259sin\u0259, biz daim Vergil\u0259r Nazirliyi il\u0259 qar\u015f\u0131l\u0131ql\u0131 m\u00fczakir\u0259l\u0259r apar\u0131r\u0131q v\u0259 bu m\u0259s\u0259l\u0259 g\u00fcnd\u0259md\u0259dir\u201d.oxu.az<\/p>\n","protected":false},"author":2,"featured_media":91572,"comment_status":"closed","ping_status":"closed","sticky":false,"template":"","format":"standard","meta":{"om_disable_all_campaigns":false,"_monsterinsights_skip_tracking":false,"_monsterinsights_sitenote_active":false,"_monsterinsights_sitenote_note":"","_monsterinsights_sitenote_category":0},"categories":[1],"tags":[],"aioseo_notices":[],"gutentor_comment":0,"rttpg_featured_image_url":{"full":["https:\/\/arantv.az\/wp-content\/uploads\/2019\/11\/tyyy.jpg",610,380,false],"landscape":["https:\/\/arantv.az\/wp-content\/uploads\/2019\/11\/tyyy.jpg",610,380,false],"portraits":["https:\/\/arantv.az\/wp-content\/uploads\/2019\/11\/tyyy.jpg",610,380,false],"thumbnail":["https:\/\/arantv.az\/wp-content\/uploads\/2019\/11\/tyyy-150x150.jpg",150,150,true],"medium":["https:\/\/arantv.az\/wp-content\/uploads\/2019\/11\/tyyy-300x187.jpg",300,187,true],"large":["https:\/\/arantv.az\/wp-content\/uploads\/2019\/11\/tyyy.jpg",610,380,false],"1536x1536":["https:\/\/arantv.az\/wp-content\/uploads\/2019\/11\/tyyy.jpg",610,380,false],"2048x2048":["https:\/\/arantv.az\/wp-content\/uploads\/2019\/11\/tyyy.jpg",610,380,false],"post-thumbnail":["https:\/\/arantv.az\/wp-content\/uploads\/2019\/11\/tyyy-240x172.jpg",240,172,true],"advps-thumb-one":["https:\/\/arantv.az\/wp-content\/uploads\/2019\/11\/tyyy.jpg",610,380,false]},"rttpg_author":{"display_name":"V\u00fcsal Rafiqo\u011flu","author_link":"https:\/\/arantv.az\/?author=2"},"rttpg_comment":0,"rttpg_category":"<a href=\"https:\/\/arantv.az\/?cat=1\" rel=\"category\">C\u0259miyy\u0259t<\/a>","rttpg_excerpt":"M\u0259rk\u0259zi Bank elektron ticar\u0259td\u0259 t\u0259tbiq edil\u0259n \u018fDV-nin bu ticar\u0259t\u0259 m\u0259nfi t\u0259siri il\u0259 ba\u011fl\u0131 Vergil\u0259r Nazirliyi il\u0259 dan\u0131\u015f\u0131qlar apar\u0131r. ARANTV.AZ\u00a0x\u0259b\u0259r verir ki, bunu jurnalistl\u0259r\u0259 a\u00e7\u0131qlamas\u0131nda Az\u0259rbaycan M\u0259rk\u0259zi Bank\u0131n\u0131n (AMB) s\u0259drinin birinci m\u00fcavini Alim Quliyev deyib. A.Quliyev AMB-nin bu bar\u0259d\u0259 t\u0259klifl\u0259rini diqq\u0259t\u0259 \u00e7atd\u0131r\u0131b: \u201cNa\u011fds\u0131z c\u0259miyy\u0259td\u0259n, k\u00f6lg\u0259 iqtisadiyyat\u0131ndan dan\u0131\u015fanda vergi inzibat\u00e7\u0131l\u0131\u011f\u0131n\u0131n m\u00fcasirl\u0259\u015fdirilm\u0259si \u00e7ox m\u00fch\u00fcm m\u0259s\u0259l\u0259dir. Son ill\u0259r Vergil\u0259r&hellip;","_links":{"self":[{"href":"https:\/\/arantv.az\/index.php?rest_route=\/wp\/v2\/posts\/91571"}],"collection":[{"href":"https:\/\/arantv.az\/index.php?rest_route=\/wp\/v2\/posts"}],"about":[{"href":"https:\/\/arantv.az\/index.php?rest_route=\/wp\/v2\/types\/post"}],"author":[{"embeddable":true,"href":"https:\/\/arantv.az\/index.php?rest_route=\/wp\/v2\/users\/2"}],"replies":[{"embeddable":true,"href":"https:\/\/arantv.az\/index.php?rest_route=%2Fwp%2Fv2%2Fcomments&post=91571"}],"version-history":[{"count":0,"href":"https:\/\/arantv.az\/index.php?rest_route=\/wp\/v2\/posts\/91571\/revisions"}],"wp:featuredmedia":[{"embeddable":true,"href":"https:\/\/arantv.az\/index.php?rest_route=\/wp\/v2\/media\/91572"}],"wp:attachment":[{"href":"https:\/\/arantv.az\/index.php?rest_route=%2Fwp%2Fv2%2Fmedia&parent=91571"}],"wp:term":[{"taxonomy":"category","embeddable":true,"href":"https:\/\/arantv.az\/index.php?rest_route=%2Fwp%2Fv2%2Fcategories&post=91571"},{"taxonomy":"post_tag","embeddable":true,"href":"https:\/\/arantv.az\/index.php?rest_route=%2Fwp%2Fv2%2Ftags&post=91571"}],"curies":[{"name":"wp","href":"https:\/\/api.w.org\/{rel}","templated":true}]}}