{"id":91595,"date":"2019-11-01T13:28:50","date_gmt":"2019-11-01T10:28:50","guid":{"rendered":"http:\/\/arantv.az\/?p=91595"},"modified":"2019-11-01T13:28:50","modified_gmt":"2019-11-01T10:28:50","slug":"muxtar-babayev-x%c9%99z%c9%99r%c9%99-cirkli-su-axidilir-c%c9%99miyy%c9%99t-gozl%c9%99yir-ki-nazirlik-t%c9%99dbir-gorsun","status":"publish","type":"post","link":"https:\/\/arantv.az\/?p=91595","title":{"rendered":"Muxtar Babayev: X\u0259z\u0259r\u0259 \u00e7irkli su ax\u0131d\u0131l\u0131r, c\u0259miyy\u0259t g\u00f6zl\u0259yir ki, nazirlik t\u0259dbir g\u00f6rs\u00fcn"},"content":{"rendered":"<p>Muxtar Babayev: X\u0259z\u0259r\u0259 \u00e7irkli su ax\u0131d\u0131l\u0131r, c\u0259miyy\u0259t g\u00f6zl\u0259yir ki, nazirlik t\u0259dbir g\u00f6rs\u00fcn<br \/>\nEkologiya v\u0259 T\u0259bii S\u0259rv\u0259tl\u0259r naziri Muxtar Babayev X\u0259z\u0259r\u0259 \u00e7irkli sular\u0131n ax\u0131d\u0131lmas\u0131 il\u0259 ba\u011fl\u0131 m\u0259s\u0259l\u0259y\u0259 m\u00fcnasib\u0259t bildirib.<\/p>\n<p>Nazir Oxu.Az-\u0131n m\u00fcxbirinin sual\u0131n\u0131 cavabland\u0131rark\u0259n deyib ki, ia\u015f\u0259 obyektl\u0259rind\u0259n X\u0259z\u0259r d\u0259nizin\u0259 ax\u0131d\u0131lan \u00e7irkli sular\u0131n t\u0259mizl\u0259nm\u0259si v\u0259 d\u00fczg\u00fcn idar\u0259 olunmas\u0131 nazirlik \u00fc\u00e7\u00fcn \u0259sas h\u0259d\u0259fl\u0259rd\u0259n biridir:<\/p>\n<div><\/div>\n<p>&#8220;Haz\u0131rda bu istiqam\u0259td\u0259 m\u00fcvafiq i\u015fl\u0259r apar\u0131l\u0131r. D\u0259f\u0259l\u0259rl\u0259 \u015fahidi olmu\u015fuq ki, m\u00fc\u0259ssis\u0259l\u0259r, obyektl\u0259r t\u0259r\u0259find\u0259n X\u0259z\u0259r\u0259 \u00e7irkli su ax\u0131d\u0131l\u0131r v\u0259 bunu g\u00f6r\u0259nl\u0259r is\u0259 g\u00f6zl\u0259yir ki, nazirlik g\u0259lsin, t\u0259dbir g\u00f6rs\u00fcn. Amma bu da d\u00fczg\u00fcn deyil.<\/p>\n<p>Burada da ictimai q\u0131naq olmal\u0131d\u0131r. \u00c7\u00fcnki X\u0259z\u0259r d\u0259nizi ham\u0131m\u0131z\u0131nd\u0131r. Yaln\u0131z nazirlik deyil, c\u0259miyy\u0259timiz d\u0259 X\u0259z\u0259r\u0259 \u00e7irkli su ax\u0131dan obyektl\u0259r\u0259, \u015f\u0259xsl\u0259r\u0259 irad tutmal\u0131d\u0131r&#8221;.<\/p>\n<p>M.Babayev bildirib ki, X\u0259z\u0259ri \u00e7irkl\u0259ndir\u0259n obyekt sahibl\u0259ri il\u0259 m\u00fct\u0259madi g\u00f6r\u00fc\u015fl\u0259r ke\u00e7irilir:<\/p>\n<p>&#8220;\u00d6t\u0259n g\u00fcnl\u0259rd\u0259 biz bir qrup ia\u015f\u0259 obyekt sahibl\u0259ri il\u0259 g\u00f6r\u00fc\u015f ke\u00e7irdik v\u0259 \u00e7al\u0131\u015fd\u0131q ki, aram\u0131zda s\u0259miyy\u0259t yaradaq. Bildirdik ki, X\u0259z\u0259r d\u0259nizin\u0259 t\u0259mizl\u0259nm\u0259mi\u015f \u00e7irkab sular\u0131 atmaq yolverilm\u0259zdir.<\/p>\n<p>O d\u0259nizd\u0259 insanlar \u00e7imir, istirah\u0259t edir, \u0259hali bal\u0131q m\u0259hsullar\u0131ndan istifad\u0259 edir. Odur ki, obyekt v\u0259 m\u00fc\u0259ssis\u0259 r\u0259hb\u0259rl\u0259ri yeni texnologiyalar qura\u015fd\u0131rmal\u0131 v\u0259 tullant\u0131lar\u0131n d\u0259niz\u0259 ax\u0131d\u0131lmamas\u0131n\u0131n qar\u015f\u0131s\u0131n\u0131 almal\u0131d\u0131rlar. Bu m\u0259s\u0259l\u0259d\u0259 b\u0259l\u0259diyy\u0259l\u0259r d\u0259 \u00e7ox \u00e7al\u0131\u015fmal\u0131d\u0131r.<\/p>\n<p>\u00c7\u00fcnki h\u0259min obyektl\u0259r onlar\u0131n n\u0259zar\u0259t etdiyi \u0259razid\u0259 f\u0259aliyy\u0259t g\u00f6st\u0259rir. Niy\u0259 b\u0259l\u0259diyy\u0259l\u0259r bu obyetl\u0259rin sahibl\u0259rin\u0259 i\u015fl\u0259rinin d\u00fczg\u00fcn qurulmas\u0131nda n\u0259zar\u0259t etm\u0259k ist\u0259mir? Birg\u0259 t\u0259dbirl\u0259rl\u0259 bu m\u0259s\u0259l\u0259d\u0259 daha tez m\u00fcsb\u0259t n\u0259tic\u0259 \u0259ld\u0259 etm\u0259k olar&#8221;.<\/p>\n","protected":false},"excerpt":{"rendered":"<p>Muxtar Babayev: X\u0259z\u0259r\u0259 \u00e7irkli su ax\u0131d\u0131l\u0131r, c\u0259miyy\u0259t g\u00f6zl\u0259yir ki, nazirlik t\u0259dbir g\u00f6rs\u00fcn Ekologiya v\u0259 T\u0259bii S\u0259rv\u0259tl\u0259r naziri Muxtar Babayev X\u0259z\u0259r\u0259 \u00e7irkli sular\u0131n ax\u0131d\u0131lmas\u0131 il\u0259 ba\u011fl\u0131 m\u0259s\u0259l\u0259y\u0259 m\u00fcnasib\u0259t bildirib. Nazir Oxu.Az-\u0131n m\u00fcxbirinin sual\u0131n\u0131 cavabland\u0131rark\u0259n deyib ki, ia\u015f\u0259 obyektl\u0259rind\u0259n X\u0259z\u0259r d\u0259nizin\u0259 ax\u0131d\u0131lan \u00e7irkli sular\u0131n t\u0259mizl\u0259nm\u0259si v\u0259 d\u00fczg\u00fcn idar\u0259 olunmas\u0131 nazirlik \u00fc\u00e7\u00fcn \u0259sas h\u0259d\u0259fl\u0259rd\u0259n biridir: &#8220;Haz\u0131rda bu istiqam\u0259td\u0259 m\u00fcvafiq i\u015fl\u0259r apar\u0131l\u0131r. D\u0259f\u0259l\u0259rl\u0259 \u015fahidi olmu\u015fuq ki, m\u00fc\u0259ssis\u0259l\u0259r, obyektl\u0259r t\u0259r\u0259find\u0259n X\u0259z\u0259r\u0259 \u00e7irkli su ax\u0131d\u0131l\u0131r v\u0259 bunu g\u00f6r\u0259nl\u0259r is\u0259 g\u00f6zl\u0259yir ki, nazirlik g\u0259lsin, t\u0259dbir g\u00f6rs\u00fcn. Amma bu da d\u00fczg\u00fcn deyil. Burada da ictimai q\u0131naq olmal\u0131d\u0131r. \u00c7\u00fcnki&hellip;<\/p>\n","protected":false},"author":2,"featured_media":91596,"comment_status":"closed","ping_status":"closed","sticky":false,"template":"","format":"standard","meta":{"om_disable_all_campaigns":false,"_monsterinsights_skip_tracking":false,"_monsterinsights_sitenote_active":false,"_monsterinsights_sitenote_note":"","_monsterinsights_sitenote_category":0},"categories":[1],"tags":[],"aioseo_notices":[],"gutentor_comment":0,"rttpg_featured_image_url":{"full":["https:\/\/arantv.az\/wp-content\/uploads\/2019\/11\/xezerrr.jpg",549,366,false],"landscape":["https:\/\/arantv.az\/wp-content\/uploads\/2019\/11\/xezerrr.jpg",549,366,false],"portraits":["https:\/\/arantv.az\/wp-content\/uploads\/2019\/11\/xezerrr.jpg",549,366,false],"thumbnail":["https:\/\/arantv.az\/wp-content\/uploads\/2019\/11\/xezerrr-150x150.jpg",150,150,true],"medium":["https:\/\/arantv.az\/wp-content\/uploads\/2019\/11\/xezerrr-300x200.jpg",300,200,true],"large":["https:\/\/arantv.az\/wp-content\/uploads\/2019\/11\/xezerrr.jpg",549,366,false],"1536x1536":["https:\/\/arantv.az\/wp-content\/uploads\/2019\/11\/xezerrr.jpg",549,366,false],"2048x2048":["https:\/\/arantv.az\/wp-content\/uploads\/2019\/11\/xezerrr.jpg",549,366,false],"post-thumbnail":["https:\/\/arantv.az\/wp-content\/uploads\/2019\/11\/xezerrr-240x172.jpg",240,172,true],"advps-thumb-one":["https:\/\/arantv.az\/wp-content\/uploads\/2019\/11\/xezerrr.jpg",549,366,false]},"rttpg_author":{"display_name":"V\u00fcsal Rafiqo\u011flu","author_link":"https:\/\/arantv.az\/?author=2"},"rttpg_comment":0,"rttpg_category":"<a href=\"https:\/\/arantv.az\/?cat=1\" rel=\"category\">C\u0259miyy\u0259t<\/a>","rttpg_excerpt":"Muxtar Babayev: X\u0259z\u0259r\u0259 \u00e7irkli su ax\u0131d\u0131l\u0131r, c\u0259miyy\u0259t g\u00f6zl\u0259yir ki, nazirlik t\u0259dbir g\u00f6rs\u00fcn Ekologiya v\u0259 T\u0259bii S\u0259rv\u0259tl\u0259r naziri Muxtar Babayev X\u0259z\u0259r\u0259 \u00e7irkli sular\u0131n ax\u0131d\u0131lmas\u0131 il\u0259 ba\u011fl\u0131 m\u0259s\u0259l\u0259y\u0259 m\u00fcnasib\u0259t bildirib. Nazir Oxu.Az-\u0131n m\u00fcxbirinin sual\u0131n\u0131 cavabland\u0131rark\u0259n deyib ki, ia\u015f\u0259 obyektl\u0259rind\u0259n X\u0259z\u0259r d\u0259nizin\u0259 ax\u0131d\u0131lan \u00e7irkli sular\u0131n t\u0259mizl\u0259nm\u0259si v\u0259 d\u00fczg\u00fcn idar\u0259 olunmas\u0131 nazirlik \u00fc\u00e7\u00fcn \u0259sas h\u0259d\u0259fl\u0259rd\u0259n biridir: &#8220;Haz\u0131rda bu istiqam\u0259td\u0259&hellip;","_links":{"self":[{"href":"https:\/\/arantv.az\/index.php?rest_route=\/wp\/v2\/posts\/91595"}],"collection":[{"href":"https:\/\/arantv.az\/index.php?rest_route=\/wp\/v2\/posts"}],"about":[{"href":"https:\/\/arantv.az\/index.php?rest_route=\/wp\/v2\/types\/post"}],"author":[{"embeddable":true,"href":"https:\/\/arantv.az\/index.php?rest_route=\/wp\/v2\/users\/2"}],"replies":[{"embeddable":true,"href":"https:\/\/arantv.az\/index.php?rest_route=%2Fwp%2Fv2%2Fcomments&post=91595"}],"version-history":[{"count":0,"href":"https:\/\/arantv.az\/index.php?rest_route=\/wp\/v2\/posts\/91595\/revisions"}],"wp:featuredmedia":[{"embeddable":true,"href":"https:\/\/arantv.az\/index.php?rest_route=\/wp\/v2\/media\/91596"}],"wp:attachment":[{"href":"https:\/\/arantv.az\/index.php?rest_route=%2Fwp%2Fv2%2Fmedia&parent=91595"}],"wp:term":[{"taxonomy":"category","embeddable":true,"href":"https:\/\/arantv.az\/index.php?rest_route=%2Fwp%2Fv2%2Fcategories&post=91595"},{"taxonomy":"post_tag","embeddable":true,"href":"https:\/\/arantv.az\/index.php?rest_route=%2Fwp%2Fv2%2Ftags&post=91595"}],"curies":[{"name":"wp","href":"https:\/\/api.w.org\/{rel}","templated":true}]}}