{"id":91599,"date":"2019-11-01T13:31:05","date_gmt":"2019-11-01T10:31:05","guid":{"rendered":"http:\/\/arantv.az\/?p=91599"},"modified":"2019-11-01T13:31:05","modified_gmt":"2019-11-01T10:31:05","slug":"vaqif-%c9%99s%c9%99dovdan-surucul%c9%99r%c9%99-x%c9%99b%c9%99rdarliq","status":"publish","type":"post","link":"https:\/\/arantv.az\/?p=91599","title":{"rendered":"Vaqif \u018fs\u0259dovdan s\u00fcr\u00fcc\u00fcl\u0259r\u0259 X\u018fB\u018fRDARLIQ"},"content":{"rendered":"<p>S\u00fcr\u00fcc\u00fcl\u0259r ya\u011f\u0131\u015fl\u0131 hava \u015f\u0259raitind\u0259 s\u00fcr\u0259t h\u0259ddini minimuma endirm\u0259li, ara m\u0259saf\u0259sini normadan art\u0131q saxlamal\u0131d\u0131rlar.<\/p>\n<p><b>ARANTV.AZ<\/b>\u00a0x\u0259b\u0259r verir ki, bu bar\u0259d\u0259 Bak\u0131 \u015e\u0259h\u0259r D\u00f6vl\u0259t Yol Polisi \u0130dar\u0259sinin \u0130ctimaiyy\u0259tl\u0259 \u018flaq\u0259l\u0259r \u015e\u00f6b\u0259sinin r\u0259isi, polis polkovniki Vaqif \u018fs\u0259dovun Trend-\u0259 bildirib.<\/p>\n<p>Qurum r\u0259smisinin verdiyi m\u0259lumata g\u00f6r\u0259, s\u00fcr\u00fcc\u00fcl\u0259r \u0259yl\u0259c sistemind\u0259n istifad\u0259 ed\u0259rk\u0259n ya\u011f\u0131\u015f sular\u0131n\u0131n yollarda s\u00fcr\u00fc\u015fm\u0259 \u015f\u0259raiti yaratd\u0131\u011f\u0131n\u0131 n\u0259z\u0259r\u0259 almal\u0131d\u0131r. H\u0259r bir s\u00fcr\u00fcc\u00fc avtomobilin i\u015f\u0131q sistemin\u0259, \u015f\u00fc\u015f\u0259 sil\u0259nl\u0259rinin sazl\u0131\u011f\u0131na diqq\u0259t yetirm\u0259lidir. \u018fks halda q\u0259zalar qa\u00e7\u0131lmazd\u0131r.<\/p>\n<div id=\"AdviadNativeVideo0\" class=\"AdviadNativeVideo\"><\/div>\n<p>V.\u018fs\u0259dov, h\u0259m\u00e7inin bildirib ki, Bak\u0131da b\u0259zi i\u015f\u0131qforlar\u0131n i\u015fl\u0259m\u0259m\u0259si s\u00fcr\u00fcc\u00fcl\u0259ri \u00e7a\u015fd\u0131rmamal\u0131d\u0131r: \u201cX\u0259b\u0259r verildiyi kimi paytaxt\u0131n b\u0259zi \u0259razil\u0259rind\u0259 i\u015f\u0131qforlar\u0131n f\u0259aliyy\u0259tind\u0259 probleml\u0259r yaran\u0131b.<\/p>\n<p>Bel\u0259 olan halda h\u0259r bir s\u00fcr\u00fcc\u00fc yol ni\u015fanlar\u0131n\u0131n t\u0259l\u0259bl\u0259rin\u0259 riay\u0259t etm\u0259lidir.<\/p>\n<p>Haz\u0131rda h\u0259min \u0259razil\u0259rd\u0259 D\u00f6vl\u0259t Yol Polis \u0130dar\u0259sinin \u0259m\u0259kda\u015flar\u0131 nizamlay\u0131c\u0131 qismind\u0259 xidm\u0259t apar\u0131r. S\u00fcr\u00fcc\u00fcl\u0259r buna da diqq\u0259t yetirm\u0259li, nizamlay\u0131c\u0131n\u0131n g\u00f6st\u0259ri\u015fl\u0259rin\u0259 uy\u011fun h\u0259r\u0259k\u0259t etm\u0259lidirl\u0259r\u201d.<\/p>\n<p>\u015e\u00f6b\u0259 r\u0259isi bel\u0259 hava \u015f\u0259raitind\u0259 sakinl\u0259ri daha \u00e7ox ictimai n\u0259qliyyatdan istifad\u0259 etm\u0259y\u0259 \u00e7a\u011f\u0131r\u0131b.<\/p>\n","protected":false},"excerpt":{"rendered":"<p>S\u00fcr\u00fcc\u00fcl\u0259r ya\u011f\u0131\u015fl\u0131 hava \u015f\u0259raitind\u0259 s\u00fcr\u0259t h\u0259ddini minimuma endirm\u0259li, ara m\u0259saf\u0259sini normadan art\u0131q saxlamal\u0131d\u0131rlar. ARANTV.AZ\u00a0x\u0259b\u0259r verir ki, bu bar\u0259d\u0259 Bak\u0131 \u015e\u0259h\u0259r D\u00f6vl\u0259t Yol Polisi \u0130dar\u0259sinin \u0130ctimaiyy\u0259tl\u0259 \u018flaq\u0259l\u0259r \u015e\u00f6b\u0259sinin r\u0259isi, polis polkovniki Vaqif \u018fs\u0259dovun Trend-\u0259 bildirib. Qurum r\u0259smisinin verdiyi m\u0259lumata g\u00f6r\u0259, s\u00fcr\u00fcc\u00fcl\u0259r \u0259yl\u0259c sistemind\u0259n istifad\u0259 ed\u0259rk\u0259n ya\u011f\u0131\u015f sular\u0131n\u0131n yollarda s\u00fcr\u00fc\u015fm\u0259 \u015f\u0259raiti yaratd\u0131\u011f\u0131n\u0131 n\u0259z\u0259r\u0259 almal\u0131d\u0131r. H\u0259r bir s\u00fcr\u00fcc\u00fc avtomobilin i\u015f\u0131q sistemin\u0259, \u015f\u00fc\u015f\u0259 sil\u0259nl\u0259rinin sazl\u0131\u011f\u0131na diqq\u0259t yetirm\u0259lidir. \u018fks halda q\u0259zalar qa\u00e7\u0131lmazd\u0131r. V.\u018fs\u0259dov, h\u0259m\u00e7inin bildirib ki, Bak\u0131da b\u0259zi i\u015f\u0131qforlar\u0131n i\u015fl\u0259m\u0259m\u0259si s\u00fcr\u00fcc\u00fcl\u0259ri \u00e7a\u015fd\u0131rmamal\u0131d\u0131r: \u201cX\u0259b\u0259r verildiyi kimi paytaxt\u0131n b\u0259zi \u0259razil\u0259rind\u0259 i\u015f\u0131qforlar\u0131n f\u0259aliyy\u0259tind\u0259 probleml\u0259r yaran\u0131b. Bel\u0259 olan halda&hellip;<\/p>\n","protected":false},"author":2,"featured_media":91600,"comment_status":"closed","ping_status":"closed","sticky":false,"template":"","format":"standard","meta":{"om_disable_all_campaigns":false,"_monsterinsights_skip_tracking":false,"_monsterinsights_sitenote_active":false,"_monsterinsights_sitenote_note":"","_monsterinsights_sitenote_category":0},"categories":[1],"tags":[],"aioseo_notices":[],"gutentor_comment":0,"rttpg_featured_image_url":{"full":["https:\/\/arantv.az\/wp-content\/uploads\/2019\/11\/1572597688_vaqif-esedov-5.jpg",649,433,false],"landscape":["https:\/\/arantv.az\/wp-content\/uploads\/2019\/11\/1572597688_vaqif-esedov-5.jpg",649,433,false],"portraits":["https:\/\/arantv.az\/wp-content\/uploads\/2019\/11\/1572597688_vaqif-esedov-5.jpg",649,433,false],"thumbnail":["https:\/\/arantv.az\/wp-content\/uploads\/2019\/11\/1572597688_vaqif-esedov-5-150x150.jpg",150,150,true],"medium":["https:\/\/arantv.az\/wp-content\/uploads\/2019\/11\/1572597688_vaqif-esedov-5-300x200.jpg",300,200,true],"large":["https:\/\/arantv.az\/wp-content\/uploads\/2019\/11\/1572597688_vaqif-esedov-5.jpg",640,427,false],"1536x1536":["https:\/\/arantv.az\/wp-content\/uploads\/2019\/11\/1572597688_vaqif-esedov-5.jpg",649,433,false],"2048x2048":["https:\/\/arantv.az\/wp-content\/uploads\/2019\/11\/1572597688_vaqif-esedov-5.jpg",649,433,false],"post-thumbnail":["https:\/\/arantv.az\/wp-content\/uploads\/2019\/11\/1572597688_vaqif-esedov-5-240x172.jpg",240,172,true],"advps-thumb-one":["https:\/\/arantv.az\/wp-content\/uploads\/2019\/11\/1572597688_vaqif-esedov-5.jpg",649,433,false]},"rttpg_author":{"display_name":"V\u00fcsal Rafiqo\u011flu","author_link":"https:\/\/arantv.az\/?author=2"},"rttpg_comment":0,"rttpg_category":"<a href=\"https:\/\/arantv.az\/?cat=1\" rel=\"category\">C\u0259miyy\u0259t<\/a>","rttpg_excerpt":"S\u00fcr\u00fcc\u00fcl\u0259r ya\u011f\u0131\u015fl\u0131 hava \u015f\u0259raitind\u0259 s\u00fcr\u0259t h\u0259ddini minimuma endirm\u0259li, ara m\u0259saf\u0259sini normadan art\u0131q saxlamal\u0131d\u0131rlar. ARANTV.AZ\u00a0x\u0259b\u0259r verir ki, bu bar\u0259d\u0259 Bak\u0131 \u015e\u0259h\u0259r D\u00f6vl\u0259t Yol Polisi \u0130dar\u0259sinin \u0130ctimaiyy\u0259tl\u0259 \u018flaq\u0259l\u0259r \u015e\u00f6b\u0259sinin r\u0259isi, polis polkovniki Vaqif \u018fs\u0259dovun Trend-\u0259 bildirib. Qurum r\u0259smisinin verdiyi m\u0259lumata g\u00f6r\u0259, s\u00fcr\u00fcc\u00fcl\u0259r \u0259yl\u0259c sistemind\u0259n istifad\u0259 ed\u0259rk\u0259n ya\u011f\u0131\u015f sular\u0131n\u0131n yollarda s\u00fcr\u00fc\u015fm\u0259 \u015f\u0259raiti yaratd\u0131\u011f\u0131n\u0131 n\u0259z\u0259r\u0259 almal\u0131d\u0131r. H\u0259r bir s\u00fcr\u00fcc\u00fc&hellip;","_links":{"self":[{"href":"https:\/\/arantv.az\/index.php?rest_route=\/wp\/v2\/posts\/91599"}],"collection":[{"href":"https:\/\/arantv.az\/index.php?rest_route=\/wp\/v2\/posts"}],"about":[{"href":"https:\/\/arantv.az\/index.php?rest_route=\/wp\/v2\/types\/post"}],"author":[{"embeddable":true,"href":"https:\/\/arantv.az\/index.php?rest_route=\/wp\/v2\/users\/2"}],"replies":[{"embeddable":true,"href":"https:\/\/arantv.az\/index.php?rest_route=%2Fwp%2Fv2%2Fcomments&post=91599"}],"version-history":[{"count":0,"href":"https:\/\/arantv.az\/index.php?rest_route=\/wp\/v2\/posts\/91599\/revisions"}],"wp:featuredmedia":[{"embeddable":true,"href":"https:\/\/arantv.az\/index.php?rest_route=\/wp\/v2\/media\/91600"}],"wp:attachment":[{"href":"https:\/\/arantv.az\/index.php?rest_route=%2Fwp%2Fv2%2Fmedia&parent=91599"}],"wp:term":[{"taxonomy":"category","embeddable":true,"href":"https:\/\/arantv.az\/index.php?rest_route=%2Fwp%2Fv2%2Fcategories&post=91599"},{"taxonomy":"post_tag","embeddable":true,"href":"https:\/\/arantv.az\/index.php?rest_route=%2Fwp%2Fv2%2Ftags&post=91599"}],"curies":[{"name":"wp","href":"https:\/\/api.w.org\/{rel}","templated":true}]}}