{"id":91603,"date":"2019-11-01T13:31:57","date_gmt":"2019-11-01T10:31:57","guid":{"rendered":"http:\/\/arantv.az\/?p=91603"},"modified":"2019-11-01T13:31:57","modified_gmt":"2019-11-01T10:31:57","slug":"sumqayitda-v%c9%99kil-40-yasli-piyadani-vurub-oldurdu","status":"publish","type":"post","link":"https:\/\/arantv.az\/?p=91603","title":{"rendered":"Sumqay\u0131tda v\u0259kil 40 ya\u015fl\u0131 piyadan\u0131 vurub \u00f6ld\u00fcrd\u00fc"},"content":{"rendered":"<p><strong>Az\u0259rbaycan V\u0259kill\u0259r Kollegiyas\u0131n\u0131n \u00fczv\u00fc yol q\u0259zas\u0131 t\u00f6r\u0259dib.<\/strong><\/p>\n<p><strong>ARANTV.AZ<\/strong>\u00a0<a href=\"https:\/\/az.trend.az\/\" target=\"_blank\" rel=\"noopener\">Trend<\/a>-\u0259 istinad\u0259n x\u0259b\u0259r verir ki, hadis\u0259 Ab\u015feron rayonunun Saray q\u0259s\u0259b\u0259sind\u0259, &#8220;T\u0259rlan&#8221; \u015fadl\u0131q saray\u0131n\u0131n qar\u015f\u0131s\u0131nda ba\u015f verib.<\/p>\n<p>Sumqay\u0131t \u015f\u0259h\u0259r 1 sayl\u0131 V\u0259kil B\u00fcrosunun s\u0259dri, 1969-cu il t\u0259v\u0259ll\u00fcdl\u00fc N\u0259hm\u0259tov Fazil \u0130ld\u0131r o\u011flu \u00f6z\u00fcn\u0259 m\u0259xsus &#8220;Wolksvagen Passat&#8221; markal\u0131 99 NM 092 d\u00f6vl\u0259t n\u00f6mr\u0259 ni\u015fanl\u0131 avtomobill\u0259 h\u0259r\u0259k\u0259td\u0259 olark\u0259n yolu ke\u00e7\u0259n Saray q\u0259s\u0259b\u0259 sakini, 1979-cu il t\u0259v\u0259ll\u00fcdl\u00fc Mustafayeva Esmira Sehriman q\u0131z\u0131n\u0131 vurub.<\/p>\n<p>Piyada ald\u0131\u011f\u0131 x\u0259sar\u0259tl\u0259rd\u0259n hadis\u0259 yerind\u0259 d\u00fcnyas\u0131n\u0131 d\u0259yi\u015fib.<\/p>\n<p>Faktla ba\u011fl\u0131 cinay\u0259t i\u015fi ba\u015flan\u0131b.<\/p>\n<div>\n<div id=\"AdviadNativeVideo0\" class=\"AdviadNativeVideo\"><\/div>\n<\/div>\n<p>Xat\u0131rladaq ki, F.N\u0259hm\u0259tov 2002-ci ild\u0259n v\u0259killik f\u0259aliyy\u0259ti il\u0259 m\u0259\u015f\u011fuldur v\u0259 Az\u0259rbaycan V\u0259kill\u0259r Kollegiyas\u0131n\u0131n \u00fczv\u00fcd\u00fcr.<\/p>\n","protected":false},"excerpt":{"rendered":"<p>Az\u0259rbaycan V\u0259kill\u0259r Kollegiyas\u0131n\u0131n \u00fczv\u00fc yol q\u0259zas\u0131 t\u00f6r\u0259dib. ARANTV.AZ\u00a0Trend-\u0259 istinad\u0259n x\u0259b\u0259r verir ki, hadis\u0259 Ab\u015feron rayonunun Saray q\u0259s\u0259b\u0259sind\u0259, &#8220;T\u0259rlan&#8221; \u015fadl\u0131q saray\u0131n\u0131n qar\u015f\u0131s\u0131nda ba\u015f verib. Sumqay\u0131t \u015f\u0259h\u0259r 1 sayl\u0131 V\u0259kil B\u00fcrosunun s\u0259dri, 1969-cu il t\u0259v\u0259ll\u00fcdl\u00fc N\u0259hm\u0259tov Fazil \u0130ld\u0131r o\u011flu \u00f6z\u00fcn\u0259 m\u0259xsus &#8220;Wolksvagen Passat&#8221; markal\u0131 99 NM 092 d\u00f6vl\u0259t n\u00f6mr\u0259 ni\u015fanl\u0131 avtomobill\u0259 h\u0259r\u0259k\u0259td\u0259 olark\u0259n yolu ke\u00e7\u0259n Saray q\u0259s\u0259b\u0259 sakini, 1979-cu il t\u0259v\u0259ll\u00fcdl\u00fc Mustafayeva Esmira Sehriman q\u0131z\u0131n\u0131 vurub. Piyada ald\u0131\u011f\u0131 x\u0259sar\u0259tl\u0259rd\u0259n hadis\u0259 yerind\u0259 d\u00fcnyas\u0131n\u0131 d\u0259yi\u015fib. Faktla ba\u011fl\u0131 cinay\u0259t i\u015fi ba\u015flan\u0131b. Xat\u0131rladaq ki, F.N\u0259hm\u0259tov 2002-ci ild\u0259n v\u0259killik f\u0259aliyy\u0259ti il\u0259 m\u0259\u015f\u011fuldur v\u0259 Az\u0259rbaycan V\u0259kill\u0259r Kollegiyas\u0131n\u0131n \u00fczv\u00fcd\u00fcr.<\/p>\n","protected":false},"author":2,"featured_media":91604,"comment_status":"closed","ping_status":"closed","sticky":false,"template":"","format":"standard","meta":{"om_disable_all_campaigns":false,"_monsterinsights_skip_tracking":false,"_monsterinsights_sitenote_active":false,"_monsterinsights_sitenote_note":"","_monsterinsights_sitenote_category":0},"categories":[5],"tags":[],"aioseo_notices":[],"gutentor_comment":0,"rttpg_featured_image_url":{"full":["https:\/\/arantv.az\/wp-content\/uploads\/2019\/11\/qeza_23848667.jpg",800,600,false],"landscape":["https:\/\/arantv.az\/wp-content\/uploads\/2019\/11\/qeza_23848667.jpg",800,600,false],"portraits":["https:\/\/arantv.az\/wp-content\/uploads\/2019\/11\/qeza_23848667.jpg",800,600,false],"thumbnail":["https:\/\/arantv.az\/wp-content\/uploads\/2019\/11\/qeza_23848667-150x150.jpg",150,150,true],"medium":["https:\/\/arantv.az\/wp-content\/uploads\/2019\/11\/qeza_23848667-300x225.jpg",300,225,true],"large":["https:\/\/arantv.az\/wp-content\/uploads\/2019\/11\/qeza_23848667.jpg",640,480,false],"1536x1536":["https:\/\/arantv.az\/wp-content\/uploads\/2019\/11\/qeza_23848667.jpg",800,600,false],"2048x2048":["https:\/\/arantv.az\/wp-content\/uploads\/2019\/11\/qeza_23848667.jpg",800,600,false],"post-thumbnail":["https:\/\/arantv.az\/wp-content\/uploads\/2019\/11\/qeza_23848667-240x172.jpg",240,172,true],"advps-thumb-one":["https:\/\/arantv.az\/wp-content\/uploads\/2019\/11\/qeza_23848667.jpg",800,600,false]},"rttpg_author":{"display_name":"V\u00fcsal Rafiqo\u011flu","author_link":"https:\/\/arantv.az\/?author=2"},"rttpg_comment":0,"rttpg_category":"<a href=\"https:\/\/arantv.az\/?cat=5\" rel=\"category\">Hadis\u0259<\/a>","rttpg_excerpt":"Az\u0259rbaycan V\u0259kill\u0259r Kollegiyas\u0131n\u0131n \u00fczv\u00fc yol q\u0259zas\u0131 t\u00f6r\u0259dib. ARANTV.AZ\u00a0Trend-\u0259 istinad\u0259n x\u0259b\u0259r verir ki, hadis\u0259 Ab\u015feron rayonunun Saray q\u0259s\u0259b\u0259sind\u0259, &#8220;T\u0259rlan&#8221; \u015fadl\u0131q saray\u0131n\u0131n qar\u015f\u0131s\u0131nda ba\u015f verib. Sumqay\u0131t \u015f\u0259h\u0259r 1 sayl\u0131 V\u0259kil B\u00fcrosunun s\u0259dri, 1969-cu il t\u0259v\u0259ll\u00fcdl\u00fc N\u0259hm\u0259tov Fazil \u0130ld\u0131r o\u011flu \u00f6z\u00fcn\u0259 m\u0259xsus &#8220;Wolksvagen Passat&#8221; markal\u0131 99 NM 092 d\u00f6vl\u0259t n\u00f6mr\u0259 ni\u015fanl\u0131 avtomobill\u0259 h\u0259r\u0259k\u0259td\u0259 olark\u0259n yolu ke\u00e7\u0259n Saray q\u0259s\u0259b\u0259&hellip;","_links":{"self":[{"href":"https:\/\/arantv.az\/index.php?rest_route=\/wp\/v2\/posts\/91603"}],"collection":[{"href":"https:\/\/arantv.az\/index.php?rest_route=\/wp\/v2\/posts"}],"about":[{"href":"https:\/\/arantv.az\/index.php?rest_route=\/wp\/v2\/types\/post"}],"author":[{"embeddable":true,"href":"https:\/\/arantv.az\/index.php?rest_route=\/wp\/v2\/users\/2"}],"replies":[{"embeddable":true,"href":"https:\/\/arantv.az\/index.php?rest_route=%2Fwp%2Fv2%2Fcomments&post=91603"}],"version-history":[{"count":0,"href":"https:\/\/arantv.az\/index.php?rest_route=\/wp\/v2\/posts\/91603\/revisions"}],"wp:featuredmedia":[{"embeddable":true,"href":"https:\/\/arantv.az\/index.php?rest_route=\/wp\/v2\/media\/91604"}],"wp:attachment":[{"href":"https:\/\/arantv.az\/index.php?rest_route=%2Fwp%2Fv2%2Fmedia&parent=91603"}],"wp:term":[{"taxonomy":"category","embeddable":true,"href":"https:\/\/arantv.az\/index.php?rest_route=%2Fwp%2Fv2%2Fcategories&post=91603"},{"taxonomy":"post_tag","embeddable":true,"href":"https:\/\/arantv.az\/index.php?rest_route=%2Fwp%2Fv2%2Ftags&post=91603"}],"curies":[{"name":"wp","href":"https:\/\/api.w.org\/{rel}","templated":true}]}}