{"id":91607,"date":"2019-11-01T13:32:55","date_gmt":"2019-11-01T10:32:55","guid":{"rendered":"http:\/\/arantv.az\/?p=91607"},"modified":"2019-11-01T13:32:55","modified_gmt":"2019-11-01T10:32:55","slug":"qulam-ishaqzai-az%c9%99rbaycandaki-m%c9%99cburi-kockunl%c9%99rin-problemini","status":"publish","type":"post","link":"https:\/\/arantv.az\/?p=91607","title":{"rendered":"Qulam \u0130shaqzai: &#8220;Az\u0259rbaycandak\u0131 m\u0259cburi k\u00f6\u00e7k\u00fcnl\u0259rin problemini&#8230;&#8221;"},"content":{"rendered":"<p><strong>BMT olaraq Az\u0259rbaycan\u0131n m\u0259cburi k\u00f6\u00e7k\u00fcnl\u0259r\u0259 g\u00f6st\u0259rdiyi d\u0259st\u0259yi \u00e7ox y\u00fcks\u0259k qiym\u0259tl\u0259ndiririk.<\/strong><\/p>\n<p><strong>ARANTV.AZ<\/strong>\u00a0<a href=\"https:\/\/az.trend.az\/\" target=\"_blank\" rel=\"noopener\">Trend<\/a>-\u0259 istinad\u0259n x\u0259b\u0259r verir ki, bunu BMT-in Az\u0259rbaycandak\u0131 rezident \u0259laq\u0259l\u0259ndiricisi Qulam \u0130shaqzai t\u0259\u015fkilat\u0131n Qa\u00e7q\u0131nlar \u00fczr\u0259 Ali Komissarl\u0131\u011f\u0131n\u0131n Az\u0259rbaycandak\u0131 m\u0259cburi k\u00f6\u00e7k\u00fcnl\u0259r\u0259 yard\u0131mlar\u0131n g\u00f6st\u0259rilm\u0259si il\u0259 ba\u011fl\u0131 ke\u00e7iril\u0259n d\u0259yirmi masada deyib.<\/p>\n<p>Onun s\u00f6zl\u0259rin\u0259 g\u00f6r\u0259, son 27 ild\u0259 Az\u0259rbaycanda m\u0259cburi k\u00f6\u00e7k\u00fcnl\u0259rl\u0259 ba\u011fl\u0131 v\u0259ziyy\u0259t Da\u011fl\u0131q Qaraba\u011f m\u00fcnaqi\u015f\u0259sinin h\u0259lli il\u0259 ba\u011fl\u0131 siyasi m\u0259s\u0259l\u0259l\u0259rd\u0259n biridir. BMT ilk g\u00fcnd\u0259n m\u0259cburi k\u00f6\u00e7k\u00fcnl\u0259r\u0259 d\u0259st\u0259k g\u00f6st\u0259rib v\u0259 t\u0259\u015fkilat\u0131n bir ne\u00e7\u0259 qurumu bu i\u015fd\u0259 i\u015ftirak edib.<\/p>\n<p>Q.\u0130shaqzai \u0259lav\u0259 edib ki, at\u0259\u015fk\u0259s imzaland\u0131qdan sonra BMT yen\u0259 d\u0259 qa\u00e7q\u0131nlara d\u0259st\u0259k g\u00f6st\u0259rm\u0259kd\u0259 davam edib: &#8220;Haz\u0131rda 600 mind\u0259n \u00e7ox k\u00f6\u00e7k\u00fcn m\u00fc\u0259mmal\u0131 v\u0259ziyy\u0259td\u0259 ya\u015fay\u0131r, y\u0259ni onlar \u00f6z do\u011fma yurdlar\u0131na n\u0259 zaman qay\u0131dacaqlar\u0131n\u0131 bilmirl\u0259r. D\u00fczd\u00fcr, bu t\u0259b\u0259q\u0259nin b\u00f6y\u00fck qismi rahat, isti evd\u0259 ya\u015fay\u0131r. Lakin unutmamal\u0131y\u0131q ki, \u00e7ox sayda insan h\u0259l\u0259 d\u0259 tam standartlara uy\u011fun olmayan \u015f\u0259raitd\u0259 ya\u015fay\u0131r. Yeni q\u0259s\u0259b\u0259l\u0259r\u0259 k\u00f6\u00e7\u00fcr\u00fclm\u0259y\u0259n insanlar\u0131n probleml\u0259ri h\u0259ll edilm\u0259lidir. Biz \u00e7al\u0131\u015fmal\u0131y\u0131q ki, onlar\u0131n \u015f\u0259raitini nisb\u0259t\u0259n y\u00fcng\u00fcll\u0259\u015fdir\u0259k&#8221;.<\/p>\n<p>BMT r\u0259smisi bildirib ki, m\u0259cburi k\u00f6\u00e7k\u00fcnl\u0259r aras\u0131nda i\u015fsizlik s\u0259viyy\u0259si d\u0259 y\u00fcks\u0259kdir.<\/p>\n<div>\n<div id=\"AdviadNativeVideo0\" class=\"AdviadNativeVideo\"><\/div>\n<\/div>\n<p>Q.\u0130shaqzai deyib ki, BMT Az\u0259rbaycan h\u00f6kum\u0259ti il\u0259 yeni t\u0259r\u0259fda\u015fl\u0131q proqram\u0131n\u0131n haz\u0131rlanmas\u0131 \u00fcz\u0259rind\u0259 i\u015f apar\u0131r: &#8220;Biz \u00e7al\u0131\u015f\u0131r\u0131q ki, h\u0259min proqram \u00e7\u0259r\u00e7iv\u0259sind\u0259 m\u0259cburi k\u00f6\u00e7k\u00fcnl\u0259rin problemini daha m\u00fcf\u0259ss\u0259l \u015f\u0259kild\u0259 h\u0259ll ed\u0259k. Y\u0259ni BMT-y\u0259 daxil olan b\u00fct\u00fcn qurumlar bu proses\u0259 \u00f6z d\u0259st\u0259yini g\u00f6st\u0259rm\u0259lidir. \u00c7\u00fcnki biz m\u0259cburi k\u00f6\u00e7k\u00fcnl\u0259ri h\u0259ssas qrup hesab edirik. Dayan\u0131ql\u0131 inki\u015faf m\u0259qs\u0259dl\u0259rin\u0259 \u00e7atmaq \u00fc\u00e7\u00fcn h\u0259ssas qruplar\u0131n c\u0259miyy\u0259tin dig\u0259r qruplar\u0131 il\u0259 eyni imkanlardan faydalanmas\u0131n\u0131 t\u0259min etm\u0259k laz\u0131md\u0131r. Biz \u00e7al\u0131\u015fmal\u0131y\u0131q ki, h\u0259ssas qrup n\u00fcmay\u0259nd\u0259si olaraq, m\u0259cburi k\u00f6\u00e7k\u00fcnl\u0259r\u0259 yard\u0131m\u0131 \u0259sirg\u0259m\u0259y\u0259k. Onlar c\u0259miyy\u0259tin sosial-iqtisadi h\u0259yat\u0131ndan t\u0259crid olunmamal\u0131d\u0131rlar, inkluzivlik art\u0131r\u0131lmal\u0131d\u0131r. BMT Qa\u00e7q\u0131nlar\u0131n v\u0259 M\u0259cburi K\u00f6\u00e7k\u00fcnl\u0259rin I\u015fl\u0259ri \u00fczr\u0259 D\u00f6vl\u0259t Komit\u0259sin\u0259 v\u0259 dig\u0259r qurumlara d\u0259st\u0259k g\u00f6st\u0259rm\u0259kd\u0259 davam ed\u0259c\u0259k&#8221;.<\/p>\n","protected":false},"excerpt":{"rendered":"<p>BMT olaraq Az\u0259rbaycan\u0131n m\u0259cburi k\u00f6\u00e7k\u00fcnl\u0259r\u0259 g\u00f6st\u0259rdiyi d\u0259st\u0259yi \u00e7ox y\u00fcks\u0259k qiym\u0259tl\u0259ndiririk. ARANTV.AZ\u00a0Trend-\u0259 istinad\u0259n x\u0259b\u0259r verir ki, bunu BMT-in Az\u0259rbaycandak\u0131 rezident \u0259laq\u0259l\u0259ndiricisi Qulam \u0130shaqzai t\u0259\u015fkilat\u0131n Qa\u00e7q\u0131nlar \u00fczr\u0259 Ali Komissarl\u0131\u011f\u0131n\u0131n Az\u0259rbaycandak\u0131 m\u0259cburi k\u00f6\u00e7k\u00fcnl\u0259r\u0259 yard\u0131mlar\u0131n g\u00f6st\u0259rilm\u0259si il\u0259 ba\u011fl\u0131 ke\u00e7iril\u0259n d\u0259yirmi masada deyib. Onun s\u00f6zl\u0259rin\u0259 g\u00f6r\u0259, son 27 ild\u0259 Az\u0259rbaycanda m\u0259cburi k\u00f6\u00e7k\u00fcnl\u0259rl\u0259 ba\u011fl\u0131 v\u0259ziyy\u0259t Da\u011fl\u0131q Qaraba\u011f m\u00fcnaqi\u015f\u0259sinin h\u0259lli il\u0259 ba\u011fl\u0131 siyasi m\u0259s\u0259l\u0259l\u0259rd\u0259n biridir. BMT ilk g\u00fcnd\u0259n m\u0259cburi k\u00f6\u00e7k\u00fcnl\u0259r\u0259 d\u0259st\u0259k g\u00f6st\u0259rib v\u0259 t\u0259\u015fkilat\u0131n bir ne\u00e7\u0259 qurumu bu i\u015fd\u0259 i\u015ftirak edib. Q.\u0130shaqzai \u0259lav\u0259 edib ki, at\u0259\u015fk\u0259s imzaland\u0131qdan sonra BMT yen\u0259 d\u0259 qa\u00e7q\u0131nlara d\u0259st\u0259k g\u00f6st\u0259rm\u0259kd\u0259 davam edib: &#8220;Haz\u0131rda&hellip;<\/p>\n","protected":false},"author":2,"featured_media":91608,"comment_status":"closed","ping_status":"closed","sticky":false,"template":"","format":"standard","meta":{"om_disable_all_campaigns":false,"_monsterinsights_skip_tracking":false,"_monsterinsights_sitenote_active":false,"_monsterinsights_sitenote_note":"","_monsterinsights_sitenote_category":0},"categories":[1],"tags":[],"aioseo_notices":[],"gutentor_comment":0,"rttpg_featured_image_url":{"full":["https:\/\/arantv.az\/wp-content\/uploads\/2019\/11\/798852.jpg",800,600,false],"landscape":["https:\/\/arantv.az\/wp-content\/uploads\/2019\/11\/798852.jpg",800,600,false],"portraits":["https:\/\/arantv.az\/wp-content\/uploads\/2019\/11\/798852.jpg",800,600,false],"thumbnail":["https:\/\/arantv.az\/wp-content\/uploads\/2019\/11\/798852-150x150.jpg",150,150,true],"medium":["https:\/\/arantv.az\/wp-content\/uploads\/2019\/11\/798852-300x225.jpg",300,225,true],"large":["https:\/\/arantv.az\/wp-content\/uploads\/2019\/11\/798852.jpg",640,480,false],"1536x1536":["https:\/\/arantv.az\/wp-content\/uploads\/2019\/11\/798852.jpg",800,600,false],"2048x2048":["https:\/\/arantv.az\/wp-content\/uploads\/2019\/11\/798852.jpg",800,600,false],"post-thumbnail":["https:\/\/arantv.az\/wp-content\/uploads\/2019\/11\/798852-240x172.jpg",240,172,true],"advps-thumb-one":["https:\/\/arantv.az\/wp-content\/uploads\/2019\/11\/798852.jpg",800,600,false]},"rttpg_author":{"display_name":"V\u00fcsal Rafiqo\u011flu","author_link":"https:\/\/arantv.az\/?author=2"},"rttpg_comment":0,"rttpg_category":"<a href=\"https:\/\/arantv.az\/?cat=1\" rel=\"category\">C\u0259miyy\u0259t<\/a>","rttpg_excerpt":"BMT olaraq Az\u0259rbaycan\u0131n m\u0259cburi k\u00f6\u00e7k\u00fcnl\u0259r\u0259 g\u00f6st\u0259rdiyi d\u0259st\u0259yi \u00e7ox y\u00fcks\u0259k qiym\u0259tl\u0259ndiririk. ARANTV.AZ\u00a0Trend-\u0259 istinad\u0259n x\u0259b\u0259r verir ki, bunu BMT-in Az\u0259rbaycandak\u0131 rezident \u0259laq\u0259l\u0259ndiricisi Qulam \u0130shaqzai t\u0259\u015fkilat\u0131n Qa\u00e7q\u0131nlar \u00fczr\u0259 Ali Komissarl\u0131\u011f\u0131n\u0131n Az\u0259rbaycandak\u0131 m\u0259cburi k\u00f6\u00e7k\u00fcnl\u0259r\u0259 yard\u0131mlar\u0131n g\u00f6st\u0259rilm\u0259si il\u0259 ba\u011fl\u0131 ke\u00e7iril\u0259n d\u0259yirmi masada deyib. Onun s\u00f6zl\u0259rin\u0259 g\u00f6r\u0259, son 27 ild\u0259 Az\u0259rbaycanda m\u0259cburi k\u00f6\u00e7k\u00fcnl\u0259rl\u0259 ba\u011fl\u0131 v\u0259ziyy\u0259t Da\u011fl\u0131q Qaraba\u011f m\u00fcnaqi\u015f\u0259sinin h\u0259lli il\u0259 ba\u011fl\u0131&hellip;","_links":{"self":[{"href":"https:\/\/arantv.az\/index.php?rest_route=\/wp\/v2\/posts\/91607"}],"collection":[{"href":"https:\/\/arantv.az\/index.php?rest_route=\/wp\/v2\/posts"}],"about":[{"href":"https:\/\/arantv.az\/index.php?rest_route=\/wp\/v2\/types\/post"}],"author":[{"embeddable":true,"href":"https:\/\/arantv.az\/index.php?rest_route=\/wp\/v2\/users\/2"}],"replies":[{"embeddable":true,"href":"https:\/\/arantv.az\/index.php?rest_route=%2Fwp%2Fv2%2Fcomments&post=91607"}],"version-history":[{"count":0,"href":"https:\/\/arantv.az\/index.php?rest_route=\/wp\/v2\/posts\/91607\/revisions"}],"wp:featuredmedia":[{"embeddable":true,"href":"https:\/\/arantv.az\/index.php?rest_route=\/wp\/v2\/media\/91608"}],"wp:attachment":[{"href":"https:\/\/arantv.az\/index.php?rest_route=%2Fwp%2Fv2%2Fmedia&parent=91607"}],"wp:term":[{"taxonomy":"category","embeddable":true,"href":"https:\/\/arantv.az\/index.php?rest_route=%2Fwp%2Fv2%2Fcategories&post=91607"},{"taxonomy":"post_tag","embeddable":true,"href":"https:\/\/arantv.az\/index.php?rest_route=%2Fwp%2Fv2%2Ftags&post=91607"}],"curies":[{"name":"wp","href":"https:\/\/api.w.org\/{rel}","templated":true}]}}