{"id":91611,"date":"2019-11-01T13:34:00","date_gmt":"2019-11-01T10:34:00","guid":{"rendered":"http:\/\/arantv.az\/?p=91611"},"modified":"2019-11-01T13:34:00","modified_gmt":"2019-11-01T10:34:00","slug":"komit%c9%99-s%c9%99dri-az%c9%99rbaycanda-h%c9%99l%c9%99-d%c9%99-agir-s%c9%99raitd%c9%99-yasayan-m%c9%99cburi-kockunl%c9%99r-var","status":"publish","type":"post","link":"https:\/\/arantv.az\/?p=91611","title":{"rendered":"Komit\u0259 s\u0259dri: &#8220;Az\u0259rbaycanda h\u0259l\u0259 d\u0259 a\u011f\u0131r \u015f\u0259raitd\u0259 ya\u015fayan m\u0259cburi k\u00f6\u00e7k\u00fcnl\u0259r var&#8221;"},"content":{"rendered":"<p><strong>&#8220;Bu g\u00fcn Az\u0259rbaycanda h\u0259l\u0259 d\u0259 a\u011f\u0131r \u015f\u0259raitd\u0259 ya\u015fayan m\u0259cburi k\u00f6\u00e7k\u00fcnl\u0259r var&#8221;.<\/strong><\/p>\n<p><strong>ARANTV.AZ<\/strong>\u00a0\u00a0<a href=\"https:\/\/az.trend.az\/\" target=\"_blank\" rel=\"noopener\">Trend<\/a>-\u0259 istinad\u0259n x\u0259b\u0259r verir ki, bunu Qa\u00e7q\u0131nlar\u0131n v\u0259 M\u0259cburi K\u00f6\u00e7k\u00fcnl\u0259rin \u0130\u015fl\u0259ri \u00fczr\u0259 D\u00f6vl\u0259t Komit\u0259sinin s\u0259dri R\u00f6v\u015f\u0259n Rzayev BMT-nin Qa\u00e7q\u0131nlar \u00fczr\u0259 Ali Komissarl\u0131\u011f\u0131n\u0131n Az\u0259rbaycandak\u0131 m\u0259cburi k\u00f6\u00e7k\u00fcnl\u0259r\u0259 yard\u0131mlar\u0131n g\u00f6st\u0259rilm\u0259si il\u0259 ba\u011fl\u0131 ke\u00e7iril\u0259n d\u0259yirmi masada deyib.<\/p>\n<p>Onun s\u00f6zl\u0259rin\u0259 g\u00f6r\u0259, Erm\u0259nistan\u0131n i\u015f\u011fal\u00e7\u0131 siyas\u0259ti n\u0259tic\u0259sind\u0259 Az\u0259rbaycanda bu g\u00fcn qa\u00e7q\u0131n v\u0259 m\u0259cburi k\u00f6\u00e7k\u00fcnl\u0259rin say\u0131 kifay\u0259t q\u0259d\u0259rdir: &#8220;T\u0259\u0259ss\u00fcf ki, Erm\u0259nistan\u0131n i\u015f\u011fal\u00e7\u0131 siyas\u0259ti h\u0259l\u0259 d\u0259 davam edir. Az\u0259rbaycan d\u00f6vl\u0259tinin siyas\u0259ti n\u0259tic\u0259sind\u0259 m\u0259cburi k\u00f6\u00e7k\u00fcnl\u0259rin m\u0259nzil-m\u0259i\u015f\u0259t \u015f\u0259raitinin yax\u015f\u0131la\u015fd\u0131r\u0131lmas\u0131 istiqam\u0259tind\u0259 b\u00f6y\u00fck i\u015fl\u0259r g\u00f6r\u00fcl\u00fcr v\u0259 bu g\u00fcnd\u0259 davam etdirilir&#8221;.<\/p>\n<p>R.Rzayev \u0259lav\u0259 edib ki, bu g\u00fcn\u0259 q\u0259d\u0259r m\u0259cburi k\u00f6\u00e7k\u00fcnl\u0259r \u00fc\u00e7\u00fcn 106 q\u0259s\u0259b\u0259 sal\u0131n\u0131b, 300 min\u0259 yax\u0131n insan h\u0259min q\u0259s\u0259b\u0259l\u0259rd\u0259 m\u0259skunla\u015f\u0131b: &#8220;Prezident \u0130lham \u018fliyev t\u0259r\u0259find\u0259n m\u0259cburi k\u00f6\u00e7k\u00fcnl\u0259rin h\u0259yat \u015f\u0259raitinin yax\u015f\u0131la\u015fd\u0131r\u0131lmas\u0131 \u00fc\u00e7\u00fcn xeyli v\u0259sait ayr\u0131l\u0131b v\u0259 bu v\u0259sait hesab\u0131na q\u0259s\u0259b\u0259l\u0259r tikilir. Bu prosesd\u0259 Birinci vitse-prezident Mehriban \u018fliyevan\u0131n da b\u00f6y\u00fck \u0259m\u0259yi var&#8221;.<\/p>\n<p>Komit\u0259 s\u0259dri qeyd edib ki, BMT T\u0259hl\u00fck\u0259sizlik \u015euras\u0131n\u0131n Da\u011fl\u0131q Qaraba\u011f m\u00fcnaqi\u015f\u0259sil\u0259 ba\u011fl\u0131 imzalad\u0131\u011f\u0131 q\u0259tnam\u0259l\u0259rin icra v\u0259ziyy\u0259tini m\u00fczakir\u0259 etm\u0259k \u00fc\u00e7\u00fcn BMT-nin Bak\u0131dak\u0131 ofisl\u0259ri il\u0259 birg\u0259 dinl\u0259m\u0259l\u0259rin ke\u00e7irilm\u0259si yax\u015f\u0131 olar:<\/p>\n<div>\n<div id=\"AdviadNativeVideo0\" class=\"AdviadNativeVideo\"><\/div>\n<\/div>\n<p>&#8220;Vaxtil\u0259 q\u0259bul edilmi\u015f h\u0259min q\u0259tnam\u0259l\u0259rin icra v\u0259ziyy\u0259ti n\u0259 yerd\u0259dir v\u0259 yaxud icra mexanizmini hans\u0131 istiqam\u0259td\u0259 h\u0259yata ke\u00e7ir\u0259 bil\u0259rik? Y\u0259ni biz q\u0259tnam\u0259l\u0259rin icra mexanizminin yollar\u0131n\u0131 axtaraq v\u0259 o bar\u0259d\u0259 fikir m\u00fcbadil\u0259si apara bil\u0259rik. H\u0259m bu g\u00fcn, h\u0259m d\u0259 g\u0259l\u0259c\u0259kd\u0259 birg\u0259 f\u0259aliyy\u0259t g\u00f6st\u0259r\u0259r\u0259k Az\u0259rbaycandak\u0131 m\u0259cburi k\u00f6\u00e7k\u00fcnl\u0259rin v\u0259ziyy\u0259tini m\u00fcv\u0259qq\u0259ti yax\u015f\u0131la\u015fd\u0131rmaqdan \u00f6tr\u00fc i\u015fl\u0259r g\u00f6r\u0259 bil\u0259rik&#8221;.<\/p>\n","protected":false},"excerpt":{"rendered":"<p>&#8220;Bu g\u00fcn Az\u0259rbaycanda h\u0259l\u0259 d\u0259 a\u011f\u0131r \u015f\u0259raitd\u0259 ya\u015fayan m\u0259cburi k\u00f6\u00e7k\u00fcnl\u0259r var&#8221;. ARANTV.AZ\u00a0\u00a0Trend-\u0259 istinad\u0259n x\u0259b\u0259r verir ki, bunu Qa\u00e7q\u0131nlar\u0131n v\u0259 M\u0259cburi K\u00f6\u00e7k\u00fcnl\u0259rin \u0130\u015fl\u0259ri \u00fczr\u0259 D\u00f6vl\u0259t Komit\u0259sinin s\u0259dri R\u00f6v\u015f\u0259n Rzayev BMT-nin Qa\u00e7q\u0131nlar \u00fczr\u0259 Ali Komissarl\u0131\u011f\u0131n\u0131n Az\u0259rbaycandak\u0131 m\u0259cburi k\u00f6\u00e7k\u00fcnl\u0259r\u0259 yard\u0131mlar\u0131n g\u00f6st\u0259rilm\u0259si il\u0259 ba\u011fl\u0131 ke\u00e7iril\u0259n d\u0259yirmi masada deyib. Onun s\u00f6zl\u0259rin\u0259 g\u00f6r\u0259, Erm\u0259nistan\u0131n i\u015f\u011fal\u00e7\u0131 siyas\u0259ti n\u0259tic\u0259sind\u0259 Az\u0259rbaycanda bu g\u00fcn qa\u00e7q\u0131n v\u0259 m\u0259cburi k\u00f6\u00e7k\u00fcnl\u0259rin say\u0131 kifay\u0259t q\u0259d\u0259rdir: &#8220;T\u0259\u0259ss\u00fcf ki, Erm\u0259nistan\u0131n i\u015f\u011fal\u00e7\u0131 siyas\u0259ti h\u0259l\u0259 d\u0259 davam edir. Az\u0259rbaycan d\u00f6vl\u0259tinin siyas\u0259ti n\u0259tic\u0259sind\u0259 m\u0259cburi k\u00f6\u00e7k\u00fcnl\u0259rin m\u0259nzil-m\u0259i\u015f\u0259t \u015f\u0259raitinin yax\u015f\u0131la\u015fd\u0131r\u0131lmas\u0131 istiqam\u0259tind\u0259 b\u00f6y\u00fck i\u015fl\u0259r g\u00f6r\u00fcl\u00fcr v\u0259 bu g\u00fcnd\u0259 davam etdirilir&#8221;. R.Rzayev \u0259lav\u0259&hellip;<\/p>\n","protected":false},"author":2,"featured_media":91612,"comment_status":"closed","ping_status":"closed","sticky":false,"template":"","format":"standard","meta":{"om_disable_all_campaigns":false,"_monsterinsights_skip_tracking":false,"_monsterinsights_sitenote_active":false,"_monsterinsights_sitenote_note":"","_monsterinsights_sitenote_category":0},"categories":[1],"tags":[],"aioseo_notices":[],"gutentor_comment":0,"rttpg_featured_image_url":{"full":["https:\/\/arantv.az\/wp-content\/uploads\/2019\/11\/794407.jpg",800,600,false],"landscape":["https:\/\/arantv.az\/wp-content\/uploads\/2019\/11\/794407.jpg",800,600,false],"portraits":["https:\/\/arantv.az\/wp-content\/uploads\/2019\/11\/794407.jpg",800,600,false],"thumbnail":["https:\/\/arantv.az\/wp-content\/uploads\/2019\/11\/794407-150x150.jpg",150,150,true],"medium":["https:\/\/arantv.az\/wp-content\/uploads\/2019\/11\/794407-300x225.jpg",300,225,true],"large":["https:\/\/arantv.az\/wp-content\/uploads\/2019\/11\/794407.jpg",640,480,false],"1536x1536":["https:\/\/arantv.az\/wp-content\/uploads\/2019\/11\/794407.jpg",800,600,false],"2048x2048":["https:\/\/arantv.az\/wp-content\/uploads\/2019\/11\/794407.jpg",800,600,false],"post-thumbnail":["https:\/\/arantv.az\/wp-content\/uploads\/2019\/11\/794407-240x172.jpg",240,172,true],"advps-thumb-one":["https:\/\/arantv.az\/wp-content\/uploads\/2019\/11\/794407.jpg",800,600,false]},"rttpg_author":{"display_name":"V\u00fcsal Rafiqo\u011flu","author_link":"https:\/\/arantv.az\/?author=2"},"rttpg_comment":0,"rttpg_category":"<a href=\"https:\/\/arantv.az\/?cat=1\" rel=\"category\">C\u0259miyy\u0259t<\/a>","rttpg_excerpt":"&#8220;Bu g\u00fcn Az\u0259rbaycanda h\u0259l\u0259 d\u0259 a\u011f\u0131r \u015f\u0259raitd\u0259 ya\u015fayan m\u0259cburi k\u00f6\u00e7k\u00fcnl\u0259r var&#8221;. ARANTV.AZ\u00a0\u00a0Trend-\u0259 istinad\u0259n x\u0259b\u0259r verir ki, bunu Qa\u00e7q\u0131nlar\u0131n v\u0259 M\u0259cburi K\u00f6\u00e7k\u00fcnl\u0259rin \u0130\u015fl\u0259ri \u00fczr\u0259 D\u00f6vl\u0259t Komit\u0259sinin s\u0259dri R\u00f6v\u015f\u0259n Rzayev BMT-nin Qa\u00e7q\u0131nlar \u00fczr\u0259 Ali Komissarl\u0131\u011f\u0131n\u0131n Az\u0259rbaycandak\u0131 m\u0259cburi k\u00f6\u00e7k\u00fcnl\u0259r\u0259 yard\u0131mlar\u0131n g\u00f6st\u0259rilm\u0259si il\u0259 ba\u011fl\u0131 ke\u00e7iril\u0259n d\u0259yirmi masada deyib. Onun s\u00f6zl\u0259rin\u0259 g\u00f6r\u0259, Erm\u0259nistan\u0131n i\u015f\u011fal\u00e7\u0131 siyas\u0259ti n\u0259tic\u0259sind\u0259 Az\u0259rbaycanda bu g\u00fcn qa\u00e7q\u0131n&hellip;","_links":{"self":[{"href":"https:\/\/arantv.az\/index.php?rest_route=\/wp\/v2\/posts\/91611"}],"collection":[{"href":"https:\/\/arantv.az\/index.php?rest_route=\/wp\/v2\/posts"}],"about":[{"href":"https:\/\/arantv.az\/index.php?rest_route=\/wp\/v2\/types\/post"}],"author":[{"embeddable":true,"href":"https:\/\/arantv.az\/index.php?rest_route=\/wp\/v2\/users\/2"}],"replies":[{"embeddable":true,"href":"https:\/\/arantv.az\/index.php?rest_route=%2Fwp%2Fv2%2Fcomments&post=91611"}],"version-history":[{"count":0,"href":"https:\/\/arantv.az\/index.php?rest_route=\/wp\/v2\/posts\/91611\/revisions"}],"wp:featuredmedia":[{"embeddable":true,"href":"https:\/\/arantv.az\/index.php?rest_route=\/wp\/v2\/media\/91612"}],"wp:attachment":[{"href":"https:\/\/arantv.az\/index.php?rest_route=%2Fwp%2Fv2%2Fmedia&parent=91611"}],"wp:term":[{"taxonomy":"category","embeddable":true,"href":"https:\/\/arantv.az\/index.php?rest_route=%2Fwp%2Fv2%2Fcategories&post=91611"},{"taxonomy":"post_tag","embeddable":true,"href":"https:\/\/arantv.az\/index.php?rest_route=%2Fwp%2Fv2%2Ftags&post=91611"}],"curies":[{"name":"wp","href":"https:\/\/api.w.org\/{rel}","templated":true}]}}