{"id":91770,"date":"2019-11-02T08:09:15","date_gmt":"2019-11-02T05:09:15","guid":{"rendered":"http:\/\/arantv.az\/?p=91770"},"modified":"2019-11-02T08:09:15","modified_gmt":"2019-11-02T05:09:15","slug":"s%c9%99mkird%c9%99-qizi-qacirmaq-ist%c9%99dil%c9%99r-qardasi-x%c9%99sar%c9%99t-aldi","status":"publish","type":"post","link":"https:\/\/arantv.az\/?p=91770","title":{"rendered":"\u015e\u0259mkird\u0259 q\u0131z\u0131 qa\u00e7\u0131rmaq ist\u0259dil\u0259r, qarda\u015f\u0131 x\u0259sar\u0259t ald\u0131"},"content":{"rendered":"<p>\u015e\u0259mkir rayonunun \u00c7inarl\u0131 q\u0259s\u0259b\u0259sind\u0259 q\u0131z\u0131 qa\u00e7ma\u011fa \u00e7al\u0131\u015fark\u0259n qarda\u015f\u0131na x\u0259sar\u0259t yetirilib.<\/p>\n<p><b>ARANTV.AZ<\/b> x\u0259b\u0259r verir<b>\u00a0<\/b>ki, 2001-ci il t\u0259v\u0259ll\u00fcdl\u00fc M\u0259mm\u0259d Xanverdiyev bac\u0131s\u0131n\u0131n qa\u00e7\u0131r\u0131lmas\u0131n\u0131n qar\u015f\u0131s\u0131n\u0131 alark\u0259n a\u011f\u0131r x\u0259sar\u0259t al\u0131b.<\/p>\n<p>Bel\u0259 ki, 21 ya\u015fl\u0131 bac\u0131s\u0131n\u0131n avtomobill\u0259 qa\u00e7\u0131r\u0131ld\u0131\u011f\u0131n\u0131 g\u00f6r\u0259n M.Xanverdiyev bu i\u015f\u0259 mane olma\u011fa \u00e7al\u0131\u015f\u0131b. Bu zaman onu\u00a0avtomobil s\u00fcr\u00fcy\u00fcb.<\/p>\n<p>\u0130lkin m\u0259lumata g\u00f6r\u0259, \u015e\u0259mkir rayon M\u0259rk\u0259zi X\u0259st\u0259xanas\u0131na yerl\u0259\u015fdiril\u0259n qarda\u015f\u0131n a\u011f\u0131r k\u0259ll\u0259 beyin travmas\u0131 ald\u0131\u011f\u0131 bildirilir. O, reanimasiya \u015f\u00f6b\u0259sin\u0259 yerl\u0259\u015fdirilib.<\/p>\n<p>Faktla ba\u011fl\u0131 ara\u015fd\u0131rma apar\u0131l\u0131r.oxu.az<\/p>\n","protected":false},"excerpt":{"rendered":"<p>\u015e\u0259mkir rayonunun \u00c7inarl\u0131 q\u0259s\u0259b\u0259sind\u0259 q\u0131z\u0131 qa\u00e7ma\u011fa \u00e7al\u0131\u015fark\u0259n qarda\u015f\u0131na x\u0259sar\u0259t yetirilib. ARANTV.AZ x\u0259b\u0259r verir\u00a0ki, 2001-ci il t\u0259v\u0259ll\u00fcdl\u00fc M\u0259mm\u0259d Xanverdiyev bac\u0131s\u0131n\u0131n qa\u00e7\u0131r\u0131lmas\u0131n\u0131n qar\u015f\u0131s\u0131n\u0131 alark\u0259n a\u011f\u0131r x\u0259sar\u0259t al\u0131b. Bel\u0259 ki, 21 ya\u015fl\u0131 bac\u0131s\u0131n\u0131n avtomobill\u0259 qa\u00e7\u0131r\u0131ld\u0131\u011f\u0131n\u0131 g\u00f6r\u0259n M.Xanverdiyev bu i\u015f\u0259 mane olma\u011fa \u00e7al\u0131\u015f\u0131b. Bu zaman onu\u00a0avtomobil s\u00fcr\u00fcy\u00fcb. \u0130lkin m\u0259lumata g\u00f6r\u0259, \u015e\u0259mkir rayon M\u0259rk\u0259zi X\u0259st\u0259xanas\u0131na yerl\u0259\u015fdiril\u0259n qarda\u015f\u0131n a\u011f\u0131r k\u0259ll\u0259 beyin travmas\u0131 ald\u0131\u011f\u0131 bildirilir. O, reanimasiya \u015f\u00f6b\u0259sin\u0259 yerl\u0259\u015fdirilib. Faktla ba\u011fl\u0131 ara\u015fd\u0131rma apar\u0131l\u0131r.oxu.az<\/p>\n","protected":false},"author":2,"featured_media":91771,"comment_status":"closed","ping_status":"closed","sticky":false,"template":"","format":"standard","meta":{"om_disable_all_campaigns":false,"_monsterinsights_skip_tracking":false,"_monsterinsights_sitenote_active":false,"_monsterinsights_sitenote_note":"","_monsterinsights_sitenote_category":0},"categories":[1],"tags":[],"aioseo_notices":[],"gutentor_comment":0,"rttpg_featured_image_url":{"full":["https:\/\/arantv.az\/wp-content\/uploads\/2019\/11\/q\u00c4\u00b1z.jpg",620,384,false],"landscape":["https:\/\/arantv.az\/wp-content\/uploads\/2019\/11\/q\u00c4\u00b1z.jpg",620,384,false],"portraits":["https:\/\/arantv.az\/wp-content\/uploads\/2019\/11\/q\u00c4\u00b1z.jpg",620,384,false],"thumbnail":["https:\/\/arantv.az\/wp-content\/uploads\/2019\/11\/q\u00c4\u00b1z-150x150.jpg",150,150,true],"medium":["https:\/\/arantv.az\/wp-content\/uploads\/2019\/11\/q\u00c4\u00b1z-300x186.jpg",300,186,true],"large":["https:\/\/arantv.az\/wp-content\/uploads\/2019\/11\/q\u00c4\u00b1z.jpg",620,384,false],"1536x1536":["https:\/\/arantv.az\/wp-content\/uploads\/2019\/11\/q\u00c4\u00b1z.jpg",620,384,false],"2048x2048":["https:\/\/arantv.az\/wp-content\/uploads\/2019\/11\/q\u00c4\u00b1z.jpg",620,384,false],"post-thumbnail":["https:\/\/arantv.az\/wp-content\/uploads\/2019\/11\/q\u00c4\u00b1z-240x172.jpg",240,172,true],"advps-thumb-one":["https:\/\/arantv.az\/wp-content\/uploads\/2019\/11\/q\u00c4\u00b1z.jpg",620,384,false]},"rttpg_author":{"display_name":"V\u00fcsal Rafiqo\u011flu","author_link":"https:\/\/arantv.az\/?author=2"},"rttpg_comment":0,"rttpg_category":"<a href=\"https:\/\/arantv.az\/?cat=1\" rel=\"category\">C\u0259miyy\u0259t<\/a>","rttpg_excerpt":"\u015e\u0259mkir rayonunun \u00c7inarl\u0131 q\u0259s\u0259b\u0259sind\u0259 q\u0131z\u0131 qa\u00e7ma\u011fa \u00e7al\u0131\u015fark\u0259n qarda\u015f\u0131na x\u0259sar\u0259t yetirilib. ARANTV.AZ x\u0259b\u0259r verir\u00a0ki, 2001-ci il t\u0259v\u0259ll\u00fcdl\u00fc M\u0259mm\u0259d Xanverdiyev bac\u0131s\u0131n\u0131n qa\u00e7\u0131r\u0131lmas\u0131n\u0131n qar\u015f\u0131s\u0131n\u0131 alark\u0259n a\u011f\u0131r x\u0259sar\u0259t al\u0131b. Bel\u0259 ki, 21 ya\u015fl\u0131 bac\u0131s\u0131n\u0131n avtomobill\u0259 qa\u00e7\u0131r\u0131ld\u0131\u011f\u0131n\u0131 g\u00f6r\u0259n M.Xanverdiyev bu i\u015f\u0259 mane olma\u011fa \u00e7al\u0131\u015f\u0131b. Bu zaman onu\u00a0avtomobil s\u00fcr\u00fcy\u00fcb. \u0130lkin m\u0259lumata g\u00f6r\u0259, \u015e\u0259mkir rayon M\u0259rk\u0259zi X\u0259st\u0259xanas\u0131na yerl\u0259\u015fdiril\u0259n qarda\u015f\u0131n a\u011f\u0131r k\u0259ll\u0259 beyin&hellip;","_links":{"self":[{"href":"https:\/\/arantv.az\/index.php?rest_route=\/wp\/v2\/posts\/91770"}],"collection":[{"href":"https:\/\/arantv.az\/index.php?rest_route=\/wp\/v2\/posts"}],"about":[{"href":"https:\/\/arantv.az\/index.php?rest_route=\/wp\/v2\/types\/post"}],"author":[{"embeddable":true,"href":"https:\/\/arantv.az\/index.php?rest_route=\/wp\/v2\/users\/2"}],"replies":[{"embeddable":true,"href":"https:\/\/arantv.az\/index.php?rest_route=%2Fwp%2Fv2%2Fcomments&post=91770"}],"version-history":[{"count":0,"href":"https:\/\/arantv.az\/index.php?rest_route=\/wp\/v2\/posts\/91770\/revisions"}],"wp:featuredmedia":[{"embeddable":true,"href":"https:\/\/arantv.az\/index.php?rest_route=\/wp\/v2\/media\/91771"}],"wp:attachment":[{"href":"https:\/\/arantv.az\/index.php?rest_route=%2Fwp%2Fv2%2Fmedia&parent=91770"}],"wp:term":[{"taxonomy":"category","embeddable":true,"href":"https:\/\/arantv.az\/index.php?rest_route=%2Fwp%2Fv2%2Fcategories&post=91770"},{"taxonomy":"post_tag","embeddable":true,"href":"https:\/\/arantv.az\/index.php?rest_route=%2Fwp%2Fv2%2Ftags&post=91770"}],"curies":[{"name":"wp","href":"https:\/\/api.w.org\/{rel}","templated":true}]}}