{"id":91782,"date":"2019-11-02T08:15:23","date_gmt":"2019-11-02T05:15:23","guid":{"rendered":"http:\/\/arantv.az\/?p=91782"},"modified":"2019-11-02T08:15:23","modified_gmt":"2019-11-02T05:15:23","slug":"bakida-guclu-kul%c9%99k-%c9%99s%c9%99c%c9%99k-x%c9%99b%c9%99rdarliq","status":"publish","type":"post","link":"https:\/\/arantv.az\/?p=91782","title":{"rendered":"Bak\u0131da g\u00fccl\u00fc k\u00fcl\u0259k \u0259s\u0259c\u0259k &#8211; X\u018fB\u018fRDARLIQ"},"content":{"rendered":"<p>Ekologiya v\u0259 T\u0259bii S\u0259rv\u0259tl\u0259r Nazirliyi g\u00fccl\u00fc k\u00fcl\u0259kl\u0259 ba\u011fl\u0131 x\u0259b\u0259rdarl\u0131q yay\u0131b.<\/p>\n<p>Nazirliyin Milli Hidrometeorologiya Departamentind\u0259n veril\u0259n m\u0259lumata g\u00f6r\u0259, Bak\u0131da v\u0259 Ab\u015feron yar\u0131madas\u0131nda noyabr\u0131n 2-si g\u00fcnd\u00fczd\u0259n 3-\u00fc s\u0259h\u0259r\u0259d\u0259k \u015fimal-q\u0259rb k\u00fcl\u0259yinin s\u00fcr\u0259tinin 18-23, arabir 25-30 m\/s t\u0259\u015fkil ed\u0259c\u0259yi, g\u00fcnd\u00fcz yar\u0131madan\u0131n b\u0259zi yerl\u0259rind\u0259 arabir 32-35 m\/s-d\u0259k g\u00fccl\u0259n\u0259c\u0259yi g\u00f6zl\u0259nilir.<\/p>\n<p>Fasil\u0259l\u0259rl\u0259 ya\u011f\u0131\u015f ya\u011facaq.<\/p>\n","protected":false},"excerpt":{"rendered":"<p>Ekologiya v\u0259 T\u0259bii S\u0259rv\u0259tl\u0259r Nazirliyi g\u00fccl\u00fc k\u00fcl\u0259kl\u0259 ba\u011fl\u0131 x\u0259b\u0259rdarl\u0131q yay\u0131b. Nazirliyin Milli Hidrometeorologiya Departamentind\u0259n veril\u0259n m\u0259lumata g\u00f6r\u0259, Bak\u0131da v\u0259 Ab\u015feron yar\u0131madas\u0131nda noyabr\u0131n 2-si g\u00fcnd\u00fczd\u0259n 3-\u00fc s\u0259h\u0259r\u0259d\u0259k \u015fimal-q\u0259rb k\u00fcl\u0259yinin s\u00fcr\u0259tinin 18-23, arabir 25-30 m\/s t\u0259\u015fkil ed\u0259c\u0259yi, g\u00fcnd\u00fcz yar\u0131madan\u0131n b\u0259zi yerl\u0259rind\u0259 arabir 32-35 m\/s-d\u0259k g\u00fccl\u0259n\u0259c\u0259yi g\u00f6zl\u0259nilir. Fasil\u0259l\u0259rl\u0259 ya\u011f\u0131\u015f ya\u011facaq.<\/p>\n","protected":false},"author":2,"featured_media":91783,"comment_status":"closed","ping_status":"closed","sticky":false,"template":"","format":"standard","meta":{"om_disable_all_campaigns":false,"_monsterinsights_skip_tracking":false,"_monsterinsights_sitenote_active":false,"_monsterinsights_sitenote_note":"","_monsterinsights_sitenote_category":0},"categories":[22],"tags":[],"aioseo_notices":[],"gutentor_comment":0,"rttpg_featured_image_url":{"full":["https:\/\/arantv.az\/wp-content\/uploads\/2019\/11\/2901296-women-hair-in-face-windy-scarf___people-wallpapers.jpg",620,413,false],"landscape":["https:\/\/arantv.az\/wp-content\/uploads\/2019\/11\/2901296-women-hair-in-face-windy-scarf___people-wallpapers.jpg",620,413,false],"portraits":["https:\/\/arantv.az\/wp-content\/uploads\/2019\/11\/2901296-women-hair-in-face-windy-scarf___people-wallpapers.jpg",620,413,false],"thumbnail":["https:\/\/arantv.az\/wp-content\/uploads\/2019\/11\/2901296-women-hair-in-face-windy-scarf___people-wallpapers-150x150.jpg",150,150,true],"medium":["https:\/\/arantv.az\/wp-content\/uploads\/2019\/11\/2901296-women-hair-in-face-windy-scarf___people-wallpapers-300x200.jpg",300,200,true],"large":["https:\/\/arantv.az\/wp-content\/uploads\/2019\/11\/2901296-women-hair-in-face-windy-scarf___people-wallpapers.jpg",620,413,false],"1536x1536":["https:\/\/arantv.az\/wp-content\/uploads\/2019\/11\/2901296-women-hair-in-face-windy-scarf___people-wallpapers.jpg",620,413,false],"2048x2048":["https:\/\/arantv.az\/wp-content\/uploads\/2019\/11\/2901296-women-hair-in-face-windy-scarf___people-wallpapers.jpg",620,413,false],"post-thumbnail":["https:\/\/arantv.az\/wp-content\/uploads\/2019\/11\/2901296-women-hair-in-face-windy-scarf___people-wallpapers-240x172.jpg",240,172,true],"advps-thumb-one":["https:\/\/arantv.az\/wp-content\/uploads\/2019\/11\/2901296-women-hair-in-face-windy-scarf___people-wallpapers.jpg",620,413,false]},"rttpg_author":{"display_name":"V\u00fcsal Rafiqo\u011flu","author_link":"https:\/\/arantv.az\/?author=2"},"rttpg_comment":0,"rttpg_category":"<a href=\"https:\/\/arantv.az\/?cat=22\" rel=\"category\">Hava<\/a>","rttpg_excerpt":"Ekologiya v\u0259 T\u0259bii S\u0259rv\u0259tl\u0259r Nazirliyi g\u00fccl\u00fc k\u00fcl\u0259kl\u0259 ba\u011fl\u0131 x\u0259b\u0259rdarl\u0131q yay\u0131b. Nazirliyin Milli Hidrometeorologiya Departamentind\u0259n veril\u0259n m\u0259lumata g\u00f6r\u0259, Bak\u0131da v\u0259 Ab\u015feron yar\u0131madas\u0131nda noyabr\u0131n 2-si g\u00fcnd\u00fczd\u0259n 3-\u00fc s\u0259h\u0259r\u0259d\u0259k \u015fimal-q\u0259rb k\u00fcl\u0259yinin s\u00fcr\u0259tinin 18-23, arabir 25-30 m\/s t\u0259\u015fkil ed\u0259c\u0259yi, g\u00fcnd\u00fcz yar\u0131madan\u0131n b\u0259zi yerl\u0259rind\u0259 arabir 32-35 m\/s-d\u0259k g\u00fccl\u0259n\u0259c\u0259yi g\u00f6zl\u0259nilir. Fasil\u0259l\u0259rl\u0259 ya\u011f\u0131\u015f ya\u011facaq.","_links":{"self":[{"href":"https:\/\/arantv.az\/index.php?rest_route=\/wp\/v2\/posts\/91782"}],"collection":[{"href":"https:\/\/arantv.az\/index.php?rest_route=\/wp\/v2\/posts"}],"about":[{"href":"https:\/\/arantv.az\/index.php?rest_route=\/wp\/v2\/types\/post"}],"author":[{"embeddable":true,"href":"https:\/\/arantv.az\/index.php?rest_route=\/wp\/v2\/users\/2"}],"replies":[{"embeddable":true,"href":"https:\/\/arantv.az\/index.php?rest_route=%2Fwp%2Fv2%2Fcomments&post=91782"}],"version-history":[{"count":0,"href":"https:\/\/arantv.az\/index.php?rest_route=\/wp\/v2\/posts\/91782\/revisions"}],"wp:featuredmedia":[{"embeddable":true,"href":"https:\/\/arantv.az\/index.php?rest_route=\/wp\/v2\/media\/91783"}],"wp:attachment":[{"href":"https:\/\/arantv.az\/index.php?rest_route=%2Fwp%2Fv2%2Fmedia&parent=91782"}],"wp:term":[{"taxonomy":"category","embeddable":true,"href":"https:\/\/arantv.az\/index.php?rest_route=%2Fwp%2Fv2%2Fcategories&post=91782"},{"taxonomy":"post_tag","embeddable":true,"href":"https:\/\/arantv.az\/index.php?rest_route=%2Fwp%2Fv2%2Ftags&post=91782"}],"curies":[{"name":"wp","href":"https:\/\/api.w.org\/{rel}","templated":true}]}}