{"id":91828,"date":"2019-11-02T09:01:41","date_gmt":"2019-11-02T06:01:41","guid":{"rendered":"http:\/\/arantv.az\/?p=91828"},"modified":"2019-11-02T09:01:41","modified_gmt":"2019-11-02T06:01:41","slug":"bin%c9%99-ticar%c9%99t-m%c9%99rk%c9%99zi-su-altinda-qaldi-foto","status":"publish","type":"post","link":"https:\/\/arantv.az\/?p=91828","title":{"rendered":"\u201cBin\u0259\u201d ticar\u0259t m\u0259rk\u0259zi su alt\u0131nda qald\u0131 &#8211; FOTO"},"content":{"rendered":"<p>Gec\u0259 saatlar\u0131nda\u00a0ya\u011fan g\u00fccl\u00fc ya\u011f\u0131\u015f paytaxt\u0131 sel-su alt\u0131nda qoyub.<\/p>\n<p><strong>ARANTV.AZ\u00a0<\/strong>\u00a0x\u0259b\u0259r verir ki, ya\u011f\u0131nt\u0131n\u0131n \u0259n \u00e7ox d\u00fc\u015fd\u00fcy\u00fc yerl\u0259rd\u0259n biri d\u0259 Bak\u0131n\u0131n Qarada\u011f rayonu olub.<\/p>\n<p>Bel\u0259 ki, L\u00f6kbatanda yerl\u0259\u015f\u0259n \u201cBin\u0259\u201d ticar\u0259t m\u0259rk\u0259zinin dayanaca\u011f\u0131n\u0131 su bas\u0131b. S\u0259h\u0259r ticar\u0259t m\u0259rk\u0259zin\u0259 ged\u0259nl\u0259r avtomobill\u0259rini saxlamaq \u00fc\u00e7\u00fcn yer tapa bilm\u0259yib.<\/p>\n<p>Ma\u011faza sahibl\u0259ri, sat\u0131c\u0131lar suyun b\u0259zi ma\u011fazalara doldu\u011funu\u00a0bildirir.<\/p>\n<p>Qeyd ed\u0259k ki,\u00a0h\u0259r d\u0259f\u0259 g\u00fccl\u00fc ya\u011f\u0131\u015f ya\u011fark\u0259n ticar\u0259t m\u0259rk\u0259zind\u0259 eyni problem ortaya \u00e7\u0131x\u0131r.<\/p>\n<div class=\"gallery\">\n<div class=\"gallery-i\"><img src=\"https:\/\/assets.oxu.az\/uploads\/W1siZiIsIjIwMTkvMTEvMDIvMDkvMzMvMjUvNTM2YjYyOWItZTFiOC00ZGI1LTgwMjEtMTRiODI3MmE1ODdkL2IxLmpwZyJdLFsicCIsImVuY29kZSIsImpwZyIsIi1xdWFsaXR5IDgwIl0sWyJwIiwidGh1bWIiLCI1OTB4NTkwXHUwMDNlIl0sWyJwIiwid2F0ZXJtYXJrIl1d?sha=c5184115b2395e62\" alt=\"\" \/><\/p>\n<div class=\"gallery-i-caption\"><\/div>\n<\/div>\n<div class=\"gallery-i\"><img src=\"https:\/\/assets.oxu.az\/uploads\/W1siZiIsIjIwMTkvMTEvMDIvMDkvMzMvMjUvM2MxNzlhNDItNjc4NC00ZDkzLWIyYTctZTI1NDRkYzMxNTE1L2IyLmpwZyJdLFsicCIsImVuY29kZSIsImpwZyIsIi1xdWFsaXR5IDgwIl0sWyJwIiwidGh1bWIiLCI1OTB4NTkwXHUwMDNlIl0sWyJwIiwid2F0ZXJtYXJrIl1d?sha=4f212079638791a4\" alt=\"\" \/><\/p>\n<div class=\"gallery-i-caption\"><\/div>\n<\/div>\n<div class=\"gallery-i\"><img src=\"https:\/\/assets.oxu.az\/uploads\/W1siZiIsIjIwMTkvMTEvMDIvMDkvMzMvMjUvMDRiM2VkNGMtMGIyZi00ZWNiLTg1YjgtMzQ2OTEwYzFkOWJhL2IzLmpwZyJdLFsicCIsImVuY29kZSIsImpwZyIsIi1xdWFsaXR5IDgwIl0sWyJwIiwidGh1bWIiLCI1OTB4NTkwXHUwMDNlIl0sWyJwIiwid2F0ZXJtYXJrIl1d?sha=a3f3cb806af1a9e5\" alt=\"\" \/><\/p>\n<div class=\"gallery-i-caption\"><\/div>\n<\/div>\n<div class=\"gallery-i\"><img src=\"https:\/\/assets.oxu.az\/uploads\/W1siZiIsIjIwMTkvMTEvMDIvMDkvMzMvMjUvMjUzYjdmM2YtNzUxNC00NzczLWE3YzktMGY5MDA0YWJkYjQyL2I0LmpwZyJdLFsicCIsImVuY29kZSIsImpwZyIsIi1xdWFsaXR5IDgwIl0sWyJwIiwidGh1bWIiLCI1OTB4NTkwXHUwMDNlIl0sWyJwIiwid2F0ZXJtYXJrIl1d?sha=deaa340aebfeab05\" alt=\"\" \/><\/p>\n<div class=\"gallery-i-caption\"><\/div>\n<\/div>\n<div class=\"gallery-i\"><img src=\"https:\/\/assets.oxu.az\/uploads\/W1siZiIsIjIwMTkvMTEvMDIvMDkvMzMvMjUvYzRjNzc3YzYtYjFmYS00NDRhLWI2NTQtMzhhYTQ5YTQwOTcyL2I1LmpwZyJdLFsicCIsImVuY29kZSIsImpwZyIsIi1xdWFsaXR5IDgwIl0sWyJwIiwidGh1bWIiLCI1OTB4NTkwXHUwMDNlIl0sWyJwIiwid2F0ZXJtYXJrIl1d?sha=8ec1be9d53704d53\" alt=\"\" \/><\/div>\n<div>oxu.az<\/div>\n<\/div>\n","protected":false},"excerpt":{"rendered":"<p>Gec\u0259 saatlar\u0131nda\u00a0ya\u011fan g\u00fccl\u00fc ya\u011f\u0131\u015f paytaxt\u0131 sel-su alt\u0131nda qoyub. ARANTV.AZ\u00a0\u00a0x\u0259b\u0259r verir ki, ya\u011f\u0131nt\u0131n\u0131n \u0259n \u00e7ox d\u00fc\u015fd\u00fcy\u00fc yerl\u0259rd\u0259n biri d\u0259 Bak\u0131n\u0131n Qarada\u011f rayonu olub. Bel\u0259 ki, L\u00f6kbatanda yerl\u0259\u015f\u0259n \u201cBin\u0259\u201d ticar\u0259t m\u0259rk\u0259zinin dayanaca\u011f\u0131n\u0131 su bas\u0131b. S\u0259h\u0259r ticar\u0259t m\u0259rk\u0259zin\u0259 ged\u0259nl\u0259r avtomobill\u0259rini saxlamaq \u00fc\u00e7\u00fcn yer tapa bilm\u0259yib. Ma\u011faza sahibl\u0259ri, sat\u0131c\u0131lar suyun b\u0259zi ma\u011fazalara doldu\u011funu\u00a0bildirir. Qeyd ed\u0259k ki,\u00a0h\u0259r d\u0259f\u0259 g\u00fccl\u00fc ya\u011f\u0131\u015f ya\u011fark\u0259n ticar\u0259t m\u0259rk\u0259zind\u0259 eyni problem ortaya \u00e7\u0131x\u0131r. oxu.az<\/p>\n","protected":false},"author":2,"featured_media":91829,"comment_status":"closed","ping_status":"closed","sticky":false,"template":"","format":"standard","meta":{"om_disable_all_campaigns":false,"_monsterinsights_skip_tracking":false,"_monsterinsights_sitenote_active":false,"_monsterinsights_sitenote_note":"","_monsterinsights_sitenote_category":0},"categories":[1],"tags":[],"aioseo_notices":[],"gutentor_comment":0,"rttpg_featured_image_url":{"full":["https:\/\/arantv.az\/wp-content\/uploads\/2019\/11\/bine.jpg",607,465,false],"landscape":["https:\/\/arantv.az\/wp-content\/uploads\/2019\/11\/bine.jpg",607,465,false],"portraits":["https:\/\/arantv.az\/wp-content\/uploads\/2019\/11\/bine.jpg",607,465,false],"thumbnail":["https:\/\/arantv.az\/wp-content\/uploads\/2019\/11\/bine-150x150.jpg",150,150,true],"medium":["https:\/\/arantv.az\/wp-content\/uploads\/2019\/11\/bine-300x230.jpg",300,230,true],"large":["https:\/\/arantv.az\/wp-content\/uploads\/2019\/11\/bine.jpg",607,465,false],"1536x1536":["https:\/\/arantv.az\/wp-content\/uploads\/2019\/11\/bine.jpg",607,465,false],"2048x2048":["https:\/\/arantv.az\/wp-content\/uploads\/2019\/11\/bine.jpg",607,465,false],"post-thumbnail":["https:\/\/arantv.az\/wp-content\/uploads\/2019\/11\/bine-240x172.jpg",240,172,true],"advps-thumb-one":["https:\/\/arantv.az\/wp-content\/uploads\/2019\/11\/bine.jpg",607,465,false]},"rttpg_author":{"display_name":"V\u00fcsal Rafiqo\u011flu","author_link":"https:\/\/arantv.az\/?author=2"},"rttpg_comment":0,"rttpg_category":"<a href=\"https:\/\/arantv.az\/?cat=1\" rel=\"category\">C\u0259miyy\u0259t<\/a>","rttpg_excerpt":"Gec\u0259 saatlar\u0131nda\u00a0ya\u011fan g\u00fccl\u00fc ya\u011f\u0131\u015f paytaxt\u0131 sel-su alt\u0131nda qoyub. ARANTV.AZ\u00a0\u00a0x\u0259b\u0259r verir ki, ya\u011f\u0131nt\u0131n\u0131n \u0259n \u00e7ox d\u00fc\u015fd\u00fcy\u00fc yerl\u0259rd\u0259n biri d\u0259 Bak\u0131n\u0131n Qarada\u011f rayonu olub. Bel\u0259 ki, L\u00f6kbatanda yerl\u0259\u015f\u0259n \u201cBin\u0259\u201d ticar\u0259t m\u0259rk\u0259zinin dayanaca\u011f\u0131n\u0131 su bas\u0131b. S\u0259h\u0259r ticar\u0259t m\u0259rk\u0259zin\u0259 ged\u0259nl\u0259r avtomobill\u0259rini saxlamaq \u00fc\u00e7\u00fcn yer tapa bilm\u0259yib. Ma\u011faza sahibl\u0259ri, sat\u0131c\u0131lar suyun b\u0259zi ma\u011fazalara doldu\u011funu\u00a0bildirir. Qeyd ed\u0259k ki,\u00a0h\u0259r d\u0259f\u0259 g\u00fccl\u00fc ya\u011f\u0131\u015f&hellip;","_links":{"self":[{"href":"https:\/\/arantv.az\/index.php?rest_route=\/wp\/v2\/posts\/91828"}],"collection":[{"href":"https:\/\/arantv.az\/index.php?rest_route=\/wp\/v2\/posts"}],"about":[{"href":"https:\/\/arantv.az\/index.php?rest_route=\/wp\/v2\/types\/post"}],"author":[{"embeddable":true,"href":"https:\/\/arantv.az\/index.php?rest_route=\/wp\/v2\/users\/2"}],"replies":[{"embeddable":true,"href":"https:\/\/arantv.az\/index.php?rest_route=%2Fwp%2Fv2%2Fcomments&post=91828"}],"version-history":[{"count":0,"href":"https:\/\/arantv.az\/index.php?rest_route=\/wp\/v2\/posts\/91828\/revisions"}],"wp:featuredmedia":[{"embeddable":true,"href":"https:\/\/arantv.az\/index.php?rest_route=\/wp\/v2\/media\/91829"}],"wp:attachment":[{"href":"https:\/\/arantv.az\/index.php?rest_route=%2Fwp%2Fv2%2Fmedia&parent=91828"}],"wp:term":[{"taxonomy":"category","embeddable":true,"href":"https:\/\/arantv.az\/index.php?rest_route=%2Fwp%2Fv2%2Fcategories&post=91828"},{"taxonomy":"post_tag","embeddable":true,"href":"https:\/\/arantv.az\/index.php?rest_route=%2Fwp%2Fv2%2Ftags&post=91828"}],"curies":[{"name":"wp","href":"https:\/\/api.w.org\/{rel}","templated":true}]}}