{"id":91836,"date":"2019-11-02T09:14:41","date_gmt":"2019-11-02T06:14:41","guid":{"rendered":"http:\/\/arantv.az\/?p=91836"},"modified":"2019-11-02T09:14:41","modified_gmt":"2019-11-02T06:14:41","slug":"prezident-administrasiyasinda-iki-sob%c9%99-mudiri-v%c9%99zif%c9%99si-bosdur","status":"publish","type":"post","link":"https:\/\/arantv.az\/?p=91836","title":{"rendered":"Prezident Administrasiyas\u0131nda iki \u015f\u00f6b\u0259 m\u00fcdiri v\u0259zif\u0259si bo\u015fdur"},"content":{"rendered":"<p>Ba\u015f nazir v\u0259zif\u0259sin\u0259 t\u0259sdiql\u0259n\u0259n \u018fli \u018fs\u0259dovun ad\u0131 Prezidentin \u0130qtisadi m\u0259s\u0259l\u0259l\u0259r \u00fczr\u0259 k\u00f6m\u0259k\u00e7isi \u2013 \u015f\u00f6b\u0259 m\u00fcdiri siyah\u0131s\u0131ndan \u00e7\u0131xar\u0131l\u0131b.<\/p>\n<p><b>ARANTV.AZ<\/b>-\u0131n x\u0259b\u0259rin\u0259 g\u00f6r\u0259, Prezident Administrasiyas\u0131n\u0131n sayt\u0131nda bu v\u0259zif\u0259d\u0259 olan \u015f\u0259xsin ad\u0131 g\u00f6st\u0259rilm\u0259yib.<\/p>\n<p>Qeyd ed\u0259k ki, oktyabr\u0131n 8-d\u0259 Milli M\u0259clis \u018fli \u018fs\u0259dovun Ba\u015f nazir t\u0259yin olunmas\u0131na raz\u0131l\u0131q verdi.<\/p>\n<p>Prezident \u0130lham \u018fliyev is\u0259 \u018fli \u018fs\u0259dovun Ba\u015f nazir t\u0259yin olunmas\u0131 il\u0259 ba\u011fl\u0131 s\u0259r\u0259ncam imzalad\u0131.<\/p>\n<p>\u018f.\u018fs\u0259dov Ba\u015f nazir postuna g\u0259tiril\u0259n\u0259 q\u0259d\u0259r Prezidentin \u0130qtisadi m\u0259s\u0259l\u0259l\u0259r \u00fczr\u0259 k\u00f6m\u0259k\u00e7isi \u2013 \u015f\u00f6b\u0259 m\u00fcdiri v\u0259zif\u0259sini tuturdu.<\/p>\n<p>Bununla yana\u015f\u0131, Prezident Administrasiyas\u0131n\u0131n \u0130nnovativ inki\u015faf v\u0259 elektron h\u00f6kum\u0259t m\u0259s\u0259l\u0259l\u0259ri \u015f\u00f6b\u0259sin\u0259 d\u0259 h\u0259l\u0259lik t\u0259yinat olmay\u0131b.oxu.az<\/p>\n","protected":false},"excerpt":{"rendered":"<p>Ba\u015f nazir v\u0259zif\u0259sin\u0259 t\u0259sdiql\u0259n\u0259n \u018fli \u018fs\u0259dovun ad\u0131 Prezidentin \u0130qtisadi m\u0259s\u0259l\u0259l\u0259r \u00fczr\u0259 k\u00f6m\u0259k\u00e7isi \u2013 \u015f\u00f6b\u0259 m\u00fcdiri siyah\u0131s\u0131ndan \u00e7\u0131xar\u0131l\u0131b. ARANTV.AZ-\u0131n x\u0259b\u0259rin\u0259 g\u00f6r\u0259, Prezident Administrasiyas\u0131n\u0131n sayt\u0131nda bu v\u0259zif\u0259d\u0259 olan \u015f\u0259xsin ad\u0131 g\u00f6st\u0259rilm\u0259yib. Qeyd ed\u0259k ki, oktyabr\u0131n 8-d\u0259 Milli M\u0259clis \u018fli \u018fs\u0259dovun Ba\u015f nazir t\u0259yin olunmas\u0131na raz\u0131l\u0131q verdi. Prezident \u0130lham \u018fliyev is\u0259 \u018fli \u018fs\u0259dovun Ba\u015f nazir t\u0259yin olunmas\u0131 il\u0259 ba\u011fl\u0131 s\u0259r\u0259ncam imzalad\u0131. \u018f.\u018fs\u0259dov Ba\u015f nazir postuna g\u0259tiril\u0259n\u0259 q\u0259d\u0259r Prezidentin \u0130qtisadi m\u0259s\u0259l\u0259l\u0259r \u00fczr\u0259 k\u00f6m\u0259k\u00e7isi \u2013 \u015f\u00f6b\u0259 m\u00fcdiri v\u0259zif\u0259sini tuturdu. Bununla yana\u015f\u0131, Prezident Administrasiyas\u0131n\u0131n \u0130nnovativ inki\u015faf v\u0259 elektron h\u00f6kum\u0259t m\u0259s\u0259l\u0259l\u0259ri \u015f\u00f6b\u0259sin\u0259 d\u0259 h\u0259l\u0259lik t\u0259yinat olmay\u0131b.oxu.az<\/p>\n","protected":false},"author":2,"featured_media":91837,"comment_status":"closed","ping_status":"closed","sticky":false,"template":"","format":"standard","meta":{"om_disable_all_campaigns":false,"_monsterinsights_skip_tracking":false,"_monsterinsights_sitenote_active":false,"_monsterinsights_sitenote_note":"","_monsterinsights_sitenote_category":0},"categories":[4],"tags":[],"aioseo_notices":[],"gutentor_comment":0,"rttpg_featured_image_url":{"full":["https:\/\/arantv.az\/wp-content\/uploads\/2019\/11\/000035.jpg",620,420,false],"landscape":["https:\/\/arantv.az\/wp-content\/uploads\/2019\/11\/000035.jpg",620,420,false],"portraits":["https:\/\/arantv.az\/wp-content\/uploads\/2019\/11\/000035.jpg",620,420,false],"thumbnail":["https:\/\/arantv.az\/wp-content\/uploads\/2019\/11\/000035-150x150.jpg",150,150,true],"medium":["https:\/\/arantv.az\/wp-content\/uploads\/2019\/11\/000035-300x203.jpg",300,203,true],"large":["https:\/\/arantv.az\/wp-content\/uploads\/2019\/11\/000035.jpg",620,420,false],"1536x1536":["https:\/\/arantv.az\/wp-content\/uploads\/2019\/11\/000035.jpg",620,420,false],"2048x2048":["https:\/\/arantv.az\/wp-content\/uploads\/2019\/11\/000035.jpg",620,420,false],"post-thumbnail":["https:\/\/arantv.az\/wp-content\/uploads\/2019\/11\/000035-240x172.jpg",240,172,true],"advps-thumb-one":["https:\/\/arantv.az\/wp-content\/uploads\/2019\/11\/000035.jpg",620,420,false]},"rttpg_author":{"display_name":"V\u00fcsal Rafiqo\u011flu","author_link":"https:\/\/arantv.az\/?author=2"},"rttpg_comment":0,"rttpg_category":"<a href=\"https:\/\/arantv.az\/?cat=4\" rel=\"category\">Siyas\u0259t<\/a>","rttpg_excerpt":"Ba\u015f nazir v\u0259zif\u0259sin\u0259 t\u0259sdiql\u0259n\u0259n \u018fli \u018fs\u0259dovun ad\u0131 Prezidentin \u0130qtisadi m\u0259s\u0259l\u0259l\u0259r \u00fczr\u0259 k\u00f6m\u0259k\u00e7isi \u2013 \u015f\u00f6b\u0259 m\u00fcdiri siyah\u0131s\u0131ndan \u00e7\u0131xar\u0131l\u0131b. ARANTV.AZ-\u0131n x\u0259b\u0259rin\u0259 g\u00f6r\u0259, Prezident Administrasiyas\u0131n\u0131n sayt\u0131nda bu v\u0259zif\u0259d\u0259 olan \u015f\u0259xsin ad\u0131 g\u00f6st\u0259rilm\u0259yib. Qeyd ed\u0259k ki, oktyabr\u0131n 8-d\u0259 Milli M\u0259clis \u018fli \u018fs\u0259dovun Ba\u015f nazir t\u0259yin olunmas\u0131na raz\u0131l\u0131q verdi. Prezident \u0130lham \u018fliyev is\u0259 \u018fli \u018fs\u0259dovun Ba\u015f nazir t\u0259yin olunmas\u0131 il\u0259&hellip;","_links":{"self":[{"href":"https:\/\/arantv.az\/index.php?rest_route=\/wp\/v2\/posts\/91836"}],"collection":[{"href":"https:\/\/arantv.az\/index.php?rest_route=\/wp\/v2\/posts"}],"about":[{"href":"https:\/\/arantv.az\/index.php?rest_route=\/wp\/v2\/types\/post"}],"author":[{"embeddable":true,"href":"https:\/\/arantv.az\/index.php?rest_route=\/wp\/v2\/users\/2"}],"replies":[{"embeddable":true,"href":"https:\/\/arantv.az\/index.php?rest_route=%2Fwp%2Fv2%2Fcomments&post=91836"}],"version-history":[{"count":0,"href":"https:\/\/arantv.az\/index.php?rest_route=\/wp\/v2\/posts\/91836\/revisions"}],"wp:featuredmedia":[{"embeddable":true,"href":"https:\/\/arantv.az\/index.php?rest_route=\/wp\/v2\/media\/91837"}],"wp:attachment":[{"href":"https:\/\/arantv.az\/index.php?rest_route=%2Fwp%2Fv2%2Fmedia&parent=91836"}],"wp:term":[{"taxonomy":"category","embeddable":true,"href":"https:\/\/arantv.az\/index.php?rest_route=%2Fwp%2Fv2%2Fcategories&post=91836"},{"taxonomy":"post_tag","embeddable":true,"href":"https:\/\/arantv.az\/index.php?rest_route=%2Fwp%2Fv2%2Ftags&post=91836"}],"curies":[{"name":"wp","href":"https:\/\/api.w.org\/{rel}","templated":true}]}}