{"id":91840,"date":"2019-11-02T09:17:38","date_gmt":"2019-11-02T06:17:38","guid":{"rendered":"http:\/\/arantv.az\/?p=91840"},"modified":"2019-11-02T09:17:38","modified_gmt":"2019-11-02T06:17:38","slug":"paytaxt-qisa-hazirdirmi","status":"publish","type":"post","link":"https:\/\/arantv.az\/?p=91840","title":{"rendered":"Paytaxt q\u0131\u015fa haz\u0131rd\u0131rm\u0131?"},"content":{"rendered":"<p>Bildiyimiz kimi, qar\u015f\u0131dan q\u0131\u015f f\u0259sli g\u0259lir. D\u00fczd\u00fcr, bir ne\u00e7\u0259 ildir ki, Bak\u0131da qar ya\u011fmasa da, q\u0131\u015f aylar\u0131nda m\u00fcxt\u0259lif probleml\u0259r meydana \u00e7\u0131x\u0131r. El\u0259 bu m\u0259qs\u0259dl\u0259 d\u0259 paytaxt k\u00fc\u00e7\u0259l\u0259rind\u0259 q\u0131\u015fa haz\u0131rl\u0131q prosesl\u0259rin\u0259 ba\u015flan\u0131l\u0131b.<\/p>\n<p>Bu yax\u0131nlarda Bak\u0131 \u015e\u0259h\u0259r \u0130cra Hakimiyy\u0259tind\u0259 (B\u015e\u0130H) pay\u0131z-q\u0131\u015f m\u00f6vs\u00fcm\u00fcn\u0259 haz\u0131rl\u0131\u011f\u0131n v\u0259ziyy\u0259ti il\u0259 ba\u011fl\u0131 geni\u015f m\u00fc\u015favir\u0259 ke\u00e7irilib. Bak\u0131 \u015e\u0259h\u0259r \u0130cra Hakimiyy\u0259tind\u0259n m\u0259tbuata veril\u0259n m\u0259lumatda bildirilir ki, rayon \u0130cra hakimiyy\u0259tl\u0259ri ba\u015f\u00e7\u0131lar\u0131n\u0131n, m\u00fcvafiq struktur r\u0259hb\u0259rl\u0259rinin i\u015ftirak\u0131 il\u0259 ke\u00e7iril\u0259n t\u0259dbird\u0259 pay\u0131z-q\u0131\u015f m\u00f6vs\u00fcm\u00fcnd\u0259 x\u00fcsusi hallar\u0131n ba\u015f verdiyi zaman h\u0259r bir t\u0259\u015fkilat\u0131n konkret f\u0259aliyy\u0259tini m\u00fc\u0259yy\u0259n ed\u0259n x\u00fcsusi proqram t\u0259sdiq edilib. Qeyd edilib ki, paytaxt qurumlar\u0131 q\u0131\u015f aylar\u0131nda \u00fcz\u0259ril\u0259rin\u0259 d\u00fc\u015f\u0259n v\u0259zif\u0259l\u0259ri d\u0259qiq bilm\u0259li, yarana bil\u0259c\u0259k probleml\u0259ri operativ \u015f\u0259kild\u0259 h\u0259ll etm\u0259lidirl\u0259r. \u015e\u0259h\u0259r \u0130cra Hakimiyy\u0259tinin, idar\u0259 v\u0259 t\u0259\u015fkilatlar\u0131n x\u00fcsusi texnikalar\u0131 saz v\u0259ziyy\u0259td\u0259 olmal\u0131, kifay\u0259t q\u0259d\u0259r qum, duz v\u0259 laz\u0131mi invertar ehtiyat\u0131 yarad\u0131lmal\u0131d\u0131r.<\/p>\n<p>Bildirilib ki, g\u00fccl\u00fc qar ya\u011fd\u0131\u011f\u0131 zaman v\u0259 ya h\u0259r hans\u0131 dig\u0259r f\u00f6vq\u0259lad\u0259 hal\u0131n &#8211; g\u00fccl\u00fc k\u00fcl\u0259k, leysan, ya\u011f\u0131\u015f, z\u0259lz\u0259l\u0259 v\u0259 ya dig\u0259r t\u0259bii f\u0259lak\u0259tin ba\u015f verdiyi t\u0259qdird\u0259 mobil rabit\u0259d\u0259 yarana bil\u0259c\u0259k probleml\u0259ri n\u0259z\u0259r\u0259 alaraq h\u0259r bir r\u0259hb\u0259r \u015f\u0259xs \u00f6z i\u015f yerind\u0259 olmal\u0131 v\u0259 yaranm\u0131\u015f probleml\u0259rin h\u0259lli \u00fc\u00e7\u00fcn konkret t\u0259dbirl\u0259r g\u00f6rm\u0259lidir. M\u00fc\u015favir\u0259d\u0259 \u015f\u0259h\u0259r v\u0259 rayon qurumlar\u0131 aras\u0131nda konkret v\u0259zif\u0259 b\u00f6lg\u00fcs\u00fc m\u00fc\u0259yy\u0259nl\u0259\u015fdirilib, paytaxt rayonlar\u0131nda q\u0131\u015fa haz\u0131rl\u0131qla ba\u011fl\u0131 q\u0259rargahlar\u0131n yarad\u0131lmas\u0131 v\u0259 aidiyy\u0259ti t\u0259\u015fkilatlar\u0131n i\u015ftirak\u0131 il\u0259 m\u00fc\u015favir\u0259l\u0259rin ke\u00e7irilm\u0259si tap\u015f\u0131r\u0131l\u0131b.<\/p>\n<p>M\u00fc\u015favir\u0259d\u0259 son zamanlar bir \u00e7ox inki\u015faf etmi\u015f \u00f6lk\u0259l\u0259rin iri \u015f\u0259h\u0259rl\u0259rind\u0259 g\u00fccl\u00fc ya\u011f\u0131\u015flar\u0131n, sel v\u0259 subasma hallar\u0131n\u0131n ba\u015f verm\u0259sini n\u0259z\u0259r\u0259 alaraq, m\u00fcr\u0259kk\u0259b land\u015fafta malik olan Bak\u0131 \u015f\u0259h\u0259rind\u0259 bel\u0259 hallar ba\u015f ver\u0259c\u0259yi t\u0259qdird\u0259 aidiyy\u0259ti strukturlar\u0131n \u00fcz\u0259rin\u0259 d\u00fc\u015f\u0259n konkret v\u0259zif\u0259l\u0259r m\u00fc\u0259yy\u0259n edilib.<\/p>\n<p>B\u0259s g\u00f6r\u0259s\u0259n q\u0131\u015fa haz\u0131rl\u0131q \u00fc\u00e7\u00fcn g\u00f6r\u00fcl\u0259n t\u0259dbirl\u0259r nec\u0259 t\u0259\u015fkil olunmal\u0131d\u0131r?<\/p>\n<p>Sosial m\u0259s\u0259l\u0259l\u0259r \u00fczr\u0259 ekspert \u0130lqar H\u00fcseynli s\u00f6z\u00fcged\u0259n m\u0259s\u0259l\u0259 il\u0259 ba\u011fl\u0131 m\u0259tbuata a\u00e7\u0131qlamas\u0131nda bildirdi ki, bu sah\u0259d\u0259 kompleks t\u0259dbirl\u0259rin g\u00f6r\u00fclm\u0259sin\u0259 ehtiyac var: \u201cH\u0259r il q\u0131\u015f g\u0259lm\u0259zd\u0259n \u0259vv\u0259l b\u00f6y\u00fck \u015f\u0259h\u0259rl\u0259rd\u0259 v\u0259 paytaxtlarda t\u0259hl\u00fck\u0259sizlik, n\u0259qliyyat\u0131n intensiv h\u0259r\u0259k\u0259tinin t\u0259min edilm\u0259si m\u0259qs\u0259di il\u0259 q\u0131\u015fa haz\u0131rl\u0131q d\u00f6vr\u00fc ba\u015flay\u0131r.<\/p>\n<p>D\u00fczd\u00fcr, Az\u0259rbaycanda s\u0259rt, qarl\u0131 q\u0131\u015f \u00e7ox nadir hallarda m\u00fc\u015fahid\u0259 olunur. Amma ist\u0259nil\u0259n halda \u0259vv\u0259lc\u0259d\u0259n m\u00fc\u0259yy\u0259n haz\u0131rl\u0131q i\u015fl\u0259ri m\u00fctl\u0259q g\u00f6r\u00fclm\u0259lidir. Q\u0131\u015fa haz\u0131rl\u0131q i\u015fl\u0259ri g\u00f6r\u0259rk\u0259n ilk n\u00f6vb\u0259d\u0259 \u015f\u0259h\u0259rin \u00fcmumi relyefi v\u0259 co\u011frafi \u015f\u0259rait n\u0259z\u0259r\u0259 al\u0131nmal\u0131d\u0131r. M\u0259s\u0259l\u0259n, \u015f\u0259h\u0259rin Yasamal rayonu v\u0259 Bin\u0259q\u0259di \u0259razil\u0259rind\u0259 h\u00fcnd\u00fcrl\u00fck f\u0259rqi var. H\u0259m\u00e7inin s\u00fcr\u00fc\u015fm\u0259 ehtimal\u0131 daha \u00e7ox olan h\u00fcnd\u00fcr \u0259razil\u0259rd\u0259 bu i\u015fl\u0259r daha da g\u00fccl\u0259ndirilm\u0259lidir. \u00dcmumiyy\u0259tl\u0259 g\u00f6t\u00fcrd\u00fckd\u0259, q\u0131\u015fa haz\u0131rl\u0131q dedikd\u0259, b\u00fct\u00fcn i\u015fl\u0259r kompleks \u015f\u0259kild\u0259 h\u0259yata ke\u00e7irilm\u0259lidir. Q\u0131\u015f aylar\u0131nda \u0259n b\u00f6y\u00fck problem kommunal m\u0259s\u0259l\u0259l\u0259r il\u0259 ba\u011fl\u0131 olur. \u0130stilik sisteminin t\u0259minat\u0131 il\u0259 ba\u011fl\u0131 haz\u0131rl\u0131q m\u0259rh\u0259l\u0259l\u0259rin\u0259 start verilm\u0259lidir. \u018fhalinin rahatl\u0131\u011f\u0131n\u0131 t\u0259min etm\u0259k m\u0259qs\u0259dil\u0259 istilik sisteml\u0259rind\u0259 olan nasazl\u0131qlar \u0259vv\u0259lc\u0259d\u0259n aradan qald\u0131r\u0131lmal\u0131, istixanalar art\u0131q qaydaya sal\u0131nmal\u0131d\u0131r. B\u00fct\u00fcn bunlar kompleks t\u0259dbirl\u0259r plan\u0131 t\u0259l\u0259b edir. N\u0259qliyyat\u0131n intensiv h\u0259r\u0259k\u0259tinin t\u0259min olunmas\u0131 bax\u0131m\u0131ndan m\u00fc\u0259yy\u0259n m\u0259s\u0259l\u0259l\u0259r var ki, \u00f6z h\u0259llini tapmal\u0131d\u0131r. Q\u0131\u015fa haz\u0131rl\u0131q prosesi el\u0259 \u015f\u0259kild\u0259 t\u0259\u015fkil olunmal\u0131d\u0131r ki, v\u0259t\u0259nda\u015flar\u0131n sosial qay\u011f\u0131lar\u0131 q\u0131\u015f aylar\u0131nda minimuma ensin\u201d.<\/p>\n<p>Milli M\u0259clisin deputat\u0131 Az\u0259r Badamov is\u0259 qeyd etdi ki, q\u0131\u015fa haz\u0131rl\u0131q i\u015fl\u0259ri y\u00fcks\u0259k s\u0259viyy\u0259d\u0259 apar\u0131l\u0131r: \u201cSon ill\u0259r \u0259rzind\u0259 Bak\u0131da yenid\u0259nqurma i\u015fl\u0259ri h\u0259yata ke\u00e7irilir. Bak\u0131 \u015e\u0259h\u0259r \u0130cra Hakimiyy\u0259tinin t\u0259rkibind\u0259 m\u00fcxt\u0259lif struktur d\u0259yi\u015fiklikl\u0259ri h\u0259yata ke\u00e7irilib. Q\u0131\u015f aylar\u0131nda ba\u015f ver\u0259c\u0259k hans\u0131sa f\u00f6vq\u0259lad\u0259 hadis\u0259y\u0259 haz\u0131rl\u0131q s\u0259viyy\u0259si daha da yax\u015f\u0131la\u015fd\u0131r\u0131l\u0131b. Bu m\u0259qs\u0259dl\u0259 aidiyy\u0259ti qurumlara m\u00fcvafiq tap\u015f\u0131r\u0131q v\u0259 g\u00f6st\u0259ri\u015fl\u0259r d\u0259 verilib. Fikrimc\u0259, qar\u015f\u0131dan g\u0259l\u0259n q\u0131\u015f aylar\u0131nda ciddi problem olmayacaq. \u00c7\u00fcnki \u0259vv\u0259lki ill\u0259rd\u0259n f\u0259rqli olaraq, bu il haz\u0131rl\u0131q i\u015fl\u0259rin\u0259 bir q\u0259d\u0259r erk\u0259n start verilib. Bu m\u0259nada hesab edir\u0259m ki, qarl\u0131 havalarda x\u00fcsusi f\u00f6vq\u0259lad\u0259 hal yaranarsa, d\u0259rhal qar\u015f\u0131s\u0131 al\u0131nacaq. Bu m\u0259qs\u0259dl\u0259 m\u00fcasir texniki avadanl\u0131qlardan istifad\u0259 olunur\u201d.<\/p>\n<p>N\u0259qliyyat m\u0259s\u0259l\u0259l\u0259r \u00fczr\u0259 ekspert Az\u0259r Allahver\u0259nov qeyd etdi ki, haz\u0131rl\u0131q i\u015fl\u0259rin\u0259 erk\u0259n ba\u015flan\u0131lmas\u0131 m\u00fcsb\u0259t m\u0259qamd\u0131r: \u201cQ\u0131\u015fa haz\u0131rl\u0131q dedikd\u0259, h\u0259r \u015feyd\u0259n \u0259vv\u0259l \u015f\u0259h\u0259r strukturunun s\u0259rt q\u0131\u015f \u015f\u0259raitin\u0259 haz\u0131r v\u0259ziyy\u0259t\u0259 g\u0259tirilm\u0259si n\u0259z\u0259rd\u0259 tutulur. Fikrimc\u0259, q\u0131\u015f aylar\u0131nda \u0259sas diqq\u0259t yollara ayr\u0131lmal\u0131d\u0131r. Aidiyy\u0259ti strukturlar x\u00fcsusi texnika il\u0259 t\u0259min olunmal\u0131d\u0131r ki, yollarda yaranan probleml\u0259r d\u0259rhal aradan qald\u0131r\u0131ls\u0131n. H\u0259m\u00e7inin qum v\u0259 duz t\u0259dar\u00fck\u00fc d\u0259 \u0259vv\u0259lc\u0259d\u0259n g\u00f6r\u00fclm\u0259lidir. Q\u0131\u015f aylar\u0131nda b\u00fct\u00fcn qurumlar g\u00fccl\u0259ndirilmi\u015f i\u015f rejimin\u0259 ke\u00e7irilm\u0259lidir. Havalar soyuyan kimi, \u0259sas problem elektrik enerjisi v\u0259 qaz t\u0259chizat\u0131nda yaran\u0131r. \u00c7\u00fcnki soyuq aylarda \u015f\u0259b\u0259k\u0259d\u0259 y\u00fckl\u0259nm\u0259 \u00e7ox olur. Haz\u0131rl\u0131q prosesind\u0259 bu kimi m\u0259s\u0259l\u0259l\u0259r\u0259 diqq\u0259t yetirilm\u0259lidir. \u018fslind\u0259 q\u0131\u015fa haz\u0131rl\u0131q i\u015fl\u0259ri bir-biri il\u0259 \u0259laq\u0259li olan m\u0259s\u0259l\u0259l\u0259rdir. Q\u0131\u015fa haz\u0131rl\u0131q prosesinin erk\u0259n ba\u015flanmas\u0131 h\u0259m d\u0259 onu g\u00f6st\u0259rir ki, h\u0259r strukturun qar\u015f\u0131s\u0131nda konkret \u00f6hd\u0259likl\u0259r var. Bu \u00f6hd\u0259likl\u0259r\u0259 uy\u011fun olaraq qurumlar \u00f6z f\u0259aliyy\u0259tl\u0259rini t\u0259nziml\u0259y\u0259c\u0259kl\u0259r\u201d.<\/p>\n<p><strong>Yaqut A\u011fa\u015fahq\u0131z\u0131,\u00a0<\/strong><em>\u201c\u0130ki sahil\u201d<\/em><\/p>\n","protected":false},"excerpt":{"rendered":"<p>Bildiyimiz kimi, qar\u015f\u0131dan q\u0131\u015f f\u0259sli g\u0259lir. D\u00fczd\u00fcr, bir ne\u00e7\u0259 ildir ki, Bak\u0131da qar ya\u011fmasa da, q\u0131\u015f aylar\u0131nda m\u00fcxt\u0259lif probleml\u0259r meydana \u00e7\u0131x\u0131r. El\u0259 bu m\u0259qs\u0259dl\u0259 d\u0259 paytaxt k\u00fc\u00e7\u0259l\u0259rind\u0259 q\u0131\u015fa haz\u0131rl\u0131q prosesl\u0259rin\u0259 ba\u015flan\u0131l\u0131b. Bu yax\u0131nlarda Bak\u0131 \u015e\u0259h\u0259r \u0130cra Hakimiyy\u0259tind\u0259 (B\u015e\u0130H) pay\u0131z-q\u0131\u015f m\u00f6vs\u00fcm\u00fcn\u0259 haz\u0131rl\u0131\u011f\u0131n v\u0259ziyy\u0259ti il\u0259 ba\u011fl\u0131 geni\u015f m\u00fc\u015favir\u0259 ke\u00e7irilib. Bak\u0131 \u015e\u0259h\u0259r \u0130cra Hakimiyy\u0259tind\u0259n m\u0259tbuata veril\u0259n m\u0259lumatda bildirilir ki, rayon \u0130cra hakimiyy\u0259tl\u0259ri ba\u015f\u00e7\u0131lar\u0131n\u0131n, m\u00fcvafiq struktur r\u0259hb\u0259rl\u0259rinin i\u015ftirak\u0131 il\u0259 ke\u00e7iril\u0259n t\u0259dbird\u0259 pay\u0131z-q\u0131\u015f m\u00f6vs\u00fcm\u00fcnd\u0259 x\u00fcsusi hallar\u0131n ba\u015f verdiyi zaman h\u0259r bir t\u0259\u015fkilat\u0131n konkret f\u0259aliyy\u0259tini m\u00fc\u0259yy\u0259n ed\u0259n x\u00fcsusi proqram t\u0259sdiq edilib. Qeyd edilib ki, paytaxt qurumlar\u0131&hellip;<\/p>\n","protected":false},"author":2,"featured_media":91841,"comment_status":"closed","ping_status":"closed","sticky":false,"template":"","format":"standard","meta":{"om_disable_all_campaigns":false,"_monsterinsights_skip_tracking":false,"_monsterinsights_sitenote_active":false,"_monsterinsights_sitenote_note":"","_monsterinsights_sitenote_category":0},"categories":[1],"tags":[],"aioseo_notices":[],"gutentor_comment":0,"rttpg_featured_image_url":{"full":["https:\/\/arantv.az\/wp-content\/uploads\/2019\/11\/1548846656_2354565.jpg",975,540,false],"landscape":["https:\/\/arantv.az\/wp-content\/uploads\/2019\/11\/1548846656_2354565.jpg",975,540,false],"portraits":["https:\/\/arantv.az\/wp-content\/uploads\/2019\/11\/1548846656_2354565.jpg",975,540,false],"thumbnail":["https:\/\/arantv.az\/wp-content\/uploads\/2019\/11\/1548846656_2354565-150x150.jpg",150,150,true],"medium":["https:\/\/arantv.az\/wp-content\/uploads\/2019\/11\/1548846656_2354565-300x166.jpg",300,166,true],"large":["https:\/\/arantv.az\/wp-content\/uploads\/2019\/11\/1548846656_2354565.jpg",640,354,false],"1536x1536":["https:\/\/arantv.az\/wp-content\/uploads\/2019\/11\/1548846656_2354565.jpg",975,540,false],"2048x2048":["https:\/\/arantv.az\/wp-content\/uploads\/2019\/11\/1548846656_2354565.jpg",975,540,false],"post-thumbnail":["https:\/\/arantv.az\/wp-content\/uploads\/2019\/11\/1548846656_2354565-240x172.jpg",240,172,true],"advps-thumb-one":["https:\/\/arantv.az\/wp-content\/uploads\/2019\/11\/1548846656_2354565.jpg",975,540,false]},"rttpg_author":{"display_name":"V\u00fcsal Rafiqo\u011flu","author_link":"https:\/\/arantv.az\/?author=2"},"rttpg_comment":0,"rttpg_category":"<a href=\"https:\/\/arantv.az\/?cat=1\" rel=\"category\">C\u0259miyy\u0259t<\/a>","rttpg_excerpt":"Bildiyimiz kimi, qar\u015f\u0131dan q\u0131\u015f f\u0259sli g\u0259lir. D\u00fczd\u00fcr, bir ne\u00e7\u0259 ildir ki, Bak\u0131da qar ya\u011fmasa da, q\u0131\u015f aylar\u0131nda m\u00fcxt\u0259lif probleml\u0259r meydana \u00e7\u0131x\u0131r. El\u0259 bu m\u0259qs\u0259dl\u0259 d\u0259 paytaxt k\u00fc\u00e7\u0259l\u0259rind\u0259 q\u0131\u015fa haz\u0131rl\u0131q prosesl\u0259rin\u0259 ba\u015flan\u0131l\u0131b. Bu yax\u0131nlarda Bak\u0131 \u015e\u0259h\u0259r \u0130cra Hakimiyy\u0259tind\u0259 (B\u015e\u0130H) pay\u0131z-q\u0131\u015f m\u00f6vs\u00fcm\u00fcn\u0259 haz\u0131rl\u0131\u011f\u0131n v\u0259ziyy\u0259ti il\u0259 ba\u011fl\u0131 geni\u015f m\u00fc\u015favir\u0259 ke\u00e7irilib. Bak\u0131 \u015e\u0259h\u0259r \u0130cra Hakimiyy\u0259tind\u0259n m\u0259tbuata veril\u0259n m\u0259lumatda bildirilir&hellip;","_links":{"self":[{"href":"https:\/\/arantv.az\/index.php?rest_route=\/wp\/v2\/posts\/91840"}],"collection":[{"href":"https:\/\/arantv.az\/index.php?rest_route=\/wp\/v2\/posts"}],"about":[{"href":"https:\/\/arantv.az\/index.php?rest_route=\/wp\/v2\/types\/post"}],"author":[{"embeddable":true,"href":"https:\/\/arantv.az\/index.php?rest_route=\/wp\/v2\/users\/2"}],"replies":[{"embeddable":true,"href":"https:\/\/arantv.az\/index.php?rest_route=%2Fwp%2Fv2%2Fcomments&post=91840"}],"version-history":[{"count":0,"href":"https:\/\/arantv.az\/index.php?rest_route=\/wp\/v2\/posts\/91840\/revisions"}],"wp:featuredmedia":[{"embeddable":true,"href":"https:\/\/arantv.az\/index.php?rest_route=\/wp\/v2\/media\/91841"}],"wp:attachment":[{"href":"https:\/\/arantv.az\/index.php?rest_route=%2Fwp%2Fv2%2Fmedia&parent=91840"}],"wp:term":[{"taxonomy":"category","embeddable":true,"href":"https:\/\/arantv.az\/index.php?rest_route=%2Fwp%2Fv2%2Fcategories&post=91840"},{"taxonomy":"post_tag","embeddable":true,"href":"https:\/\/arantv.az\/index.php?rest_route=%2Fwp%2Fv2%2Ftags&post=91840"}],"curies":[{"name":"wp","href":"https:\/\/api.w.org\/{rel}","templated":true}]}}