{"id":91844,"date":"2019-11-02T09:19:04","date_gmt":"2019-11-02T06:19:04","guid":{"rendered":"http:\/\/arantv.az\/?p=91844"},"modified":"2019-11-02T09:19:04","modified_gmt":"2019-11-02T06:19:04","slug":"turkm%c9%99nistan-parlamentinin-numay%c9%99nd%c9%99-hey%c9%99ti-az%c9%99rbaycana-g%c9%99lir","status":"publish","type":"post","link":"https:\/\/arantv.az\/?p=91844","title":{"rendered":"T\u00fcrkm\u0259nistan parlamentinin n\u00fcmay\u0259nd\u0259 hey\u0259ti Az\u0259rbaycana g\u0259lir"},"content":{"rendered":"<p><strong>Noyabr\u0131n \u0259vv\u0259lind\u0259 T\u00fcrkm\u0259nistan parlamenti n\u00fcmay\u0259nd\u0259 hey\u0259tinin Bak\u0131ya i\u015fg\u00fczar s\u0259f\u0259ri planla\u015fd\u0131r\u0131l\u0131r.<\/strong><\/p>\n<p><strong>ARANTV.AZ<\/strong>\u00a0\u00a0<a href=\"https:\/\/az.trend.az\/\" target=\"_blank\" rel=\"noopener\">Trend<\/a>-\u0259 istinad\u0259n x\u0259b\u0259r verir ki, s\u0259f\u0259r zaman\u0131 Milli M\u0259clisin s\u0259dri Oqtay \u018fs\u0259dovla g\u00f6r\u00fc\u015f n\u0259z\u0259rd\u0259 tutulub.<\/p>\n<p>N\u00fcmay\u0259nd\u0259 hey\u0259ti, h\u0259m\u00e7inin ASAN xidm\u0259tin f\u0259aliyy\u0259ti il\u0259 tan\u0131\u015f olacaq.<\/p>\n<p>S\u0259f\u0259r \u00e7\u0259r\u00e7iv\u0259sind\u0259 qanunvericilik sah\u0259sind\u0259 t\u0259cr\u00fcb\u0259 m\u00fcbadil\u0259sin\u0259, parlamentl\u0259raras\u0131 \u0259m\u0259kda\u015fl\u0131\u011f\u0131n inki\u015faf\u0131na y\u00f6n\u0259lik t\u0259dbir v\u0259 g\u00f6r\u00fc\u015fl\u0259r ke\u00e7iril\u0259c\u0259k.<\/p>\n","protected":false},"excerpt":{"rendered":"<p>Noyabr\u0131n \u0259vv\u0259lind\u0259 T\u00fcrkm\u0259nistan parlamenti n\u00fcmay\u0259nd\u0259 hey\u0259tinin Bak\u0131ya i\u015fg\u00fczar s\u0259f\u0259ri planla\u015fd\u0131r\u0131l\u0131r. ARANTV.AZ\u00a0\u00a0Trend-\u0259 istinad\u0259n x\u0259b\u0259r verir ki, s\u0259f\u0259r zaman\u0131 Milli M\u0259clisin s\u0259dri Oqtay \u018fs\u0259dovla g\u00f6r\u00fc\u015f n\u0259z\u0259rd\u0259 tutulub. N\u00fcmay\u0259nd\u0259 hey\u0259ti, h\u0259m\u00e7inin ASAN xidm\u0259tin f\u0259aliyy\u0259ti il\u0259 tan\u0131\u015f olacaq. S\u0259f\u0259r \u00e7\u0259r\u00e7iv\u0259sind\u0259 qanunvericilik sah\u0259sind\u0259 t\u0259cr\u00fcb\u0259 m\u00fcbadil\u0259sin\u0259, parlamentl\u0259raras\u0131 \u0259m\u0259kda\u015fl\u0131\u011f\u0131n inki\u015faf\u0131na y\u00f6n\u0259lik t\u0259dbir v\u0259 g\u00f6r\u00fc\u015fl\u0259r ke\u00e7iril\u0259c\u0259k.<\/p>\n","protected":false},"author":2,"featured_media":91845,"comment_status":"closed","ping_status":"closed","sticky":false,"template":"","format":"standard","meta":{"om_disable_all_campaigns":false,"_monsterinsights_skip_tracking":false,"_monsterinsights_sitenote_active":false,"_monsterinsights_sitenote_note":"","_monsterinsights_sitenote_category":0},"categories":[19],"tags":[],"aioseo_notices":[],"gutentor_comment":0,"rttpg_featured_image_url":{"full":["https:\/\/arantv.az\/wp-content\/uploads\/2019\/11\/799071.jpg",800,600,false],"landscape":["https:\/\/arantv.az\/wp-content\/uploads\/2019\/11\/799071.jpg",800,600,false],"portraits":["https:\/\/arantv.az\/wp-content\/uploads\/2019\/11\/799071.jpg",800,600,false],"thumbnail":["https:\/\/arantv.az\/wp-content\/uploads\/2019\/11\/799071-150x150.jpg",150,150,true],"medium":["https:\/\/arantv.az\/wp-content\/uploads\/2019\/11\/799071-300x225.jpg",300,225,true],"large":["https:\/\/arantv.az\/wp-content\/uploads\/2019\/11\/799071.jpg",640,480,false],"1536x1536":["https:\/\/arantv.az\/wp-content\/uploads\/2019\/11\/799071.jpg",800,600,false],"2048x2048":["https:\/\/arantv.az\/wp-content\/uploads\/2019\/11\/799071.jpg",800,600,false],"post-thumbnail":["https:\/\/arantv.az\/wp-content\/uploads\/2019\/11\/799071-240x172.jpg",240,172,true],"advps-thumb-one":["https:\/\/arantv.az\/wp-content\/uploads\/2019\/11\/799071.jpg",800,600,false]},"rttpg_author":{"display_name":"V\u00fcsal Rafiqo\u011flu","author_link":"https:\/\/arantv.az\/?author=2"},"rttpg_comment":0,"rttpg_category":"<a href=\"https:\/\/arantv.az\/?cat=19\" rel=\"category\">G\u00fcnd\u0259m<\/a>","rttpg_excerpt":"Noyabr\u0131n \u0259vv\u0259lind\u0259 T\u00fcrkm\u0259nistan parlamenti n\u00fcmay\u0259nd\u0259 hey\u0259tinin Bak\u0131ya i\u015fg\u00fczar s\u0259f\u0259ri planla\u015fd\u0131r\u0131l\u0131r. ARANTV.AZ\u00a0\u00a0Trend-\u0259 istinad\u0259n x\u0259b\u0259r verir ki, s\u0259f\u0259r zaman\u0131 Milli M\u0259clisin s\u0259dri Oqtay \u018fs\u0259dovla g\u00f6r\u00fc\u015f n\u0259z\u0259rd\u0259 tutulub. N\u00fcmay\u0259nd\u0259 hey\u0259ti, h\u0259m\u00e7inin ASAN xidm\u0259tin f\u0259aliyy\u0259ti il\u0259 tan\u0131\u015f olacaq. S\u0259f\u0259r \u00e7\u0259r\u00e7iv\u0259sind\u0259 qanunvericilik sah\u0259sind\u0259 t\u0259cr\u00fcb\u0259 m\u00fcbadil\u0259sin\u0259, parlamentl\u0259raras\u0131 \u0259m\u0259kda\u015fl\u0131\u011f\u0131n inki\u015faf\u0131na y\u00f6n\u0259lik t\u0259dbir v\u0259 g\u00f6r\u00fc\u015fl\u0259r ke\u00e7iril\u0259c\u0259k.","_links":{"self":[{"href":"https:\/\/arantv.az\/index.php?rest_route=\/wp\/v2\/posts\/91844"}],"collection":[{"href":"https:\/\/arantv.az\/index.php?rest_route=\/wp\/v2\/posts"}],"about":[{"href":"https:\/\/arantv.az\/index.php?rest_route=\/wp\/v2\/types\/post"}],"author":[{"embeddable":true,"href":"https:\/\/arantv.az\/index.php?rest_route=\/wp\/v2\/users\/2"}],"replies":[{"embeddable":true,"href":"https:\/\/arantv.az\/index.php?rest_route=%2Fwp%2Fv2%2Fcomments&post=91844"}],"version-history":[{"count":0,"href":"https:\/\/arantv.az\/index.php?rest_route=\/wp\/v2\/posts\/91844\/revisions"}],"wp:featuredmedia":[{"embeddable":true,"href":"https:\/\/arantv.az\/index.php?rest_route=\/wp\/v2\/media\/91845"}],"wp:attachment":[{"href":"https:\/\/arantv.az\/index.php?rest_route=%2Fwp%2Fv2%2Fmedia&parent=91844"}],"wp:term":[{"taxonomy":"category","embeddable":true,"href":"https:\/\/arantv.az\/index.php?rest_route=%2Fwp%2Fv2%2Fcategories&post=91844"},{"taxonomy":"post_tag","embeddable":true,"href":"https:\/\/arantv.az\/index.php?rest_route=%2Fwp%2Fv2%2Ftags&post=91844"}],"curies":[{"name":"wp","href":"https:\/\/api.w.org\/{rel}","templated":true}]}}