{"id":91868,"date":"2019-11-02T09:39:41","date_gmt":"2019-11-02T06:39:41","guid":{"rendered":"http:\/\/arantv.az\/?p=91868"},"modified":"2019-11-02T09:39:41","modified_gmt":"2019-11-02T06:39:41","slug":"%c9%99halinin-%c9%99n-cox-narazi-oldugu-icra-bascilari-sira-onlara-catir-siyahi","status":"publish","type":"post","link":"https:\/\/arantv.az\/?p=91868","title":{"rendered":"\u018fhalinin \u0259n \u00e7ox naraz\u0131 oldu\u011fu icra ba\u015f\u00e7\u0131lar\u0131: S\u0131ra onlara \u00e7at\u0131r (S\u0130YAHI)"},"content":{"rendered":"<p>Az\u0259rbaycan hakimiyy\u0259tinin ba\u015flatd\u0131\u011f\u0131 kadr d\u0259yi\u015fiklikl\u0259rinin n\u00f6vb\u0259ti raunduna icra ba\u015f\u00e7\u0131lar\u0131n\u0131n \u0259v\u0259zl\u0259nm\u0259si il\u0259 start verilib. Art\u0131q Xa\u00e7maz rayonunun v\u0259 Yevlax \u015f\u0259h\u0259rinin icra ba\u015f\u00e7\u0131lar\u0131 yeni kadrlarla \u0259v\u0259zl\u0259nib.<\/p>\n<p><b>ARANTV.AZ\u00a0<\/b> &#8220;Yeni Sabah&#8221;a istinad\u0259n x\u0259b\u0259r verir ki, proses yaln\u0131z bu rayonlarla m\u0259hdudla\u015fmayacaq. \u0130ddialara g\u00f6r\u0259, 10-dan art\u0131q rayonun icra ba\u015f\u00e7\u0131s\u0131 d\u0259yi\u015fdiril\u0259 bil\u0259r. H\u0259tta m\u00fcmk\u00fcnd\u00fcr ki, proses daha k\u00fctl\u0259vi hal als\u0131n. \u00c7\u00fcnki bu d\u0259f\u0259ki d\u0259yi\u015fiklikl\u0259rd\u0259 t\u0259kc\u0259 ya\u015f deyil, f\u0259aliyy\u0259t d\u0259 \u0259sas g\u00f6t\u00fcr\u00fcl\u00fcr. Bildirilir ki, ya\u015fl\u0131 icra ba\u015f\u00e7\u0131lar\u0131 il\u0259 yana\u015f\u0131 f\u0259aliyy\u0259ti q\u0259na\u0259tb\u0259x\u015f olmayan, \u0259halinin daha \u00e7ox naraz\u0131l\u0131q etdiyi rayon v\u0259 \u015f\u0259h\u0259r r\u0259hb\u0259rl\u0259ri d\u0259 \u0259v\u0259zl\u0259n\u0259c\u0259k.<\/p>\n<div><\/div>\n<p>\u00d6t\u0259n il Prezident Administrasiyas\u0131n\u0131n S\u0259n\u0259dl\u0259rl\u0259 v\u0259 v\u0259t\u0259nda\u015flar\u0131n m\u00fcraci\u0259tl\u0259ri il\u0259 i\u015f \u015f\u00f6b\u0259sinin m\u00fcdiri S\u00fcleyman \u0130smay\u0131lov daxil olan v\u0259t\u0259nda\u015f m\u00fcraci\u0259tl\u0259ri v\u0259 \u015fikay\u0259tl\u0259rin m\u0259zmunu haqda geni\u015f m\u0259lumat verib. H\u0259min m\u0259lumatda b\u0259zi rayonlardan o c\u00fcml\u0259d\u0259n Balak\u0259n, G\u00f6y\u00e7ay, \u0130mi\u015fli, Qazax, Sabun\u00e7u, T\u0259rt\u0259r, Ucar v\u0259 Zaqataladan daxil olan m\u00fcraci\u0259tl\u0259rin say\u0131n\u0131n artd\u0131\u011f\u0131 bildirilir.<\/p>\n<p>Bu m\u0259lumatdan sonra b\u0259zi rayonlar\u0131n icra ba\u015f\u00e7\u0131lar\u0131 d\u0259yi\u015fdirils\u0259 d\u0259 yuxar\u0131da qeyd olunan rayonlar\u0131n r\u0259hb\u0259rl\u0259ri yerind\u0259 qald\u0131. \u0130ndi bel\u0259 ehtimallar s\u0259sl\u0259ndirilir ki, h\u0259min rayonlar\u0131n icra ba\u015f\u00e7\u0131lar\u0131 da yola sal\u0131na bil\u0259r.<\/p>\n<p>Balak\u0259nin icra ba\u015f\u00e7\u0131s\u0131 \u0130slam Rzayev 2011-ci ild\u0259n bu v\u0259zif\u0259d\u0259 i\u015fl\u0259yir. Vaxta\u015f\u0131r\u0131 onunla ba\u011fl\u0131 mediada neqativ materiallar d\u0259rc edilir.<\/p>\n<p>G\u00f6y\u00e7ay\u0131n icra ba\u015f\u00e7\u0131s\u0131 Mehdi S\u0259limzad\u0259 2016-c\u0131 ild\u0259n bu v\u0259zif\u0259d\u0259dir. O, bundan \u0259vv\u0259l \u018fdliyy\u0259 Nazirliyinin B\u0259l\u0259diyy\u0259l\u0259rl\u0259 i\u015f M\u0259rk\u0259zinin r\u0259isi v\u0259zif\u0259sind\u0259 \u00e7al\u0131\u015f\u0131b.<\/p>\n<p>\u0130mi\u015flinin icra ba\u015f\u00e7\u0131s\u0131 Vilyam Hac\u0131yev 2012-ci ild\u0259n bu rayona r\u0259hb\u0259rlik edir. O, bundan \u0259vv\u0259l 6 il Samux rayonunun, 2 il is\u0259 G\u00f6yg\u00f6l rayonunun icra ba\u015f\u00e7\u0131s\u0131 olub. \u0130nternet ressurslar\u0131 Vilyam Hac\u0131yev bar\u0259sind\u0259 yaz\u0131lan t\u0259nqidi materiallarla z\u0259ngindir.<\/p>\n<p>Qazax\u0131n icra ba\u015f\u00e7\u0131s\u0131 R\u0259c\u0259b Baba\u015fov 2016-c\u0131 ild\u0259n bu v\u0259zif\u0259d\u0259dir. Onunla ba\u011fl\u0131 da \u015fikay\u0259tl\u0259rin \u00e7ox oldu\u011fu bildirlir.<\/p>\n<p>Sabun\u00e7unun icra ba\u015f\u00e7\u0131s\u0131 art\u0131q 7 ildir bu rayonda r\u0259hb\u0259rdir. Adil V\u0259liyev d\u0259 rayonda naraz\u0131l\u0131\u011fa s\u0259b\u0259b olan f\u0259aliyy\u0259tin\u0259 g\u00f6r\u0259 median\u0131n &#8220;ulduzuna&#8221; \u00e7evrilib.<\/p>\n<p>T\u0259rt\u0259rin icra ba\u015f\u00e7\u0131s\u0131 M\u00fcst\u0259qim M\u0259mm\u0259dov 2014-c\u00fc ild\u0259n, Ucar\u0131n icra ba\u015f\u00e7\u0131s\u0131 M\u0259nsur M\u0259mm\u0259dov is\u0259 2015-ci ild\u0259n bu v\u0259zif\u0259d\u0259dir. Onlar da \u0259halinin naraz\u0131l\u0131q etdiyi icra ba\u015f\u00e7\u0131lar\u0131 kateqoriyas\u0131na daxildir. H\u0259r halda internet resurslar\u0131nda onlar bar\u0259sind\u0259 m\u0259nfi materiallar\u0131n say\u0131 dig\u0259rl\u0259rind\u0259n az deyil v\u0259 yaz\u0131lanlar\u0131n he\u00e7 biri t\u0259kzib olunmay\u0131b. M\u0259nsur M\u0259mm\u0259dov h\u0259m d\u0259 ke\u00e7mi\u015f n\u0259qliyyat naziri Ziya M\u0259mm\u0259dovun xalas\u0131 o\u011fludur.<\/p>\n<p>Zaqatalan\u0131n icra ba\u015f\u00e7\u0131s\u0131 M\u00fcbariz \u018fhm\u0259dzad\u0259 2009-cu ild\u0259n rayona r\u0259hb\u0259rlik edir. O, bundan \u0259vv\u0259l Qax\u0131n icra ba\u015f\u00e7\u0131s\u0131 olub. Meliorasiya v\u0259 Su T\u0259s\u0259rr\u00fcfat\u0131 ASC-nin s\u0259dri \u018fhm\u0259d \u018fhm\u0259dzad\u0259nin qarda\u015f\u0131 olan M\u00fcbariz \u018fhm\u0259dzad\u0259nin ad\u0131 vaxta\u015f\u0131r\u0131 korrupsiya \u0259m\u0259liyyatlar\u0131nda halland\u0131r\u0131l\u0131r.<\/p>\n","protected":false},"excerpt":{"rendered":"<p>Az\u0259rbaycan hakimiyy\u0259tinin ba\u015flatd\u0131\u011f\u0131 kadr d\u0259yi\u015fiklikl\u0259rinin n\u00f6vb\u0259ti raunduna icra ba\u015f\u00e7\u0131lar\u0131n\u0131n \u0259v\u0259zl\u0259nm\u0259si il\u0259 start verilib. Art\u0131q Xa\u00e7maz rayonunun v\u0259 Yevlax \u015f\u0259h\u0259rinin icra ba\u015f\u00e7\u0131lar\u0131 yeni kadrlarla \u0259v\u0259zl\u0259nib. ARANTV.AZ\u00a0 &#8220;Yeni Sabah&#8221;a istinad\u0259n x\u0259b\u0259r verir ki, proses yaln\u0131z bu rayonlarla m\u0259hdudla\u015fmayacaq. \u0130ddialara g\u00f6r\u0259, 10-dan art\u0131q rayonun icra ba\u015f\u00e7\u0131s\u0131 d\u0259yi\u015fdiril\u0259 bil\u0259r. H\u0259tta m\u00fcmk\u00fcnd\u00fcr ki, proses daha k\u00fctl\u0259vi hal als\u0131n. \u00c7\u00fcnki bu d\u0259f\u0259ki d\u0259yi\u015fiklikl\u0259rd\u0259 t\u0259kc\u0259 ya\u015f deyil, f\u0259aliyy\u0259t d\u0259 \u0259sas g\u00f6t\u00fcr\u00fcl\u00fcr. Bildirilir ki, ya\u015fl\u0131 icra ba\u015f\u00e7\u0131lar\u0131 il\u0259 yana\u015f\u0131 f\u0259aliyy\u0259ti q\u0259na\u0259tb\u0259x\u015f olmayan, \u0259halinin daha \u00e7ox naraz\u0131l\u0131q etdiyi rayon v\u0259 \u015f\u0259h\u0259r r\u0259hb\u0259rl\u0259ri d\u0259 \u0259v\u0259zl\u0259n\u0259c\u0259k. \u00d6t\u0259n il Prezident Administrasiyas\u0131n\u0131n S\u0259n\u0259dl\u0259rl\u0259&hellip;<\/p>\n","protected":false},"author":2,"featured_media":91869,"comment_status":"closed","ping_status":"closed","sticky":false,"template":"","format":"standard","meta":{"om_disable_all_campaigns":false,"_monsterinsights_skip_tracking":false,"_monsterinsights_sitenote_active":false,"_monsterinsights_sitenote_note":"","_monsterinsights_sitenote_category":0},"categories":[1],"tags":[],"aioseo_notices":[],"gutentor_comment":0,"rttpg_featured_image_url":{"full":["https:\/\/arantv.az\/wp-content\/uploads\/2019\/11\/1545985045_5b99078a4bb33_azada_415367563.jpg",549,365,false],"landscape":["https:\/\/arantv.az\/wp-content\/uploads\/2019\/11\/1545985045_5b99078a4bb33_azada_415367563.jpg",549,365,false],"portraits":["https:\/\/arantv.az\/wp-content\/uploads\/2019\/11\/1545985045_5b99078a4bb33_azada_415367563.jpg",549,365,false],"thumbnail":["https:\/\/arantv.az\/wp-content\/uploads\/2019\/11\/1545985045_5b99078a4bb33_azada_415367563-150x150.jpg",150,150,true],"medium":["https:\/\/arantv.az\/wp-content\/uploads\/2019\/11\/1545985045_5b99078a4bb33_azada_415367563-300x199.jpg",300,199,true],"large":["https:\/\/arantv.az\/wp-content\/uploads\/2019\/11\/1545985045_5b99078a4bb33_azada_415367563.jpg",549,365,false],"1536x1536":["https:\/\/arantv.az\/wp-content\/uploads\/2019\/11\/1545985045_5b99078a4bb33_azada_415367563.jpg",549,365,false],"2048x2048":["https:\/\/arantv.az\/wp-content\/uploads\/2019\/11\/1545985045_5b99078a4bb33_azada_415367563.jpg",549,365,false],"post-thumbnail":["https:\/\/arantv.az\/wp-content\/uploads\/2019\/11\/1545985045_5b99078a4bb33_azada_415367563-240x172.jpg",240,172,true],"advps-thumb-one":["https:\/\/arantv.az\/wp-content\/uploads\/2019\/11\/1545985045_5b99078a4bb33_azada_415367563.jpg",549,365,false]},"rttpg_author":{"display_name":"V\u00fcsal Rafiqo\u011flu","author_link":"https:\/\/arantv.az\/?author=2"},"rttpg_comment":0,"rttpg_category":"<a href=\"https:\/\/arantv.az\/?cat=1\" rel=\"category\">C\u0259miyy\u0259t<\/a>","rttpg_excerpt":"Az\u0259rbaycan hakimiyy\u0259tinin ba\u015flatd\u0131\u011f\u0131 kadr d\u0259yi\u015fiklikl\u0259rinin n\u00f6vb\u0259ti raunduna icra ba\u015f\u00e7\u0131lar\u0131n\u0131n \u0259v\u0259zl\u0259nm\u0259si il\u0259 start verilib. Art\u0131q Xa\u00e7maz rayonunun v\u0259 Yevlax \u015f\u0259h\u0259rinin icra ba\u015f\u00e7\u0131lar\u0131 yeni kadrlarla \u0259v\u0259zl\u0259nib. ARANTV.AZ\u00a0 &#8220;Yeni Sabah&#8221;a istinad\u0259n x\u0259b\u0259r verir ki, proses yaln\u0131z bu rayonlarla m\u0259hdudla\u015fmayacaq. \u0130ddialara g\u00f6r\u0259, 10-dan art\u0131q rayonun icra ba\u015f\u00e7\u0131s\u0131 d\u0259yi\u015fdiril\u0259 bil\u0259r. H\u0259tta m\u00fcmk\u00fcnd\u00fcr ki, proses daha k\u00fctl\u0259vi hal als\u0131n. \u00c7\u00fcnki bu&hellip;","_links":{"self":[{"href":"https:\/\/arantv.az\/index.php?rest_route=\/wp\/v2\/posts\/91868"}],"collection":[{"href":"https:\/\/arantv.az\/index.php?rest_route=\/wp\/v2\/posts"}],"about":[{"href":"https:\/\/arantv.az\/index.php?rest_route=\/wp\/v2\/types\/post"}],"author":[{"embeddable":true,"href":"https:\/\/arantv.az\/index.php?rest_route=\/wp\/v2\/users\/2"}],"replies":[{"embeddable":true,"href":"https:\/\/arantv.az\/index.php?rest_route=%2Fwp%2Fv2%2Fcomments&post=91868"}],"version-history":[{"count":0,"href":"https:\/\/arantv.az\/index.php?rest_route=\/wp\/v2\/posts\/91868\/revisions"}],"wp:featuredmedia":[{"embeddable":true,"href":"https:\/\/arantv.az\/index.php?rest_route=\/wp\/v2\/media\/91869"}],"wp:attachment":[{"href":"https:\/\/arantv.az\/index.php?rest_route=%2Fwp%2Fv2%2Fmedia&parent=91868"}],"wp:term":[{"taxonomy":"category","embeddable":true,"href":"https:\/\/arantv.az\/index.php?rest_route=%2Fwp%2Fv2%2Fcategories&post=91868"},{"taxonomy":"post_tag","embeddable":true,"href":"https:\/\/arantv.az\/index.php?rest_route=%2Fwp%2Fv2%2Ftags&post=91868"}],"curies":[{"name":"wp","href":"https:\/\/api.w.org\/{rel}","templated":true}]}}