{"id":91876,"date":"2019-11-02T09:58:00","date_gmt":"2019-11-02T06:58:00","guid":{"rendered":"http:\/\/arantv.az\/?p=91876"},"modified":"2019-11-02T09:58:00","modified_gmt":"2019-11-02T06:58:00","slug":"guclu-kul%c9%99k-agaci-taninmis-yazarin-masininin-ustun%c9%99-asirdi-foto","status":"publish","type":"post","link":"https:\/\/arantv.az\/?p=91876","title":{"rendered":"G\u00fccl\u00fc k\u00fcl\u0259k a\u011fac\u0131 tan\u0131nm\u0131\u015f yazar\u0131n ma\u015f\u0131n\u0131n\u0131n \u00fcst\u00fcn\u0259 a\u015f\u0131rd\u0131 &#8211; FOTO"},"content":{"rendered":"<p>D\u00fcn\u0259nd\u0259n ba\u015flayan hava \u015f\u0259raiti il\u0259 ba\u011fl\u0131 olaraq paytaxt \u0259razisind\u0259 iki a\u011fac a\u015f\u0131b.<\/p>\n<p>Bu bar\u0259d\u0259 Oxu.Az-a Bak\u0131 \u015e\u0259h\u0259r Ya\u015f\u0131lla\u015fd\u0131rma T\u0259s\u0259rr\u00fcfat\u0131 Birliyinin Bitkil\u0259rin M\u00fchafiz\u0259si \u015e\u00f6b\u0259sinin r\u0259isi Orxan M\u0259mm\u0259dov m\u0259lumat verib.<\/p>\n<div><\/div>\n<p>Onun s\u00f6zl\u0259rin\u0259 g\u00f6r\u0259, bu g\u00fcnd\u0259n a\u011faclar\u0131n a\u015fmas\u0131 ehtimal\u0131 daha \u00e7oxdur:<\/p>\n<p>&#8220;A\u015fan a\u011faclardan biri k\u00f6k\u00fcnd\u0259n qopub. Dig\u0259rinin is\u0259 buda\u011f\u0131 s\u0131n\u0131b. Hadis\u0259l\u0259rd\u0259n biri N\u0259rimanov rayonunda ba\u015f verib. \u00dcmumiyy\u0259tl\u0259, h\u0259l\u0259lik sakitlikdir. Amma Ekologiya v\u0259 T\u0259bii S\u0259rv\u0259tl\u0259r Nazirliyinin x\u0259b\u0259rdarl\u0131\u011f\u0131na \u0259sas\u0259n, g\u00fccl\u00fc k\u00fcl\u0259k g\u00fcnortadan sonra ba\u015flayacaq.<\/p>\n<p>K\u00fcl\u0259yin s\u00fcr\u0259ti 28, 30, 32 v\u0259 35 m\/s olarsa, hadis\u0259l\u0259rin say\u0131 \u00e7oxlacaq. Hesab edir\u0259m ki, \u0259vv\u0259lki aylara nisb\u0259t\u0259n daha \u00e7ox a\u011fac a\u015facaq. \u00c7\u00fcnki art\u0131q ya\u011f\u0131\u015f ya\u011f\u0131b, torpaq, h\u0259tta a\u011faclar\u0131n oduncaqlar\u0131 bel\u0259 yum\u015fal\u0131b. A\u011faclar\u0131n q\u0131r\u0131lma v\u0259 k\u00f6k\u00fcnd\u0259n qopma ehtimal\u0131 \u00e7oxdur&#8221;.<\/p>\n<p>Orxan M\u0259mm\u0259dov v\u0259t\u0259nda\u015flara diqq\u0259tli olmalar\u0131 il\u0259 ba\u011fl\u0131 x\u0259b\u0259rdarl\u0131q edib.<\/p>\n<p>D\u00fcn\u0259n paytaxt \u0259razid\u0259 a\u015fan a\u011faclardan biri jurnalist, yazar P\u0259rviz C\u0259bray\u0131l\u0131n avtomobilinin \u00fcst\u00fcn\u0259 d\u00fc\u015f\u00fcb. Ma\u015f\u0131na ziyan d\u0259yib.<br \/>\n<img class=\"imgbcode\" src=\"https:\/\/sonxeber.az\/uploads\/74291219_2494295187456322_2695407181594886144_n.jpg\" alt=\"G\u00fccl\u00fc k\u00fcl\u0259k a\u011fac\u0131 tan\u0131nm\u0131\u015f yazar\u0131n ma\u015f\u0131n\u0131n\u0131n \u00fcst\u00fcn\u0259 a\u015f\u0131rd\u0131 - FOTO\" \/><img class=\"imgbcode\" src=\"https:\/\/sonxeber.az\/uploads\/75278310_2494295527456288_1627949350015467520_n.jpg\" alt=\"G\u00fccl\u00fc k\u00fcl\u0259k a\u011fac\u0131 tan\u0131nm\u0131\u015f yazar\u0131n ma\u015f\u0131n\u0131n\u0131n \u00fcst\u00fcn\u0259 a\u015f\u0131rd\u0131 - FOTO\" \/><\/p>\n","protected":false},"excerpt":{"rendered":"<p>D\u00fcn\u0259nd\u0259n ba\u015flayan hava \u015f\u0259raiti il\u0259 ba\u011fl\u0131 olaraq paytaxt \u0259razisind\u0259 iki a\u011fac a\u015f\u0131b. Bu bar\u0259d\u0259 Oxu.Az-a Bak\u0131 \u015e\u0259h\u0259r Ya\u015f\u0131lla\u015fd\u0131rma T\u0259s\u0259rr\u00fcfat\u0131 Birliyinin Bitkil\u0259rin M\u00fchafiz\u0259si \u015e\u00f6b\u0259sinin r\u0259isi Orxan M\u0259mm\u0259dov m\u0259lumat verib. Onun s\u00f6zl\u0259rin\u0259 g\u00f6r\u0259, bu g\u00fcnd\u0259n a\u011faclar\u0131n a\u015fmas\u0131 ehtimal\u0131 daha \u00e7oxdur: &#8220;A\u015fan a\u011faclardan biri k\u00f6k\u00fcnd\u0259n qopub. Dig\u0259rinin is\u0259 buda\u011f\u0131 s\u0131n\u0131b. Hadis\u0259l\u0259rd\u0259n biri N\u0259rimanov rayonunda ba\u015f verib. \u00dcmumiyy\u0259tl\u0259, h\u0259l\u0259lik sakitlikdir. Amma Ekologiya v\u0259 T\u0259bii S\u0259rv\u0259tl\u0259r Nazirliyinin x\u0259b\u0259rdarl\u0131\u011f\u0131na \u0259sas\u0259n, g\u00fccl\u00fc k\u00fcl\u0259k g\u00fcnortadan sonra ba\u015flayacaq. K\u00fcl\u0259yin s\u00fcr\u0259ti 28, 30, 32 v\u0259 35 m\/s olarsa, hadis\u0259l\u0259rin say\u0131 \u00e7oxlacaq. Hesab edir\u0259m ki, \u0259vv\u0259lki aylara nisb\u0259t\u0259n daha \u00e7ox a\u011fac&hellip;<\/p>\n","protected":false},"author":2,"featured_media":91877,"comment_status":"closed","ping_status":"closed","sticky":false,"template":"","format":"standard","meta":{"om_disable_all_campaigns":false,"_monsterinsights_skip_tracking":false,"_monsterinsights_sitenote_active":false,"_monsterinsights_sitenote_note":"","_monsterinsights_sitenote_category":0},"categories":[1],"tags":[],"aioseo_notices":[],"gutentor_comment":0,"rttpg_featured_image_url":{"full":["https:\/\/arantv.az\/wp-content\/uploads\/2019\/11\/73309394_2494295070789667_2113696166779551744_n.jpg",549,309,false],"landscape":["https:\/\/arantv.az\/wp-content\/uploads\/2019\/11\/73309394_2494295070789667_2113696166779551744_n.jpg",549,309,false],"portraits":["https:\/\/arantv.az\/wp-content\/uploads\/2019\/11\/73309394_2494295070789667_2113696166779551744_n.jpg",549,309,false],"thumbnail":["https:\/\/arantv.az\/wp-content\/uploads\/2019\/11\/73309394_2494295070789667_2113696166779551744_n-150x150.jpg",150,150,true],"medium":["https:\/\/arantv.az\/wp-content\/uploads\/2019\/11\/73309394_2494295070789667_2113696166779551744_n-300x169.jpg",300,169,true],"large":["https:\/\/arantv.az\/wp-content\/uploads\/2019\/11\/73309394_2494295070789667_2113696166779551744_n.jpg",549,309,false],"1536x1536":["https:\/\/arantv.az\/wp-content\/uploads\/2019\/11\/73309394_2494295070789667_2113696166779551744_n.jpg",549,309,false],"2048x2048":["https:\/\/arantv.az\/wp-content\/uploads\/2019\/11\/73309394_2494295070789667_2113696166779551744_n.jpg",549,309,false],"post-thumbnail":["https:\/\/arantv.az\/wp-content\/uploads\/2019\/11\/73309394_2494295070789667_2113696166779551744_n-240x172.jpg",240,172,true],"advps-thumb-one":["https:\/\/arantv.az\/wp-content\/uploads\/2019\/11\/73309394_2494295070789667_2113696166779551744_n.jpg",549,309,false]},"rttpg_author":{"display_name":"V\u00fcsal Rafiqo\u011flu","author_link":"https:\/\/arantv.az\/?author=2"},"rttpg_comment":0,"rttpg_category":"<a href=\"https:\/\/arantv.az\/?cat=1\" rel=\"category\">C\u0259miyy\u0259t<\/a>","rttpg_excerpt":"D\u00fcn\u0259nd\u0259n ba\u015flayan hava \u015f\u0259raiti il\u0259 ba\u011fl\u0131 olaraq paytaxt \u0259razisind\u0259 iki a\u011fac a\u015f\u0131b. Bu bar\u0259d\u0259 Oxu.Az-a Bak\u0131 \u015e\u0259h\u0259r Ya\u015f\u0131lla\u015fd\u0131rma T\u0259s\u0259rr\u00fcfat\u0131 Birliyinin Bitkil\u0259rin M\u00fchafiz\u0259si \u015e\u00f6b\u0259sinin r\u0259isi Orxan M\u0259mm\u0259dov m\u0259lumat verib. Onun s\u00f6zl\u0259rin\u0259 g\u00f6r\u0259, bu g\u00fcnd\u0259n a\u011faclar\u0131n a\u015fmas\u0131 ehtimal\u0131 daha \u00e7oxdur: &#8220;A\u015fan a\u011faclardan biri k\u00f6k\u00fcnd\u0259n qopub. Dig\u0259rinin is\u0259 buda\u011f\u0131 s\u0131n\u0131b. Hadis\u0259l\u0259rd\u0259n biri N\u0259rimanov rayonunda ba\u015f verib. \u00dcmumiyy\u0259tl\u0259, h\u0259l\u0259lik&hellip;","_links":{"self":[{"href":"https:\/\/arantv.az\/index.php?rest_route=\/wp\/v2\/posts\/91876"}],"collection":[{"href":"https:\/\/arantv.az\/index.php?rest_route=\/wp\/v2\/posts"}],"about":[{"href":"https:\/\/arantv.az\/index.php?rest_route=\/wp\/v2\/types\/post"}],"author":[{"embeddable":true,"href":"https:\/\/arantv.az\/index.php?rest_route=\/wp\/v2\/users\/2"}],"replies":[{"embeddable":true,"href":"https:\/\/arantv.az\/index.php?rest_route=%2Fwp%2Fv2%2Fcomments&post=91876"}],"version-history":[{"count":0,"href":"https:\/\/arantv.az\/index.php?rest_route=\/wp\/v2\/posts\/91876\/revisions"}],"wp:featuredmedia":[{"embeddable":true,"href":"https:\/\/arantv.az\/index.php?rest_route=\/wp\/v2\/media\/91877"}],"wp:attachment":[{"href":"https:\/\/arantv.az\/index.php?rest_route=%2Fwp%2Fv2%2Fmedia&parent=91876"}],"wp:term":[{"taxonomy":"category","embeddable":true,"href":"https:\/\/arantv.az\/index.php?rest_route=%2Fwp%2Fv2%2Fcategories&post=91876"},{"taxonomy":"post_tag","embeddable":true,"href":"https:\/\/arantv.az\/index.php?rest_route=%2Fwp%2Fv2%2Ftags&post=91876"}],"curies":[{"name":"wp","href":"https:\/\/api.w.org\/{rel}","templated":true}]}}