{"id":91886,"date":"2019-11-02T09:59:37","date_gmt":"2019-11-02T06:59:37","guid":{"rendered":"http:\/\/arantv.az\/?p=91886"},"modified":"2019-11-02T09:59:37","modified_gmt":"2019-11-02T06:59:37","slug":"bakida-kisi-avtomobilin-altinda-qalaraq-olub","status":"publish","type":"post","link":"https:\/\/arantv.az\/?p=91886","title":{"rendered":"Bak\u0131da ki\u015fi avtomobilin alt\u0131nda qalaraq \u00f6l\u00fcb"},"content":{"rendered":"<p>Bak\u0131da bir n\u0259f\u0259r minik avtomobilinin alt\u0131nda qalaraq \u00f6l\u00fcb.<\/p>\n<p><b>ARANTV.AZ\u00a0<\/b> x\u0259b\u0259r verir ki, nazirliyin &#8220;112&#8221; qaynar telefon x\u0259ttin\u0259, Bak\u0131 \u015f\u0259h\u0259rinin Sabun\u00e7u rayonunda 1 n\u0259f\u0259rin &#8220;Opel&#8221; markal\u0131 minik avtomobilinin alt\u0131nda k\u00f6m\u0259ksiz v\u0259ziyy\u0259td\u0259 qalmas\u0131 bar\u0259d\u0259 m\u0259lumat daxil olub.<\/p>\n<div><\/div>\n<p>Hadis\u0259 yerin\u0259 c\u0259lb olunan X\u00fcsusi Riskli Xilasetm\u0259 Xidm\u0259tinin m\u00fcvafiq xilasetm\u0259 q\u00fcvv\u0259l\u0259ri 1972-ci il t\u0259v\u0259ll\u00fcdl\u00fc \u018fhm\u0259dov F\u0259rhad Elxan o\u011flunun meyitini avtomobilin alt\u0131ndan \u00e7\u0131xararaq aidiyy\u0259ti \u00fczr\u0259 t\u0259hvil veribl\u0259r.Sonxeber.az<\/p>\n","protected":false},"excerpt":{"rendered":"<p>Bak\u0131da bir n\u0259f\u0259r minik avtomobilinin alt\u0131nda qalaraq \u00f6l\u00fcb. ARANTV.AZ\u00a0 x\u0259b\u0259r verir ki, nazirliyin &#8220;112&#8221; qaynar telefon x\u0259ttin\u0259, Bak\u0131 \u015f\u0259h\u0259rinin Sabun\u00e7u rayonunda 1 n\u0259f\u0259rin &#8220;Opel&#8221; markal\u0131 minik avtomobilinin alt\u0131nda k\u00f6m\u0259ksiz v\u0259ziyy\u0259td\u0259 qalmas\u0131 bar\u0259d\u0259 m\u0259lumat daxil olub. Hadis\u0259 yerin\u0259 c\u0259lb olunan X\u00fcsusi Riskli Xilasetm\u0259 Xidm\u0259tinin m\u00fcvafiq xilasetm\u0259 q\u00fcvv\u0259l\u0259ri 1972-ci il t\u0259v\u0259ll\u00fcdl\u00fc \u018fhm\u0259dov F\u0259rhad Elxan o\u011flunun meyitini avtomobilin alt\u0131ndan \u00e7\u0131xararaq aidiyy\u0259ti \u00fczr\u0259 t\u0259hvil veribl\u0259r.Sonxeber.az<\/p>\n","protected":false},"author":2,"featured_media":91887,"comment_status":"closed","ping_status":"closed","sticky":false,"template":"","format":"standard","meta":{"om_disable_all_campaigns":false,"_monsterinsights_skip_tracking":false,"_monsterinsights_sitenote_active":false,"_monsterinsights_sitenote_note":"","_monsterinsights_sitenote_category":0},"categories":[5],"tags":[],"aioseo_notices":[],"gutentor_comment":0,"rttpg_featured_image_url":{"full":["https:\/\/arantv.az\/wp-content\/uploads\/2019\/11\/1572675124_ka.jpg",549,309,false],"landscape":["https:\/\/arantv.az\/wp-content\/uploads\/2019\/11\/1572675124_ka.jpg",549,309,false],"portraits":["https:\/\/arantv.az\/wp-content\/uploads\/2019\/11\/1572675124_ka.jpg",549,309,false],"thumbnail":["https:\/\/arantv.az\/wp-content\/uploads\/2019\/11\/1572675124_ka-150x150.jpg",150,150,true],"medium":["https:\/\/arantv.az\/wp-content\/uploads\/2019\/11\/1572675124_ka-300x169.jpg",300,169,true],"large":["https:\/\/arantv.az\/wp-content\/uploads\/2019\/11\/1572675124_ka.jpg",549,309,false],"1536x1536":["https:\/\/arantv.az\/wp-content\/uploads\/2019\/11\/1572675124_ka.jpg",549,309,false],"2048x2048":["https:\/\/arantv.az\/wp-content\/uploads\/2019\/11\/1572675124_ka.jpg",549,309,false],"post-thumbnail":["https:\/\/arantv.az\/wp-content\/uploads\/2019\/11\/1572675124_ka-240x172.jpg",240,172,true],"advps-thumb-one":["https:\/\/arantv.az\/wp-content\/uploads\/2019\/11\/1572675124_ka.jpg",549,309,false]},"rttpg_author":{"display_name":"V\u00fcsal Rafiqo\u011flu","author_link":"https:\/\/arantv.az\/?author=2"},"rttpg_comment":0,"rttpg_category":"<a href=\"https:\/\/arantv.az\/?cat=5\" rel=\"category\">Hadis\u0259<\/a>","rttpg_excerpt":"Bak\u0131da bir n\u0259f\u0259r minik avtomobilinin alt\u0131nda qalaraq \u00f6l\u00fcb. ARANTV.AZ\u00a0 x\u0259b\u0259r verir ki, nazirliyin &#8220;112&#8221; qaynar telefon x\u0259ttin\u0259, Bak\u0131 \u015f\u0259h\u0259rinin Sabun\u00e7u rayonunda 1 n\u0259f\u0259rin &#8220;Opel&#8221; markal\u0131 minik avtomobilinin alt\u0131nda k\u00f6m\u0259ksiz v\u0259ziyy\u0259td\u0259 qalmas\u0131 bar\u0259d\u0259 m\u0259lumat daxil olub. Hadis\u0259 yerin\u0259 c\u0259lb olunan X\u00fcsusi Riskli Xilasetm\u0259 Xidm\u0259tinin m\u00fcvafiq xilasetm\u0259 q\u00fcvv\u0259l\u0259ri 1972-ci il t\u0259v\u0259ll\u00fcdl\u00fc \u018fhm\u0259dov F\u0259rhad Elxan o\u011flunun meyitini avtomobilin&hellip;","_links":{"self":[{"href":"https:\/\/arantv.az\/index.php?rest_route=\/wp\/v2\/posts\/91886"}],"collection":[{"href":"https:\/\/arantv.az\/index.php?rest_route=\/wp\/v2\/posts"}],"about":[{"href":"https:\/\/arantv.az\/index.php?rest_route=\/wp\/v2\/types\/post"}],"author":[{"embeddable":true,"href":"https:\/\/arantv.az\/index.php?rest_route=\/wp\/v2\/users\/2"}],"replies":[{"embeddable":true,"href":"https:\/\/arantv.az\/index.php?rest_route=%2Fwp%2Fv2%2Fcomments&post=91886"}],"version-history":[{"count":0,"href":"https:\/\/arantv.az\/index.php?rest_route=\/wp\/v2\/posts\/91886\/revisions"}],"wp:featuredmedia":[{"embeddable":true,"href":"https:\/\/arantv.az\/index.php?rest_route=\/wp\/v2\/media\/91887"}],"wp:attachment":[{"href":"https:\/\/arantv.az\/index.php?rest_route=%2Fwp%2Fv2%2Fmedia&parent=91886"}],"wp:term":[{"taxonomy":"category","embeddable":true,"href":"https:\/\/arantv.az\/index.php?rest_route=%2Fwp%2Fv2%2Fcategories&post=91886"},{"taxonomy":"post_tag","embeddable":true,"href":"https:\/\/arantv.az\/index.php?rest_route=%2Fwp%2Fv2%2Ftags&post=91886"}],"curies":[{"name":"wp","href":"https:\/\/api.w.org\/{rel}","templated":true}]}}