{"id":91910,"date":"2019-11-02T10:20:25","date_gmt":"2019-11-02T07:20:25","guid":{"rendered":"http:\/\/arantv.az\/?p=91910"},"modified":"2019-11-02T10:20:25","modified_gmt":"2019-11-02T07:20:25","slug":"atasini-erk%c9%99n-yaslarinda-itirib-anasi-is%c9%99-elmi-iscidir-pa-nin-yeni-r%c9%99hb%c9%99ri-haqda-bilinm%c9%99y%c9%99n-faktlar","status":"publish","type":"post","link":"https:\/\/arantv.az\/?p=91910","title":{"rendered":"&#8220;Atas\u0131n\u0131 erk\u0259n ya\u015flar\u0131nda itirib, anas\u0131 is\u0259 elmi i\u015f\u00e7idir&#8221; &#8211; PA-n\u0131n yeni r\u0259hb\u0259ri haqda bilinm\u0259y\u0259n faktlar"},"content":{"rendered":"<p>&#8220;Samir Nuriyevi 2006-c\u0131 ild\u0259n tan\u0131y\u0131ram. Eyni hey\u0259tin t\u0259rkibind\u0259 C\u0259nubi Koreyada s\u0259f\u0259rd\u0259 olmu\u015fduq. Onda \u0130qtisadi \u0130nki\u015faf Nazirliyind\u0259 \u00e7al\u0131\u015f\u0131rd\u0131.<\/p>\n<p><b>ARANTV.AZ\u00a0<\/b>azxeber.com-a istinad\u0259n x\u0259b\u0259r verir ki, bunu &#8220;525-ci q\u0259zet\u201din ba\u015f redaktoru R\u0259\u015fad M\u0259cid Prezident Administrasiyas\u0131n\u0131n yeni r\u0259hb\u0259ri haqda t\u0259\u0259s\u00fcratlar\u0131n\u0131 b\u00f6l\u00fc\u015f\u0259rk\u0259n deyib.<\/p>\n<p>O, qeyd edib ki, Samir Nuriyev atas\u0131n\u0131 erk\u0259n ya\u015flar\u0131nda itirib, elmi i\u015f\u00e7i olan anas\u0131n\u0131n f\u0259dakarl\u0131\u011f\u0131 say\u0259sind\u0259 yax\u015f\u0131 t\u0259hsil al\u0131b.<\/p>\n<p>&#8220;Karyera pill\u0259l\u0259rind\u0259 \u00f6z\u00fcn\u00fcn qabiliyy\u0259t, intellekt, i\u015fg\u00fczarl\u0131q kimi \u00fcst\u00fcn v\u0259 \u00f6n\u0259mli keyfiyy\u0259tl\u0259ri hesab\u0131na y\u00fcks\u0259lib. Savadl\u0131, kreativ, yeni d\u00fc\u015f\u00fcnc\u0259y\u0259 malik kadrd\u0131r. C\u0259nab Prezidentin obyektiv, \u0259dal\u0259tli v\u0259 d\u0259qiq se\u00e7imidir.<\/p>\n<p>D\u00f6vl\u0259tin g\u00fcc\u00fc, \u0259dal\u0259ti h\u0259m d\u0259 sad\u0259 bir ail\u0259d\u0259n \u00e7\u0131xm\u0131\u015f bacar\u0131ql\u0131 g\u0259ncin siyas\u0259t olimpin\u0259 y\u00fcks\u0259l\u0259 bilm\u0259si imkan\u0131 il\u0259 \u00f6l\u00e7\u00fcl\u00fcr.<\/p>\n<p>D\u00f6vl\u0259timiz \u00fc\u00e7\u00fcn u\u011furlu t\u0259yinat olaca\u011f\u0131na inan\u0131r\u0131q!..\u201d-dey\u0259, R. M\u0259cid \u0259lav\u0259 edib.<\/p>\n","protected":false},"excerpt":{"rendered":"<p>&#8220;Samir Nuriyevi 2006-c\u0131 ild\u0259n tan\u0131y\u0131ram. Eyni hey\u0259tin t\u0259rkibind\u0259 C\u0259nubi Koreyada s\u0259f\u0259rd\u0259 olmu\u015fduq. Onda \u0130qtisadi \u0130nki\u015faf Nazirliyind\u0259 \u00e7al\u0131\u015f\u0131rd\u0131. ARANTV.AZ\u00a0azxeber.com-a istinad\u0259n x\u0259b\u0259r verir ki, bunu &#8220;525-ci q\u0259zet\u201din ba\u015f redaktoru R\u0259\u015fad M\u0259cid Prezident Administrasiyas\u0131n\u0131n yeni r\u0259hb\u0259ri haqda t\u0259\u0259s\u00fcratlar\u0131n\u0131 b\u00f6l\u00fc\u015f\u0259rk\u0259n deyib. O, qeyd edib ki, Samir Nuriyev atas\u0131n\u0131 erk\u0259n ya\u015flar\u0131nda itirib, elmi i\u015f\u00e7i olan anas\u0131n\u0131n f\u0259dakarl\u0131\u011f\u0131 say\u0259sind\u0259 yax\u015f\u0131 t\u0259hsil al\u0131b. &#8220;Karyera pill\u0259l\u0259rind\u0259 \u00f6z\u00fcn\u00fcn qabiliyy\u0259t, intellekt, i\u015fg\u00fczarl\u0131q kimi \u00fcst\u00fcn v\u0259 \u00f6n\u0259mli keyfiyy\u0259tl\u0259ri hesab\u0131na y\u00fcks\u0259lib. Savadl\u0131, kreativ, yeni d\u00fc\u015f\u00fcnc\u0259y\u0259 malik kadrd\u0131r. C\u0259nab Prezidentin obyektiv, \u0259dal\u0259tli v\u0259 d\u0259qiq se\u00e7imidir. D\u00f6vl\u0259tin g\u00fcc\u00fc, \u0259dal\u0259ti h\u0259m d\u0259 sad\u0259 bir ail\u0259d\u0259n&hellip;<\/p>\n","protected":false},"author":2,"featured_media":91911,"comment_status":"closed","ping_status":"closed","sticky":false,"template":"","format":"standard","meta":{"om_disable_all_campaigns":false,"_monsterinsights_skip_tracking":false,"_monsterinsights_sitenote_active":false,"_monsterinsights_sitenote_note":"","_monsterinsights_sitenote_category":0},"categories":[19],"tags":[],"aioseo_notices":[],"gutentor_comment":0,"rttpg_featured_image_url":{"full":["https:\/\/arantv.az\/wp-content\/uploads\/2019\/11\/1572677363_34c91679-0b44-4506-bfb0-ecf87.jpg",620,425,false],"landscape":["https:\/\/arantv.az\/wp-content\/uploads\/2019\/11\/1572677363_34c91679-0b44-4506-bfb0-ecf87.jpg",620,425,false],"portraits":["https:\/\/arantv.az\/wp-content\/uploads\/2019\/11\/1572677363_34c91679-0b44-4506-bfb0-ecf87.jpg",620,425,false],"thumbnail":["https:\/\/arantv.az\/wp-content\/uploads\/2019\/11\/1572677363_34c91679-0b44-4506-bfb0-ecf87-150x150.jpg",150,150,true],"medium":["https:\/\/arantv.az\/wp-content\/uploads\/2019\/11\/1572677363_34c91679-0b44-4506-bfb0-ecf87-300x206.jpg",300,206,true],"large":["https:\/\/arantv.az\/wp-content\/uploads\/2019\/11\/1572677363_34c91679-0b44-4506-bfb0-ecf87.jpg",620,425,false],"1536x1536":["https:\/\/arantv.az\/wp-content\/uploads\/2019\/11\/1572677363_34c91679-0b44-4506-bfb0-ecf87.jpg",620,425,false],"2048x2048":["https:\/\/arantv.az\/wp-content\/uploads\/2019\/11\/1572677363_34c91679-0b44-4506-bfb0-ecf87.jpg",620,425,false],"post-thumbnail":["https:\/\/arantv.az\/wp-content\/uploads\/2019\/11\/1572677363_34c91679-0b44-4506-bfb0-ecf87-240x172.jpg",240,172,true],"advps-thumb-one":["https:\/\/arantv.az\/wp-content\/uploads\/2019\/11\/1572677363_34c91679-0b44-4506-bfb0-ecf87.jpg",620,425,false]},"rttpg_author":{"display_name":"V\u00fcsal Rafiqo\u011flu","author_link":"https:\/\/arantv.az\/?author=2"},"rttpg_comment":0,"rttpg_category":"<a href=\"https:\/\/arantv.az\/?cat=19\" rel=\"category\">G\u00fcnd\u0259m<\/a>","rttpg_excerpt":"&#8220;Samir Nuriyevi 2006-c\u0131 ild\u0259n tan\u0131y\u0131ram. Eyni hey\u0259tin t\u0259rkibind\u0259 C\u0259nubi Koreyada s\u0259f\u0259rd\u0259 olmu\u015fduq. Onda \u0130qtisadi \u0130nki\u015faf Nazirliyind\u0259 \u00e7al\u0131\u015f\u0131rd\u0131. ARANTV.AZ\u00a0azxeber.com-a istinad\u0259n x\u0259b\u0259r verir ki, bunu &#8220;525-ci q\u0259zet\u201din ba\u015f redaktoru R\u0259\u015fad M\u0259cid Prezident Administrasiyas\u0131n\u0131n yeni r\u0259hb\u0259ri haqda t\u0259\u0259s\u00fcratlar\u0131n\u0131 b\u00f6l\u00fc\u015f\u0259rk\u0259n deyib. O, qeyd edib ki, Samir Nuriyev atas\u0131n\u0131 erk\u0259n ya\u015flar\u0131nda itirib, elmi i\u015f\u00e7i olan anas\u0131n\u0131n f\u0259dakarl\u0131\u011f\u0131 say\u0259sind\u0259 yax\u015f\u0131 t\u0259hsil&hellip;","_links":{"self":[{"href":"https:\/\/arantv.az\/index.php?rest_route=\/wp\/v2\/posts\/91910"}],"collection":[{"href":"https:\/\/arantv.az\/index.php?rest_route=\/wp\/v2\/posts"}],"about":[{"href":"https:\/\/arantv.az\/index.php?rest_route=\/wp\/v2\/types\/post"}],"author":[{"embeddable":true,"href":"https:\/\/arantv.az\/index.php?rest_route=\/wp\/v2\/users\/2"}],"replies":[{"embeddable":true,"href":"https:\/\/arantv.az\/index.php?rest_route=%2Fwp%2Fv2%2Fcomments&post=91910"}],"version-history":[{"count":0,"href":"https:\/\/arantv.az\/index.php?rest_route=\/wp\/v2\/posts\/91910\/revisions"}],"wp:featuredmedia":[{"embeddable":true,"href":"https:\/\/arantv.az\/index.php?rest_route=\/wp\/v2\/media\/91911"}],"wp:attachment":[{"href":"https:\/\/arantv.az\/index.php?rest_route=%2Fwp%2Fv2%2Fmedia&parent=91910"}],"wp:term":[{"taxonomy":"category","embeddable":true,"href":"https:\/\/arantv.az\/index.php?rest_route=%2Fwp%2Fv2%2Fcategories&post=91910"},{"taxonomy":"post_tag","embeddable":true,"href":"https:\/\/arantv.az\/index.php?rest_route=%2Fwp%2Fv2%2Ftags&post=91910"}],"curies":[{"name":"wp","href":"https:\/\/api.w.org\/{rel}","templated":true}]}}