{"id":91919,"date":"2019-11-02T10:22:19","date_gmt":"2019-11-02T07:22:19","guid":{"rendered":"http:\/\/arantv.az\/?p=91919"},"modified":"2019-11-02T10:22:19","modified_gmt":"2019-11-02T07:22:19","slug":"s%c9%99hidl%c9%99ri-ciynimd%c9%99-dasidigimdan-x%c9%99b%c9%99rsizdirl%c9%99r-deputat-q%c9%99z%c9%99bl%c9%99ndi","status":"publish","type":"post","link":"https:\/\/arantv.az\/?p=91919","title":{"rendered":"&#8220;\u015e\u0259hidl\u0259ri \u00e7iynimd\u0259 da\u015f\u0131d\u0131\u011f\u0131mdan x\u0259b\u0259rsizdirl\u0259r&#8221; &#8211; Deputat q\u0259z\u0259bl\u0259ndi"},"content":{"rendered":"<p>Mill\u0259t v\u0259kili S\u0259m\u0259d Seyidov onun Primakovun yubileyi il\u0259 ba\u011fl\u0131 Bak\u0131 Slavyan Universitetinin ke\u00e7irdiyi t\u0259dbird\u0259 i\u015ftirak etm\u0259si haqda sosial \u015f\u0259b\u0259k\u0259l\u0259rd\u0259 yay\u0131lan m\u0259lumatlar\u0131 t\u0259kzib edib.<\/p>\n<p><b>ARANTV.AZ<\/b>-\u0131n &#8220;Qafqazinfo&#8221;ya istinad\u0259n verdiyi x\u0259b\u0259r\u0259 g\u00f6r\u0259, S.S\u0259m\u0259dov bildirib ki, bu iddialar onu \u00e7ox q\u0259z\u0259bl\u0259ndirib: &#8220;G\u00f6r\u00fcn\u00fcr ki, bu iddialar\u0131 ir\u0259li s\u00fcr\u0259n \u015f\u0259xsl\u0259r m\u0259nim &#8220;20 Yanvar&#8221; \u015f\u0259hidl\u0259rini \u00e7iynimd\u0259 da\u015f\u0131d\u0131\u011f\u0131mdan, qanl\u0131 gec\u0259d\u0259 \u015f\u0259hid olmu\u015f t\u0259l\u0259b\u0259m \u00dclvi B\u00fcnyadzad\u0259nin ad\u0131na muzey a\u00e7ma\u011f\u0131mdan, do\u011fma qarda\u015f\u0131m\u0131n erm\u0259nil\u0259r t\u0259r\u0259find\u0259n q\u0259tl\u0259 yetirildiyind\u0259n bix\u0259b\u0259rdirl\u0259r. Sevinc F\u0259t\u0259liyevaya v\u0259 h\u0259min vaxt Br\u00fcsseld\u0259 olan Sahib\u0259 Qafarovaya qar\u015f\u0131 da eyni b\u00f6htan\u0131 atan bu \u015f\u0259xsl\u0259rin m\u0259qs\u0259di he\u00e7 bir \u0259sas\u0131 olmayan, yalan v\u0259 b\u00f6htan xarakterli iddialar ir\u0259li s\u00fcr\u0259r\u0259k, d\u00f6vl\u0259timizin maraqlar\u0131n\u0131 h\u0259r zaman h\u0259r \u015feyd\u0259n \u00fcst\u00fcn tutan, Az\u0259rbaycan\u0131 beyn\u0259lxalq al\u0259md\u0259 t\u0259msil ed\u0259n insanlar\u0131n \u0259m\u0259kl\u0259rini he\u00e7\u0259 sayaraq, \u00e7irkin \u015f\u0259kild\u0259 l\u0259k\u0259l\u0259m\u0259k, insanlarda onlara qar\u015f\u0131 nifr\u0259t hissi oyatmaqd\u0131r. O d\u0259r\u0259c\u0259d\u0259 \u00e7irkindirl\u0259r ki, m\u0259nim Avropa \u015euras\u0131nda \u00e7\u0259kilmi\u015f \u015f\u0259klimi h\u0259min t\u0259dbird\u0259ki kimi t\u0259qdim etm\u0259kd\u0259n, x\u0259b\u0259rim bel\u0259 olmad\u0131\u011f\u0131 bir t\u0259dbird\u0259 i\u015ftirak etdiyimi iddia etm\u0259kd\u0259n bel\u0259 utanm\u0131rlar!!!&#8221;<\/p>\n<div><\/div>\n<p>Qeyd ed\u0259k ki, BSU-da &#8220;20 Yanvar&#8221; faci\u0259sinin t\u0259\u015fkilat\u00e7\u0131lar\u0131ndan biri Primakovun yubileyi il\u0259 ba\u011fl\u0131 m\u00fcsabiq\u0259 elan edilib v\u0259 t\u0259l\u0259b\u0259l\u0259r m\u0259qal\u0259l\u0259r yazaraq yer tutublar. Sonra is\u0259 bu m\u00f6vzuda t\u0259dbir ke\u00e7irilib.<\/p>\n","protected":false},"excerpt":{"rendered":"<p>Mill\u0259t v\u0259kili S\u0259m\u0259d Seyidov onun Primakovun yubileyi il\u0259 ba\u011fl\u0131 Bak\u0131 Slavyan Universitetinin ke\u00e7irdiyi t\u0259dbird\u0259 i\u015ftirak etm\u0259si haqda sosial \u015f\u0259b\u0259k\u0259l\u0259rd\u0259 yay\u0131lan m\u0259lumatlar\u0131 t\u0259kzib edib. ARANTV.AZ-\u0131n &#8220;Qafqazinfo&#8221;ya istinad\u0259n verdiyi x\u0259b\u0259r\u0259 g\u00f6r\u0259, S.S\u0259m\u0259dov bildirib ki, bu iddialar onu \u00e7ox q\u0259z\u0259bl\u0259ndirib: &#8220;G\u00f6r\u00fcn\u00fcr ki, bu iddialar\u0131 ir\u0259li s\u00fcr\u0259n \u015f\u0259xsl\u0259r m\u0259nim &#8220;20 Yanvar&#8221; \u015f\u0259hidl\u0259rini \u00e7iynimd\u0259 da\u015f\u0131d\u0131\u011f\u0131mdan, qanl\u0131 gec\u0259d\u0259 \u015f\u0259hid olmu\u015f t\u0259l\u0259b\u0259m \u00dclvi B\u00fcnyadzad\u0259nin ad\u0131na muzey a\u00e7ma\u011f\u0131mdan, do\u011fma qarda\u015f\u0131m\u0131n erm\u0259nil\u0259r t\u0259r\u0259find\u0259n q\u0259tl\u0259 yetirildiyind\u0259n bix\u0259b\u0259rdirl\u0259r. Sevinc F\u0259t\u0259liyevaya v\u0259 h\u0259min vaxt Br\u00fcsseld\u0259 olan Sahib\u0259 Qafarovaya qar\u015f\u0131 da eyni b\u00f6htan\u0131 atan bu \u015f\u0259xsl\u0259rin m\u0259qs\u0259di he\u00e7 bir \u0259sas\u0131 olmayan, yalan v\u0259&hellip;<\/p>\n","protected":false},"author":2,"featured_media":91920,"comment_status":"closed","ping_status":"closed","sticky":false,"template":"","format":"standard","meta":{"om_disable_all_campaigns":false,"_monsterinsights_skip_tracking":false,"_monsterinsights_sitenote_active":false,"_monsterinsights_sitenote_note":"","_monsterinsights_sitenote_category":0},"categories":[19],"tags":[],"aioseo_notices":[],"gutentor_comment":0,"rttpg_featured_image_url":{"full":["https:\/\/arantv.az\/wp-content\/uploads\/2019\/11\/15726786186597402095dbd2bdaa02ce.jpg",549,345,false],"landscape":["https:\/\/arantv.az\/wp-content\/uploads\/2019\/11\/15726786186597402095dbd2bdaa02ce.jpg",549,345,false],"portraits":["https:\/\/arantv.az\/wp-content\/uploads\/2019\/11\/15726786186597402095dbd2bdaa02ce.jpg",549,345,false],"thumbnail":["https:\/\/arantv.az\/wp-content\/uploads\/2019\/11\/15726786186597402095dbd2bdaa02ce-150x150.jpg",150,150,true],"medium":["https:\/\/arantv.az\/wp-content\/uploads\/2019\/11\/15726786186597402095dbd2bdaa02ce-300x189.jpg",300,189,true],"large":["https:\/\/arantv.az\/wp-content\/uploads\/2019\/11\/15726786186597402095dbd2bdaa02ce.jpg",549,345,false],"1536x1536":["https:\/\/arantv.az\/wp-content\/uploads\/2019\/11\/15726786186597402095dbd2bdaa02ce.jpg",549,345,false],"2048x2048":["https:\/\/arantv.az\/wp-content\/uploads\/2019\/11\/15726786186597402095dbd2bdaa02ce.jpg",549,345,false],"post-thumbnail":["https:\/\/arantv.az\/wp-content\/uploads\/2019\/11\/15726786186597402095dbd2bdaa02ce-240x172.jpg",240,172,true],"advps-thumb-one":["https:\/\/arantv.az\/wp-content\/uploads\/2019\/11\/15726786186597402095dbd2bdaa02ce.jpg",549,345,false]},"rttpg_author":{"display_name":"V\u00fcsal Rafiqo\u011flu","author_link":"https:\/\/arantv.az\/?author=2"},"rttpg_comment":0,"rttpg_category":"<a href=\"https:\/\/arantv.az\/?cat=19\" rel=\"category\">G\u00fcnd\u0259m<\/a>","rttpg_excerpt":"Mill\u0259t v\u0259kili S\u0259m\u0259d Seyidov onun Primakovun yubileyi il\u0259 ba\u011fl\u0131 Bak\u0131 Slavyan Universitetinin ke\u00e7irdiyi t\u0259dbird\u0259 i\u015ftirak etm\u0259si haqda sosial \u015f\u0259b\u0259k\u0259l\u0259rd\u0259 yay\u0131lan m\u0259lumatlar\u0131 t\u0259kzib edib. ARANTV.AZ-\u0131n &#8220;Qafqazinfo&#8221;ya istinad\u0259n verdiyi x\u0259b\u0259r\u0259 g\u00f6r\u0259, S.S\u0259m\u0259dov bildirib ki, bu iddialar onu \u00e7ox q\u0259z\u0259bl\u0259ndirib: &#8220;G\u00f6r\u00fcn\u00fcr ki, bu iddialar\u0131 ir\u0259li s\u00fcr\u0259n \u015f\u0259xsl\u0259r m\u0259nim &#8220;20 Yanvar&#8221; \u015f\u0259hidl\u0259rini \u00e7iynimd\u0259 da\u015f\u0131d\u0131\u011f\u0131mdan, qanl\u0131 gec\u0259d\u0259 \u015f\u0259hid olmu\u015f t\u0259l\u0259b\u0259m&hellip;","_links":{"self":[{"href":"https:\/\/arantv.az\/index.php?rest_route=\/wp\/v2\/posts\/91919"}],"collection":[{"href":"https:\/\/arantv.az\/index.php?rest_route=\/wp\/v2\/posts"}],"about":[{"href":"https:\/\/arantv.az\/index.php?rest_route=\/wp\/v2\/types\/post"}],"author":[{"embeddable":true,"href":"https:\/\/arantv.az\/index.php?rest_route=\/wp\/v2\/users\/2"}],"replies":[{"embeddable":true,"href":"https:\/\/arantv.az\/index.php?rest_route=%2Fwp%2Fv2%2Fcomments&post=91919"}],"version-history":[{"count":0,"href":"https:\/\/arantv.az\/index.php?rest_route=\/wp\/v2\/posts\/91919\/revisions"}],"wp:featuredmedia":[{"embeddable":true,"href":"https:\/\/arantv.az\/index.php?rest_route=\/wp\/v2\/media\/91920"}],"wp:attachment":[{"href":"https:\/\/arantv.az\/index.php?rest_route=%2Fwp%2Fv2%2Fmedia&parent=91919"}],"wp:term":[{"taxonomy":"category","embeddable":true,"href":"https:\/\/arantv.az\/index.php?rest_route=%2Fwp%2Fv2%2Fcategories&post=91919"},{"taxonomy":"post_tag","embeddable":true,"href":"https:\/\/arantv.az\/index.php?rest_route=%2Fwp%2Fv2%2Ftags&post=91919"}],"curies":[{"name":"wp","href":"https:\/\/api.w.org\/{rel}","templated":true}]}}