{"id":91935,"date":"2019-11-02T10:31:36","date_gmt":"2019-11-02T07:31:36","guid":{"rendered":"http:\/\/arantv.az\/?p=91935"},"modified":"2019-11-02T10:31:36","modified_gmt":"2019-11-02T07:31:36","slug":"dask%c9%99s%c9%99n%c9%99-ilk-qar-yagib","status":"publish","type":"post","link":"https:\/\/arantv.az\/?p=91935","title":{"rendered":"Da\u015fk\u0259s\u0259n\u0259 ilk qar ya\u011f\u0131b"},"content":{"rendered":"<p>Da\u015fk\u0259s\u0259n rayonuna ilk qar ya\u011f\u0131b.<\/p>\n<p><b>ARANTV.AZ<\/b>-\u0131n<b>\u00a0<\/b> m\u0259lumat\u0131na g\u00f6r\u0259, ax\u015fam saatlar\u0131ndan ba\u015flayaraq Az\u0259rbaycan\u0131n Q\u0259rb b\u00f6lg\u0259sind\u0259 k\u00fcl\u0259kli v\u0259 ya\u011f\u0131nt\u0131l\u0131 hava \u015f\u0259raiti m\u00fc\u015fahid\u0259 olunur.<\/p>\n<div><\/div>\n<p>Bel\u0259 ki, Da\u015fk\u0259s\u0259n rayonuna s\u0259h\u0259r saatlar\u0131ndan ya\u011fma\u011fa ba\u015flayan qar h\u0259l\u0259 d\u0259 davam edir. Eyni zamanda Q\u0259rb b\u00f6lg\u0259sinin Tovuz, G\u0259d\u0259b\u0259y v\u0259 G\u00f6yg\u00f6l rayonlar\u0131n\u0131n da\u011fl\u0131q \u0259razil\u0259rin\u0259 d\u0259 qar ya\u011f\u0131b.<\/p>\n<p>H\u0259m\u00e7inin G\u0259nc\u0259 \u015f\u0259h\u0259rind\u0259 v\u0259 \u0259traf rayonlarda ya\u011f\u0131\u015fla m\u00fc\u015fahid\u0259 olunan k\u00fcl\u0259kli hava \u015f\u0259raiti h\u00f6km s\u00fcr\u00fcr.Sonxeber.az<\/p>\n","protected":false},"excerpt":{"rendered":"<p>Da\u015fk\u0259s\u0259n rayonuna ilk qar ya\u011f\u0131b. ARANTV.AZ-\u0131n\u00a0 m\u0259lumat\u0131na g\u00f6r\u0259, ax\u015fam saatlar\u0131ndan ba\u015flayaraq Az\u0259rbaycan\u0131n Q\u0259rb b\u00f6lg\u0259sind\u0259 k\u00fcl\u0259kli v\u0259 ya\u011f\u0131nt\u0131l\u0131 hava \u015f\u0259raiti m\u00fc\u015fahid\u0259 olunur. Bel\u0259 ki, Da\u015fk\u0259s\u0259n rayonuna s\u0259h\u0259r saatlar\u0131ndan ya\u011fma\u011fa ba\u015flayan qar h\u0259l\u0259 d\u0259 davam edir. Eyni zamanda Q\u0259rb b\u00f6lg\u0259sinin Tovuz, G\u0259d\u0259b\u0259y v\u0259 G\u00f6yg\u00f6l rayonlar\u0131n\u0131n da\u011fl\u0131q \u0259razil\u0259rin\u0259 d\u0259 qar ya\u011f\u0131b. H\u0259m\u00e7inin G\u0259nc\u0259 \u015f\u0259h\u0259rind\u0259 v\u0259 \u0259traf rayonlarda ya\u011f\u0131\u015fla m\u00fc\u015fahid\u0259 olunan k\u00fcl\u0259kli hava \u015f\u0259raiti h\u00f6km s\u00fcr\u00fcr.Sonxeber.az<\/p>\n","protected":false},"author":2,"featured_media":91936,"comment_status":"closed","ping_status":"closed","sticky":false,"template":"","format":"standard","meta":{"om_disable_all_campaigns":false,"_monsterinsights_skip_tracking":false,"_monsterinsights_sitenote_active":false,"_monsterinsights_sitenote_note":"","_monsterinsights_sitenote_category":0},"categories":[2],"tags":[],"aioseo_notices":[],"gutentor_comment":0,"rttpg_featured_image_url":{"full":["https:\/\/arantv.az\/wp-content\/uploads\/2019\/11\/bd96c08b-ad57-4bad-b55d-1797d77a9770.jpg",548,307,false],"landscape":["https:\/\/arantv.az\/wp-content\/uploads\/2019\/11\/bd96c08b-ad57-4bad-b55d-1797d77a9770.jpg",548,307,false],"portraits":["https:\/\/arantv.az\/wp-content\/uploads\/2019\/11\/bd96c08b-ad57-4bad-b55d-1797d77a9770.jpg",548,307,false],"thumbnail":["https:\/\/arantv.az\/wp-content\/uploads\/2019\/11\/bd96c08b-ad57-4bad-b55d-1797d77a9770-150x150.jpg",150,150,true],"medium":["https:\/\/arantv.az\/wp-content\/uploads\/2019\/11\/bd96c08b-ad57-4bad-b55d-1797d77a9770-300x168.jpg",300,168,true],"large":["https:\/\/arantv.az\/wp-content\/uploads\/2019\/11\/bd96c08b-ad57-4bad-b55d-1797d77a9770.jpg",548,307,false],"1536x1536":["https:\/\/arantv.az\/wp-content\/uploads\/2019\/11\/bd96c08b-ad57-4bad-b55d-1797d77a9770.jpg",548,307,false],"2048x2048":["https:\/\/arantv.az\/wp-content\/uploads\/2019\/11\/bd96c08b-ad57-4bad-b55d-1797d77a9770.jpg",548,307,false],"post-thumbnail":["https:\/\/arantv.az\/wp-content\/uploads\/2019\/11\/bd96c08b-ad57-4bad-b55d-1797d77a9770-240x172.jpg",240,172,true],"advps-thumb-one":["https:\/\/arantv.az\/wp-content\/uploads\/2019\/11\/bd96c08b-ad57-4bad-b55d-1797d77a9770.jpg",548,307,false]},"rttpg_author":{"display_name":"V\u00fcsal Rafiqo\u011flu","author_link":"https:\/\/arantv.az\/?author=2"},"rttpg_comment":0,"rttpg_category":"<a href=\"https:\/\/arantv.az\/?cat=2\" rel=\"category\">Region X\u0259b\u0259rl\u0259ri<\/a>","rttpg_excerpt":"Da\u015fk\u0259s\u0259n rayonuna ilk qar ya\u011f\u0131b. ARANTV.AZ-\u0131n\u00a0 m\u0259lumat\u0131na g\u00f6r\u0259, ax\u015fam saatlar\u0131ndan ba\u015flayaraq Az\u0259rbaycan\u0131n Q\u0259rb b\u00f6lg\u0259sind\u0259 k\u00fcl\u0259kli v\u0259 ya\u011f\u0131nt\u0131l\u0131 hava \u015f\u0259raiti m\u00fc\u015fahid\u0259 olunur. Bel\u0259 ki, Da\u015fk\u0259s\u0259n rayonuna s\u0259h\u0259r saatlar\u0131ndan ya\u011fma\u011fa ba\u015flayan qar h\u0259l\u0259 d\u0259 davam edir. Eyni zamanda Q\u0259rb b\u00f6lg\u0259sinin Tovuz, G\u0259d\u0259b\u0259y v\u0259 G\u00f6yg\u00f6l rayonlar\u0131n\u0131n da\u011fl\u0131q \u0259razil\u0259rin\u0259 d\u0259 qar ya\u011f\u0131b. H\u0259m\u00e7inin G\u0259nc\u0259 \u015f\u0259h\u0259rind\u0259 v\u0259 \u0259traf rayonlarda ya\u011f\u0131\u015fla&hellip;","_links":{"self":[{"href":"https:\/\/arantv.az\/index.php?rest_route=\/wp\/v2\/posts\/91935"}],"collection":[{"href":"https:\/\/arantv.az\/index.php?rest_route=\/wp\/v2\/posts"}],"about":[{"href":"https:\/\/arantv.az\/index.php?rest_route=\/wp\/v2\/types\/post"}],"author":[{"embeddable":true,"href":"https:\/\/arantv.az\/index.php?rest_route=\/wp\/v2\/users\/2"}],"replies":[{"embeddable":true,"href":"https:\/\/arantv.az\/index.php?rest_route=%2Fwp%2Fv2%2Fcomments&post=91935"}],"version-history":[{"count":0,"href":"https:\/\/arantv.az\/index.php?rest_route=\/wp\/v2\/posts\/91935\/revisions"}],"wp:featuredmedia":[{"embeddable":true,"href":"https:\/\/arantv.az\/index.php?rest_route=\/wp\/v2\/media\/91936"}],"wp:attachment":[{"href":"https:\/\/arantv.az\/index.php?rest_route=%2Fwp%2Fv2%2Fmedia&parent=91935"}],"wp:term":[{"taxonomy":"category","embeddable":true,"href":"https:\/\/arantv.az\/index.php?rest_route=%2Fwp%2Fv2%2Fcategories&post=91935"},{"taxonomy":"post_tag","embeddable":true,"href":"https:\/\/arantv.az\/index.php?rest_route=%2Fwp%2Fv2%2Ftags&post=91935"}],"curies":[{"name":"wp","href":"https:\/\/api.w.org\/{rel}","templated":true}]}}