{"id":91951,"date":"2019-11-02T10:46:55","date_gmt":"2019-11-02T07:46:55","guid":{"rendered":"http:\/\/arantv.az\/?p=91951"},"modified":"2019-11-02T10:46:55","modified_gmt":"2019-11-02T07:46:55","slug":"pa-r%c9%99hb%c9%99rinin-%c9%99vv%c9%99lki-v%c9%99zif%c9%99si-kim%c9%99-tapsirilib","status":"publish","type":"post","link":"https:\/\/arantv.az\/?p=91951","title":{"rendered":"PA r\u0259hb\u0259rinin \u0259vv\u0259lki v\u0259zif\u0259si kim\u0259 tap\u015f\u0131r\u0131l\u0131b?"},"content":{"rendered":"<p>X\u0259b\u0259r verdiyimiz kimi, Prezident \u0130lham \u018fliyev Samir Nuriyevi D\u00f6vl\u0259t \u015e\u0259h\u0259rsalma v\u0259 Arxitektura Komit\u0259sinin s\u0259dri v\u0259zif\u0259sind\u0259n azad ed\u0259r\u0259k, onun Az\u0259rbaycan Respublikas\u0131 Prezidentinin Administrasiyas\u0131n\u0131n r\u0259hb\u0259ri t\u0259yin edilm\u0259si haqq\u0131nda s\u0259r\u0259ncam imzalay\u0131b.<\/p>\n<div id=\"AdviadNativeVideo0\" class=\"AdviadNativeVideo\"><\/div>\n<p>Unikal.org-un m\u0259lumat\u0131na g\u00f6r\u0259, D\u00f6vl\u0259t \u015e\u0259h\u0259rsalma v\u0259 Arxitektura Komit\u0259sinin s\u0259dri v\u0259zif\u0259si haz\u0131rda Anar Adil o\u011flu Quliyev\u0259 tap\u015f\u0131r\u0131l\u0131b.<\/p>\n<p>Qeyd ed\u0259k ki, Az\u0259rbaycan Respublikas\u0131 Prezidentinin 19 iyun 2019-cu il tarixli s\u0259r\u0259ncam\u0131 il\u0259 Anar Adil o\u011flu Quliyev Az\u0259rbaycan Respublikas\u0131 D\u00f6vl\u0259t \u015e\u0259h\u0259rsalma v\u0259 Arxitektura Komit\u0259si s\u0259drinin birinci m\u00fcavini v\u0259zif\u0259sin\u0259 t\u0259yin edilib.<\/p>\n","protected":false},"excerpt":{"rendered":"<p>X\u0259b\u0259r verdiyimiz kimi, Prezident \u0130lham \u018fliyev Samir Nuriyevi D\u00f6vl\u0259t \u015e\u0259h\u0259rsalma v\u0259 Arxitektura Komit\u0259sinin s\u0259dri v\u0259zif\u0259sind\u0259n azad ed\u0259r\u0259k, onun Az\u0259rbaycan Respublikas\u0131 Prezidentinin Administrasiyas\u0131n\u0131n r\u0259hb\u0259ri t\u0259yin edilm\u0259si haqq\u0131nda s\u0259r\u0259ncam imzalay\u0131b. Unikal.org-un m\u0259lumat\u0131na g\u00f6r\u0259, D\u00f6vl\u0259t \u015e\u0259h\u0259rsalma v\u0259 Arxitektura Komit\u0259sinin s\u0259dri v\u0259zif\u0259si haz\u0131rda Anar Adil o\u011flu Quliyev\u0259 tap\u015f\u0131r\u0131l\u0131b. Qeyd ed\u0259k ki, Az\u0259rbaycan Respublikas\u0131 Prezidentinin 19 iyun 2019-cu il tarixli s\u0259r\u0259ncam\u0131 il\u0259 Anar Adil o\u011flu Quliyev Az\u0259rbaycan Respublikas\u0131 D\u00f6vl\u0259t \u015e\u0259h\u0259rsalma v\u0259 Arxitektura Komit\u0259si s\u0259drinin birinci m\u00fcavini v\u0259zif\u0259sin\u0259 t\u0259yin edilib.<\/p>\n","protected":false},"author":2,"featured_media":91952,"comment_status":"closed","ping_status":"closed","sticky":false,"template":"","format":"standard","meta":{"om_disable_all_campaigns":false,"_monsterinsights_skip_tracking":false,"_monsterinsights_sitenote_active":false,"_monsterinsights_sitenote_note":"","_monsterinsights_sitenote_category":0},"categories":[8],"tags":[],"aioseo_notices":[],"gutentor_comment":0,"rttpg_featured_image_url":{"full":["https:\/\/arantv.az\/wp-content\/uploads\/2019\/11\/FotoJet-4.jpg",620,440,false],"landscape":["https:\/\/arantv.az\/wp-content\/uploads\/2019\/11\/FotoJet-4.jpg",620,440,false],"portraits":["https:\/\/arantv.az\/wp-content\/uploads\/2019\/11\/FotoJet-4.jpg",620,440,false],"thumbnail":["https:\/\/arantv.az\/wp-content\/uploads\/2019\/11\/FotoJet-4-150x150.jpg",150,150,true],"medium":["https:\/\/arantv.az\/wp-content\/uploads\/2019\/11\/FotoJet-4-300x213.jpg",300,213,true],"large":["https:\/\/arantv.az\/wp-content\/uploads\/2019\/11\/FotoJet-4.jpg",620,440,false],"1536x1536":["https:\/\/arantv.az\/wp-content\/uploads\/2019\/11\/FotoJet-4.jpg",620,440,false],"2048x2048":["https:\/\/arantv.az\/wp-content\/uploads\/2019\/11\/FotoJet-4.jpg",620,440,false],"post-thumbnail":["https:\/\/arantv.az\/wp-content\/uploads\/2019\/11\/FotoJet-4-240x172.jpg",240,172,true],"advps-thumb-one":["https:\/\/arantv.az\/wp-content\/uploads\/2019\/11\/FotoJet-4.jpg",620,440,false]},"rttpg_author":{"display_name":"V\u00fcsal Rafiqo\u011flu","author_link":"https:\/\/arantv.az\/?author=2"},"rttpg_comment":0,"rttpg_category":"<a href=\"https:\/\/arantv.az\/?cat=8\" rel=\"category\">\u018fsas s\u0259hif\u0259<\/a>","rttpg_excerpt":"X\u0259b\u0259r verdiyimiz kimi, Prezident \u0130lham \u018fliyev Samir Nuriyevi D\u00f6vl\u0259t \u015e\u0259h\u0259rsalma v\u0259 Arxitektura Komit\u0259sinin s\u0259dri v\u0259zif\u0259sind\u0259n azad ed\u0259r\u0259k, onun Az\u0259rbaycan Respublikas\u0131 Prezidentinin Administrasiyas\u0131n\u0131n r\u0259hb\u0259ri t\u0259yin edilm\u0259si haqq\u0131nda s\u0259r\u0259ncam imzalay\u0131b. Unikal.org-un m\u0259lumat\u0131na g\u00f6r\u0259, D\u00f6vl\u0259t \u015e\u0259h\u0259rsalma v\u0259 Arxitektura Komit\u0259sinin s\u0259dri v\u0259zif\u0259si haz\u0131rda Anar Adil o\u011flu Quliyev\u0259 tap\u015f\u0131r\u0131l\u0131b. Qeyd ed\u0259k ki, Az\u0259rbaycan Respublikas\u0131 Prezidentinin 19 iyun 2019-cu il tarixli&hellip;","_links":{"self":[{"href":"https:\/\/arantv.az\/index.php?rest_route=\/wp\/v2\/posts\/91951"}],"collection":[{"href":"https:\/\/arantv.az\/index.php?rest_route=\/wp\/v2\/posts"}],"about":[{"href":"https:\/\/arantv.az\/index.php?rest_route=\/wp\/v2\/types\/post"}],"author":[{"embeddable":true,"href":"https:\/\/arantv.az\/index.php?rest_route=\/wp\/v2\/users\/2"}],"replies":[{"embeddable":true,"href":"https:\/\/arantv.az\/index.php?rest_route=%2Fwp%2Fv2%2Fcomments&post=91951"}],"version-history":[{"count":0,"href":"https:\/\/arantv.az\/index.php?rest_route=\/wp\/v2\/posts\/91951\/revisions"}],"wp:featuredmedia":[{"embeddable":true,"href":"https:\/\/arantv.az\/index.php?rest_route=\/wp\/v2\/media\/91952"}],"wp:attachment":[{"href":"https:\/\/arantv.az\/index.php?rest_route=%2Fwp%2Fv2%2Fmedia&parent=91951"}],"wp:term":[{"taxonomy":"category","embeddable":true,"href":"https:\/\/arantv.az\/index.php?rest_route=%2Fwp%2Fv2%2Fcategories&post=91951"},{"taxonomy":"post_tag","embeddable":true,"href":"https:\/\/arantv.az\/index.php?rest_route=%2Fwp%2Fv2%2Ftags&post=91951"}],"curies":[{"name":"wp","href":"https:\/\/api.w.org\/{rel}","templated":true}]}}