{"id":91960,"date":"2019-11-02T10:53:23","date_gmt":"2019-11-02T07:53:23","guid":{"rendered":"http:\/\/arantv.az\/?p=91960"},"modified":"2019-11-02T10:53:23","modified_gmt":"2019-11-02T07:53:23","slug":"az%c9%99rbaycanda-%c9%99lilliyi-olan-x%c9%99st%c9%99l%c9%99r%c9%99-carpayi-veril%c9%99c%c9%99k-yeni-q%c9%99rar-layih%c9%99si","status":"publish","type":"post","link":"https:\/\/arantv.az\/?p=91960","title":{"rendered":"Az\u0259rbaycanda \u0259lilliyi olan x\u0259st\u0259l\u0259r\u0259 \u00e7arpay\u0131 veril\u0259c\u0259k- Yeni q\u0259rar layih\u0259si"},"content":{"rendered":"<p>\u018fm\u0259k v\u0259 \u018fhalinin Sosial M\u00fcdafi\u0259si Nazirliyi t\u0259r\u0259find\u0259n &#8220;\u018flilliyi olan \u015f\u0259xsl\u0259r\u0259 d\u00f6vl\u0259t b\u00fcdc\u0259si hesab\u0131na veril\u0259n reabilitasiya vasit\u0259l\u0259rinin n\u00f6vl\u0259rinin siyah\u0131s\u0131n\u0131n v\u0259 \u0259lilliyi olan \u015f\u0259xsl\u0259rin reabilitasiya vasit\u0259l\u0259ri il\u0259 t\u0259min edilm\u0259si \u015f\u0259rtl\u0259ri v\u0259 qaydas\u0131n\u0131n t\u0259sdiq edilm\u0259si bar\u0259d\u0259&#8221; Az\u0259rbaycan Respublikas\u0131 Nazirl\u0259r Kabinetinin q\u0259rar layih\u0259si haz\u0131rlan\u0131b.<br \/>\n<b>ARANTV.AZ\u00a0<\/b> x\u0259b\u0259r verir ki, layih\u0259d\u0259 \u0259lilliyi olan \u015f\u0259xsl\u0259r\u0259 d\u00f6vl\u0259t b\u00fcdc\u0259si hesab\u0131na veril\u0259n reabilitasiya vasit\u0259l\u0259rinin n\u00f6vl\u0259rinin siyah\u0131s\u0131na yeni 23 n\u00f6v reabilitasiya vasit\u0259si d\u0259 \u0259lav\u0259 edilib.<\/p>\n<p>Bel\u0259 ki, tibbi g\u00f6st\u0259ri\u015f oldu\u011fu halda \u0259lilliyi olan \u015f\u0259xsl\u0259r\u0259 m\u00fch\u0259rrikli t\u0259k\u0259rli oturacaq (motorlu araba) verilm\u0259si d\u0259 n\u0259z\u0259rd\u0259 tutulub. Bununla ba\u011fl\u0131 h\u0259min \u015f\u0259xsl\u0259r\u0259 m\u00fch\u0259rrikli t\u0259k\u0259rli oturaca\u011f\u0131n idar\u0259 edilm\u0259si bacar\u0131qlar\u0131na yiy\u0259l\u0259nm\u0259l\u0259ri \u00fc\u00e7\u00fcn Nazirlik t\u0259r\u0259find\u0259n \u0259vv\u0259lc\u0259d\u0259n t\u0259liml\u0259r t\u0259\u015fkil edil\u0259c\u0259k.<br \/>\nYeni layih\u0259d\u0259 Az\u0259rbaycan Respublikas\u0131n\u0131n \u0259razi b\u00fct\u00f6vl\u00fcy\u00fcn\u00fcn, m\u00fcst\u0259qilliyinin v\u0259 konstitusiya qurulu\u015funun m\u00fcdafi\u0259si zaman\u0131 x\u00fcsusi f\u0259rql\u0259nm\u0259kl\u0259 sa\u011flaml\u0131q imkanlar\u0131n\u0131 itirmi\u015f (d\u00f6y\u00fc\u015f zaman\u0131 yaralan\u0131b \u0259traf\u0131n\u0131 itirmi\u015f) \u0259lilliyi olan \u015f\u0259xsl\u0259rin y\u00fcks\u0259k texnologiyal\u0131 protezl\u0259rl\u0259 t\u0259min edilm\u0259si n\u0259z\u0259rd\u0259 tutulur.<\/p>\n<div><\/div>\n<p>Reabilitasiya vasit\u0259l\u0259ri s\u0131ras\u0131na \u0259lav\u0259 edilm\u0259si n\u0259z\u0259rd\u0259 tutulan vasit\u0259l\u0259rin s\u0131ras\u0131na yataq x\u0259st\u0259l\u0259ri \u00fc\u00e7\u00fcn \u00e7arpay\u0131, s\u0259s, g\u00f6z, di\u015f protezl\u0259ri, &#8220;dan\u0131\u015fan kitab&#8221; v\u0259 s. daxildir.Sonxeber.az<\/p>\n","protected":false},"excerpt":{"rendered":"<p>\u018fm\u0259k v\u0259 \u018fhalinin Sosial M\u00fcdafi\u0259si Nazirliyi t\u0259r\u0259find\u0259n &#8220;\u018flilliyi olan \u015f\u0259xsl\u0259r\u0259 d\u00f6vl\u0259t b\u00fcdc\u0259si hesab\u0131na veril\u0259n reabilitasiya vasit\u0259l\u0259rinin n\u00f6vl\u0259rinin siyah\u0131s\u0131n\u0131n v\u0259 \u0259lilliyi olan \u015f\u0259xsl\u0259rin reabilitasiya vasit\u0259l\u0259ri il\u0259 t\u0259min edilm\u0259si \u015f\u0259rtl\u0259ri v\u0259 qaydas\u0131n\u0131n t\u0259sdiq edilm\u0259si bar\u0259d\u0259&#8221; Az\u0259rbaycan Respublikas\u0131 Nazirl\u0259r Kabinetinin q\u0259rar layih\u0259si haz\u0131rlan\u0131b. ARANTV.AZ\u00a0 x\u0259b\u0259r verir ki, layih\u0259d\u0259 \u0259lilliyi olan \u015f\u0259xsl\u0259r\u0259 d\u00f6vl\u0259t b\u00fcdc\u0259si hesab\u0131na veril\u0259n reabilitasiya vasit\u0259l\u0259rinin n\u00f6vl\u0259rinin siyah\u0131s\u0131na yeni 23 n\u00f6v reabilitasiya vasit\u0259si d\u0259 \u0259lav\u0259 edilib. Bel\u0259 ki, tibbi g\u00f6st\u0259ri\u015f oldu\u011fu halda \u0259lilliyi olan \u015f\u0259xsl\u0259r\u0259 m\u00fch\u0259rrikli t\u0259k\u0259rli oturacaq (motorlu araba) verilm\u0259si d\u0259 n\u0259z\u0259rd\u0259 tutulub. Bununla ba\u011fl\u0131 h\u0259min \u015f\u0259xsl\u0259r\u0259 m\u00fch\u0259rrikli t\u0259k\u0259rli oturaca\u011f\u0131n idar\u0259&hellip;<\/p>\n","protected":false},"author":2,"featured_media":91961,"comment_status":"closed","ping_status":"closed","sticky":false,"template":"","format":"standard","meta":{"om_disable_all_campaigns":false,"_monsterinsights_skip_tracking":false,"_monsterinsights_sitenote_active":false,"_monsterinsights_sitenote_note":"","_monsterinsights_sitenote_category":0},"categories":[1],"tags":[],"aioseo_notices":[],"gutentor_comment":0,"rttpg_featured_image_url":{"full":["https:\/\/arantv.az\/wp-content\/uploads\/2019\/11\/74601314_716708068834472_3389404142064631808_n.jpg",550,409,false],"landscape":["https:\/\/arantv.az\/wp-content\/uploads\/2019\/11\/74601314_716708068834472_3389404142064631808_n.jpg",550,409,false],"portraits":["https:\/\/arantv.az\/wp-content\/uploads\/2019\/11\/74601314_716708068834472_3389404142064631808_n.jpg",550,409,false],"thumbnail":["https:\/\/arantv.az\/wp-content\/uploads\/2019\/11\/74601314_716708068834472_3389404142064631808_n-150x150.jpg",150,150,true],"medium":["https:\/\/arantv.az\/wp-content\/uploads\/2019\/11\/74601314_716708068834472_3389404142064631808_n-300x223.jpg",300,223,true],"large":["https:\/\/arantv.az\/wp-content\/uploads\/2019\/11\/74601314_716708068834472_3389404142064631808_n.jpg",550,409,false],"1536x1536":["https:\/\/arantv.az\/wp-content\/uploads\/2019\/11\/74601314_716708068834472_3389404142064631808_n.jpg",550,409,false],"2048x2048":["https:\/\/arantv.az\/wp-content\/uploads\/2019\/11\/74601314_716708068834472_3389404142064631808_n.jpg",550,409,false],"post-thumbnail":["https:\/\/arantv.az\/wp-content\/uploads\/2019\/11\/74601314_716708068834472_3389404142064631808_n-240x172.jpg",240,172,true],"advps-thumb-one":["https:\/\/arantv.az\/wp-content\/uploads\/2019\/11\/74601314_716708068834472_3389404142064631808_n.jpg",550,409,false]},"rttpg_author":{"display_name":"V\u00fcsal Rafiqo\u011flu","author_link":"https:\/\/arantv.az\/?author=2"},"rttpg_comment":0,"rttpg_category":"<a href=\"https:\/\/arantv.az\/?cat=1\" rel=\"category\">C\u0259miyy\u0259t<\/a>","rttpg_excerpt":"\u018fm\u0259k v\u0259 \u018fhalinin Sosial M\u00fcdafi\u0259si Nazirliyi t\u0259r\u0259find\u0259n &#8220;\u018flilliyi olan \u015f\u0259xsl\u0259r\u0259 d\u00f6vl\u0259t b\u00fcdc\u0259si hesab\u0131na veril\u0259n reabilitasiya vasit\u0259l\u0259rinin n\u00f6vl\u0259rinin siyah\u0131s\u0131n\u0131n v\u0259 \u0259lilliyi olan \u015f\u0259xsl\u0259rin reabilitasiya vasit\u0259l\u0259ri il\u0259 t\u0259min edilm\u0259si \u015f\u0259rtl\u0259ri v\u0259 qaydas\u0131n\u0131n t\u0259sdiq edilm\u0259si bar\u0259d\u0259&#8221; Az\u0259rbaycan Respublikas\u0131 Nazirl\u0259r Kabinetinin q\u0259rar layih\u0259si haz\u0131rlan\u0131b. ARANTV.AZ\u00a0 x\u0259b\u0259r verir ki, layih\u0259d\u0259 \u0259lilliyi olan \u015f\u0259xsl\u0259r\u0259 d\u00f6vl\u0259t b\u00fcdc\u0259si hesab\u0131na veril\u0259n reabilitasiya vasit\u0259l\u0259rinin n\u00f6vl\u0259rinin&hellip;","_links":{"self":[{"href":"https:\/\/arantv.az\/index.php?rest_route=\/wp\/v2\/posts\/91960"}],"collection":[{"href":"https:\/\/arantv.az\/index.php?rest_route=\/wp\/v2\/posts"}],"about":[{"href":"https:\/\/arantv.az\/index.php?rest_route=\/wp\/v2\/types\/post"}],"author":[{"embeddable":true,"href":"https:\/\/arantv.az\/index.php?rest_route=\/wp\/v2\/users\/2"}],"replies":[{"embeddable":true,"href":"https:\/\/arantv.az\/index.php?rest_route=%2Fwp%2Fv2%2Fcomments&post=91960"}],"version-history":[{"count":0,"href":"https:\/\/arantv.az\/index.php?rest_route=\/wp\/v2\/posts\/91960\/revisions"}],"wp:featuredmedia":[{"embeddable":true,"href":"https:\/\/arantv.az\/index.php?rest_route=\/wp\/v2\/media\/91961"}],"wp:attachment":[{"href":"https:\/\/arantv.az\/index.php?rest_route=%2Fwp%2Fv2%2Fmedia&parent=91960"}],"wp:term":[{"taxonomy":"category","embeddable":true,"href":"https:\/\/arantv.az\/index.php?rest_route=%2Fwp%2Fv2%2Fcategories&post=91960"},{"taxonomy":"post_tag","embeddable":true,"href":"https:\/\/arantv.az\/index.php?rest_route=%2Fwp%2Fv2%2Ftags&post=91960"}],"curies":[{"name":"wp","href":"https:\/\/api.w.org\/{rel}","templated":true}]}}