{"id":91964,"date":"2019-11-02T10:53:56","date_gmt":"2019-11-02T07:53:56","guid":{"rendered":"http:\/\/arantv.az\/?p=91964"},"modified":"2019-11-02T10:53:56","modified_gmt":"2019-11-02T07:53:56","slug":"isd%c9%99n-cixarilan-icra-bascisi-yeni-v%c9%99zif%c9%99y%c9%99-t%c9%99yin-edildi","status":"publish","type":"post","link":"https:\/\/arantv.az\/?p=91964","title":{"rendered":"\u0130\u015fd\u0259n \u00e7\u0131xar\u0131lan icra ba\u015f\u00e7\u0131s\u0131 yeni v\u0259zif\u0259y\u0259 T\u018fY\u0130N ED\u0130LD\u0130"},"content":{"rendered":"<p>Bir ne\u00e7\u0259 g\u00fcn \u0259vv\u0259l Xa\u00e7maz rayon \u0130cra Hakimiyy\u0259tinin ba\u015f\u00e7\u0131s\u0131 v\u0259zif\u0259sind\u0259n azad olunan \u015e\u0259ms\u0259ddin Xanbabayev\u0259 yeni v\u0259zif\u0259 verilib.<\/p>\n<p>KONKRET.az-\u0131n \u015fimal b\u00f6lg\u0259 m\u00fcxbirinin verdiyi x\u0259b\u0259r\u0259 g\u00f6r\u0259, 81 ya\u015fl\u0131 \u015e\u0259ms\u0259ddin Xanbabayev Yeni Az\u0259rbaycan Partiyas\u0131n\u0131n rayon t\u0259\u015fkilat\u0131n\u0131n s\u0259dri t\u0259yin olunub.<\/p>\n<div><\/div>\n<p>\u015e\u0259ms\u0259ddin Xanbabayev \u00f6z\u00fc bu x\u0259b\u0259ri sayt\u0131m\u0131za t\u0259sdiql\u0259y\u0259r\u0259k bildirib ki, partiyan\u0131n n\u00fcfuzunu daim \u00fcst\u00fcn tutmaqla rayonda f\u0259al i\u015fini davam etdir\u0259c\u0259k.<br \/>\n<img class=\"imgbcode\" src=\"https:\/\/sonxeber.az\/uploads\/1453035906_8969e517f291.jpg\" alt=\"\u0130\u015fd\u0259n \u00e7\u0131xar\u0131lan icra ba\u015f\u00e7\u0131s\u0131 yeni v\u0259zif\u0259y\u0259 T\u018fY\u0130N ED\u0130LD\u0130\" \/><\/p>\n","protected":false},"excerpt":{"rendered":"<p>Bir ne\u00e7\u0259 g\u00fcn \u0259vv\u0259l Xa\u00e7maz rayon \u0130cra Hakimiyy\u0259tinin ba\u015f\u00e7\u0131s\u0131 v\u0259zif\u0259sind\u0259n azad olunan \u015e\u0259ms\u0259ddin Xanbabayev\u0259 yeni v\u0259zif\u0259 verilib. KONKRET.az-\u0131n \u015fimal b\u00f6lg\u0259 m\u00fcxbirinin verdiyi x\u0259b\u0259r\u0259 g\u00f6r\u0259, 81 ya\u015fl\u0131 \u015e\u0259ms\u0259ddin Xanbabayev Yeni Az\u0259rbaycan Partiyas\u0131n\u0131n rayon t\u0259\u015fkilat\u0131n\u0131n s\u0259dri t\u0259yin olunub. \u015e\u0259ms\u0259ddin Xanbabayev \u00f6z\u00fc bu x\u0259b\u0259ri sayt\u0131m\u0131za t\u0259sdiql\u0259y\u0259r\u0259k bildirib ki, partiyan\u0131n n\u00fcfuzunu daim \u00fcst\u00fcn tutmaqla rayonda f\u0259al i\u015fini davam etdir\u0259c\u0259k.<\/p>\n","protected":false},"author":2,"featured_media":91965,"comment_status":"closed","ping_status":"closed","sticky":false,"template":"","format":"standard","meta":{"om_disable_all_campaigns":false,"_monsterinsights_skip_tracking":false,"_monsterinsights_sitenote_active":false,"_monsterinsights_sitenote_note":"","_monsterinsights_sitenote_category":0},"categories":[1],"tags":[],"aioseo_notices":[],"gutentor_comment":0,"rttpg_featured_image_url":{"full":["https:\/\/arantv.az\/wp-content\/uploads\/2019\/11\/1553764404_1111-768x403.jpg",650,341,false],"landscape":["https:\/\/arantv.az\/wp-content\/uploads\/2019\/11\/1553764404_1111-768x403.jpg",650,341,false],"portraits":["https:\/\/arantv.az\/wp-content\/uploads\/2019\/11\/1553764404_1111-768x403.jpg",650,341,false],"thumbnail":["https:\/\/arantv.az\/wp-content\/uploads\/2019\/11\/1553764404_1111-768x403-150x150.jpg",150,150,true],"medium":["https:\/\/arantv.az\/wp-content\/uploads\/2019\/11\/1553764404_1111-768x403-300x157.jpg",300,157,true],"large":["https:\/\/arantv.az\/wp-content\/uploads\/2019\/11\/1553764404_1111-768x403.jpg",640,336,false],"1536x1536":["https:\/\/arantv.az\/wp-content\/uploads\/2019\/11\/1553764404_1111-768x403.jpg",650,341,false],"2048x2048":["https:\/\/arantv.az\/wp-content\/uploads\/2019\/11\/1553764404_1111-768x403.jpg",650,341,false],"post-thumbnail":["https:\/\/arantv.az\/wp-content\/uploads\/2019\/11\/1553764404_1111-768x403-240x172.jpg",240,172,true],"advps-thumb-one":["https:\/\/arantv.az\/wp-content\/uploads\/2019\/11\/1553764404_1111-768x403.jpg",650,341,false]},"rttpg_author":{"display_name":"V\u00fcsal Rafiqo\u011flu","author_link":"https:\/\/arantv.az\/?author=2"},"rttpg_comment":0,"rttpg_category":"<a href=\"https:\/\/arantv.az\/?cat=1\" rel=\"category\">C\u0259miyy\u0259t<\/a>","rttpg_excerpt":"Bir ne\u00e7\u0259 g\u00fcn \u0259vv\u0259l Xa\u00e7maz rayon \u0130cra Hakimiyy\u0259tinin ba\u015f\u00e7\u0131s\u0131 v\u0259zif\u0259sind\u0259n azad olunan \u015e\u0259ms\u0259ddin Xanbabayev\u0259 yeni v\u0259zif\u0259 verilib. KONKRET.az-\u0131n \u015fimal b\u00f6lg\u0259 m\u00fcxbirinin verdiyi x\u0259b\u0259r\u0259 g\u00f6r\u0259, 81 ya\u015fl\u0131 \u015e\u0259ms\u0259ddin Xanbabayev Yeni Az\u0259rbaycan Partiyas\u0131n\u0131n rayon t\u0259\u015fkilat\u0131n\u0131n s\u0259dri t\u0259yin olunub. \u015e\u0259ms\u0259ddin Xanbabayev \u00f6z\u00fc bu x\u0259b\u0259ri sayt\u0131m\u0131za t\u0259sdiql\u0259y\u0259r\u0259k bildirib ki, partiyan\u0131n n\u00fcfuzunu daim \u00fcst\u00fcn tutmaqla rayonda f\u0259al i\u015fini davam etdir\u0259c\u0259k.","_links":{"self":[{"href":"https:\/\/arantv.az\/index.php?rest_route=\/wp\/v2\/posts\/91964"}],"collection":[{"href":"https:\/\/arantv.az\/index.php?rest_route=\/wp\/v2\/posts"}],"about":[{"href":"https:\/\/arantv.az\/index.php?rest_route=\/wp\/v2\/types\/post"}],"author":[{"embeddable":true,"href":"https:\/\/arantv.az\/index.php?rest_route=\/wp\/v2\/users\/2"}],"replies":[{"embeddable":true,"href":"https:\/\/arantv.az\/index.php?rest_route=%2Fwp%2Fv2%2Fcomments&post=91964"}],"version-history":[{"count":0,"href":"https:\/\/arantv.az\/index.php?rest_route=\/wp\/v2\/posts\/91964\/revisions"}],"wp:featuredmedia":[{"embeddable":true,"href":"https:\/\/arantv.az\/index.php?rest_route=\/wp\/v2\/media\/91965"}],"wp:attachment":[{"href":"https:\/\/arantv.az\/index.php?rest_route=%2Fwp%2Fv2%2Fmedia&parent=91964"}],"wp:term":[{"taxonomy":"category","embeddable":true,"href":"https:\/\/arantv.az\/index.php?rest_route=%2Fwp%2Fv2%2Fcategories&post=91964"},{"taxonomy":"post_tag","embeddable":true,"href":"https:\/\/arantv.az\/index.php?rest_route=%2Fwp%2Fv2%2Ftags&post=91964"}],"curies":[{"name":"wp","href":"https:\/\/api.w.org\/{rel}","templated":true}]}}