{"id":91987,"date":"2019-11-02T11:48:10","date_gmt":"2019-11-02T08:48:10","guid":{"rendered":"http:\/\/arantv.az\/?p=91987"},"modified":"2019-11-02T11:48:10","modified_gmt":"2019-11-02T08:48:10","slug":"bu-rayonlara-qar-yagdi-video","status":"publish","type":"post","link":"https:\/\/arantv.az\/?p=91987","title":{"rendered":"Bu rayonlara QAR YA\u011eDI &#8211; V\u0130DEO"},"content":{"rendered":"<p><strong>Az\u0259rbaycan\u0131n b\u0259zi b\u00f6lg\u0259l\u0259rin\u0259 ilk qar d\u00fc\u015f\u00fcb.<\/strong><\/p>\n<p>Bu g\u00fcn s\u0259h\u0259rd\u0259n G\u0259d\u0259b\u0259y v\u0259 Da\u015fk\u0259s\u0259n rayonlar\u0131na ilk qar d\u00fc\u015f\u00fcb.<\/p>\n<p>Sakinl\u0259rin bildirdiyin\u0259 g\u00f6r\u0259, \u0259sas\u0259n da\u011fl\u0131q \u0259razil\u0259r\u0259 d\u00fc\u015f\u0259n qar\u0131n h\u00fcnd\u00fcrl\u00fcy\u00fc 5-10 santimetr olub.<\/p>\n<p>Qeyd ed\u0259k ki, Ekologiya v\u0259 T\u0259bii S\u0259rv\u0259tl\u0259r Nazirliyinin Milli Hidrometeorologiya Departamentind\u0259n Trend-\u0259 veril\u0259n m\u0259lumata g\u00f6r\u0259, bu g\u00fcn Bak\u0131da v\u0259 Ab\u015feron yar\u0131madas\u0131nda arabir ya\u011f\u0131\u015f ya\u011faca\u011f\u0131, b\u0259zi yerl\u0259rd\u0259 intensiv olaca\u011f\u0131 ehtimal\u0131 var. G\u00fcn \u0259rzind\u0259 g\u00fccl\u00fc \u015fimal-q\u0259rb k\u00fcl\u0259yi \u0259s\u0259c\u0259k.<\/p>\n<p>Az\u0259rbaycan\u0131n rayonlar\u0131nda arabir ya\u011f\u0131\u015f ya\u011faca\u011f\u0131 b\u0259zi yerl\u0259rd\u0259 intensiv olaca\u011f\u0131, da\u011fl\u0131q rayonlarda qar ya\u011faca\u011f\u0131 ehtimal\u0131 var. Ayr\u0131-ayr\u0131 yerl\u0259rd\u0259 duman olacaq. Q\u0259rb k\u00fcl\u0259yi \u0259s\u0259c\u0259k, b\u0259zi yerl\u0259rd\u0259 arabir g\u00fccl\u00fc olacaq. (trend)<\/p>\n<p><iframe loading=\"lazy\" src=\"https:\/\/www.trend.az\/player.php?f=%20https:\/\/cdn.trend.az\/media\/pictures\/2019\/11\/02\/video_snow_021119.mp4\" width=\"100%\" height=\"360\" frameborder=\"0\" allowfullscreen=\"allowfullscreen\" data-mce-fragment=\"1\"><\/iframe><\/p>\n","protected":false},"excerpt":{"rendered":"<p>Az\u0259rbaycan\u0131n b\u0259zi b\u00f6lg\u0259l\u0259rin\u0259 ilk qar d\u00fc\u015f\u00fcb. Bu g\u00fcn s\u0259h\u0259rd\u0259n G\u0259d\u0259b\u0259y v\u0259 Da\u015fk\u0259s\u0259n rayonlar\u0131na ilk qar d\u00fc\u015f\u00fcb. Sakinl\u0259rin bildirdiyin\u0259 g\u00f6r\u0259, \u0259sas\u0259n da\u011fl\u0131q \u0259razil\u0259r\u0259 d\u00fc\u015f\u0259n qar\u0131n h\u00fcnd\u00fcrl\u00fcy\u00fc 5-10 santimetr olub. Qeyd ed\u0259k ki, Ekologiya v\u0259 T\u0259bii S\u0259rv\u0259tl\u0259r Nazirliyinin Milli Hidrometeorologiya Departamentind\u0259n Trend-\u0259 veril\u0259n m\u0259lumata g\u00f6r\u0259, bu g\u00fcn Bak\u0131da v\u0259 Ab\u015feron yar\u0131madas\u0131nda arabir ya\u011f\u0131\u015f ya\u011faca\u011f\u0131, b\u0259zi yerl\u0259rd\u0259 intensiv olaca\u011f\u0131 ehtimal\u0131 var. G\u00fcn \u0259rzind\u0259 g\u00fccl\u00fc \u015fimal-q\u0259rb k\u00fcl\u0259yi \u0259s\u0259c\u0259k. Az\u0259rbaycan\u0131n rayonlar\u0131nda arabir ya\u011f\u0131\u015f ya\u011faca\u011f\u0131 b\u0259zi yerl\u0259rd\u0259 intensiv olaca\u011f\u0131, da\u011fl\u0131q rayonlarda qar ya\u011faca\u011f\u0131 ehtimal\u0131 var. Ayr\u0131-ayr\u0131 yerl\u0259rd\u0259 duman olacaq. Q\u0259rb k\u00fcl\u0259yi \u0259s\u0259c\u0259k, b\u0259zi yerl\u0259rd\u0259 arabir g\u00fccl\u00fc&hellip;<\/p>\n","protected":false},"author":2,"featured_media":91988,"comment_status":"closed","ping_status":"closed","sticky":false,"template":"","format":"standard","meta":{"om_disable_all_campaigns":false,"_monsterinsights_skip_tracking":false,"_monsterinsights_sitenote_active":false,"_monsterinsights_sitenote_note":"","_monsterinsights_sitenote_category":0},"categories":[2],"tags":[],"aioseo_notices":[],"gutentor_comment":0,"rttpg_featured_image_url":{"full":["https:\/\/arantv.az\/wp-content\/uploads\/2019\/11\/qar-gif3.gif",800,450,false],"landscape":["https:\/\/arantv.az\/wp-content\/uploads\/2019\/11\/qar-gif3.gif",800,450,false],"portraits":["https:\/\/arantv.az\/wp-content\/uploads\/2019\/11\/qar-gif3.gif",800,450,false],"thumbnail":["https:\/\/arantv.az\/wp-content\/uploads\/2019\/11\/qar-gif3-150x150.gif",150,150,true],"medium":["https:\/\/arantv.az\/wp-content\/uploads\/2019\/11\/qar-gif3-300x169.gif",300,169,true],"large":["https:\/\/arantv.az\/wp-content\/uploads\/2019\/11\/qar-gif3.gif",640,360,false],"1536x1536":["https:\/\/arantv.az\/wp-content\/uploads\/2019\/11\/qar-gif3.gif",800,450,false],"2048x2048":["https:\/\/arantv.az\/wp-content\/uploads\/2019\/11\/qar-gif3.gif",800,450,false],"post-thumbnail":["https:\/\/arantv.az\/wp-content\/uploads\/2019\/11\/qar-gif3-240x172.gif",240,172,true],"advps-thumb-one":["https:\/\/arantv.az\/wp-content\/uploads\/2019\/11\/qar-gif3.gif",800,450,false]},"rttpg_author":{"display_name":"V\u00fcsal Rafiqo\u011flu","author_link":"https:\/\/arantv.az\/?author=2"},"rttpg_comment":0,"rttpg_category":"<a href=\"https:\/\/arantv.az\/?cat=2\" rel=\"category\">Region X\u0259b\u0259rl\u0259ri<\/a>","rttpg_excerpt":"Az\u0259rbaycan\u0131n b\u0259zi b\u00f6lg\u0259l\u0259rin\u0259 ilk qar d\u00fc\u015f\u00fcb. Bu g\u00fcn s\u0259h\u0259rd\u0259n G\u0259d\u0259b\u0259y v\u0259 Da\u015fk\u0259s\u0259n rayonlar\u0131na ilk qar d\u00fc\u015f\u00fcb. Sakinl\u0259rin bildirdiyin\u0259 g\u00f6r\u0259, \u0259sas\u0259n da\u011fl\u0131q \u0259razil\u0259r\u0259 d\u00fc\u015f\u0259n qar\u0131n h\u00fcnd\u00fcrl\u00fcy\u00fc 5-10 santimetr olub. Qeyd ed\u0259k ki, Ekologiya v\u0259 T\u0259bii S\u0259rv\u0259tl\u0259r Nazirliyinin Milli Hidrometeorologiya Departamentind\u0259n Trend-\u0259 veril\u0259n m\u0259lumata g\u00f6r\u0259, bu g\u00fcn Bak\u0131da v\u0259 Ab\u015feron yar\u0131madas\u0131nda arabir ya\u011f\u0131\u015f ya\u011faca\u011f\u0131, b\u0259zi yerl\u0259rd\u0259 intensiv&hellip;","_links":{"self":[{"href":"https:\/\/arantv.az\/index.php?rest_route=\/wp\/v2\/posts\/91987"}],"collection":[{"href":"https:\/\/arantv.az\/index.php?rest_route=\/wp\/v2\/posts"}],"about":[{"href":"https:\/\/arantv.az\/index.php?rest_route=\/wp\/v2\/types\/post"}],"author":[{"embeddable":true,"href":"https:\/\/arantv.az\/index.php?rest_route=\/wp\/v2\/users\/2"}],"replies":[{"embeddable":true,"href":"https:\/\/arantv.az\/index.php?rest_route=%2Fwp%2Fv2%2Fcomments&post=91987"}],"version-history":[{"count":0,"href":"https:\/\/arantv.az\/index.php?rest_route=\/wp\/v2\/posts\/91987\/revisions"}],"wp:featuredmedia":[{"embeddable":true,"href":"https:\/\/arantv.az\/index.php?rest_route=\/wp\/v2\/media\/91988"}],"wp:attachment":[{"href":"https:\/\/arantv.az\/index.php?rest_route=%2Fwp%2Fv2%2Fmedia&parent=91987"}],"wp:term":[{"taxonomy":"category","embeddable":true,"href":"https:\/\/arantv.az\/index.php?rest_route=%2Fwp%2Fv2%2Fcategories&post=91987"},{"taxonomy":"post_tag","embeddable":true,"href":"https:\/\/arantv.az\/index.php?rest_route=%2Fwp%2Fv2%2Ftags&post=91987"}],"curies":[{"name":"wp","href":"https:\/\/api.w.org\/{rel}","templated":true}]}}