{"id":92007,"date":"2019-11-02T11:55:05","date_gmt":"2019-11-02T08:55:05","guid":{"rendered":"http:\/\/arantv.az\/?p=92007"},"modified":"2019-11-02T11:55:05","modified_gmt":"2019-11-02T08:55:05","slug":"masallida-tapilan-xac-isar%c9%99li-q%c9%99rib%c9%99-daslarin-sirri-acildi-aciqlama","status":"publish","type":"post","link":"https:\/\/arantv.az\/?p=92007","title":{"rendered":"Masall\u0131da tap\u0131lan xa\u00e7 i\u015far\u0259li q\u0259rib\u0259 da\u015flar\u0131n sirri a\u00e7\u0131ld\u0131 &#8211; A\u00c7IQLAMA"},"content":{"rendered":"<p>AMEA Arxeologiya v\u0259 Etnoqrafiya \u0130nstitutu Masall\u0131 rayonunda \u0259kin sah\u0259sind\u0259n tap\u0131lan, \u00fcz\u0259rind\u0259 xa\u00e7 simvolu olan q\u0259rib\u0259 da\u015flar bar\u0259d\u0259 x\u0259b\u0259r\u0259 m\u00fcnasib\u0259t bildirib.<\/p>\n<p>\u0130nstitutun Arxeoloji abid\u0259l\u0259rin k\u00fclliyyat\u0131 \u015f\u00f6b\u0259sinin r\u0259hb\u0259ri, arxeoloji ekspedisiyan\u0131n r\u0259hb\u0259ri Abuz\u0259r \u018fl\u0259kb\u0259rov Oxu.Az-a bildirib ki, bu, h\u0259qiq\u0259t\u0259n d\u0259, pravoslavlar\u0131n q\u0259bir da\u015flar\u0131na h\u0259kk olunan xa\u00e7 i\u015far\u0259sidir:<\/p>\n<div><\/div>\n<p>&#8220;Onlar\u0131n da Az\u0259rbaycan\u0131n m\u00fcxt\u0259lif rayonlar\u0131na, o c\u00fcml\u0259d\u0259n, c\u0259nub-\u015f\u0259rq rayonlar\u0131na XIX \u0259srin birinci yar\u0131s\u0131nda hans\u0131 m\u0259qs\u0259dl\u0259 k\u00f6\u00e7\u00fcr\u00fcld\u00fcy\u00fc m\u0259lumdur.<\/p>\n<p>\u018fvv\u0259ll\u0259r onlar\u0131n q\u0259birl\u0259rin\u0259 da\u015fdan ba\u015f da\u015f\u0131 qoyulurdu. Sonralar bu da\u015flar d\u0259mir \u00e7ubuqlardan xa\u00e7 \u015f\u0259kilind\u0259 haz\u0131rlanm\u0131\u015f ni\u015fangahlarla \u0259v\u0259z olundu&#8221;.<\/p>\n<p>&#8220;M\u0259lumat \u00fc\u00e7\u00fcn onu da deyim ki, pravoslavlar\u0131n xa\u00e7 i\u015far\u0259si katolikl\u0259rin xa\u00e7 i\u015far\u0259sind\u0259n tamamil\u0259 f\u0259rqlidir&#8221;, &#8211; dey\u0259 ekspedisiyn\u0131n r\u0259hb\u0259ri qeyd edib.<\/p>\n<p>Xat\u0131rladaq ki, Masall\u0131 rayonu T\u0259kl\u0259 k\u0259nd sakini V\u0259zir H\u00fcseynov \u00f6z\u00fcn\u0259 m\u0259xsus olan \u0259kin sah\u0259sind\u0259 \u015fumlama i\u015fl\u0259ri aparark\u0259n q\u0259rib\u0259 da\u015flar tap\u0131b.<\/p>\n<p>Da\u015flardan birinin \u00fcz\u0259rind\u0259 olan xa\u00e7 simvolu V.H\u00fcseynovun mara\u011f\u0131na s\u0259b\u0259b olub. O, indiy\u0259 q\u0259d\u0259r s\u00f6z\u00fcged\u0259n \u0259razid\u0259 he\u00e7 vaxt bel\u0259 da\u015flara rast g\u0259lm\u0259diyini deyir. Onun diqq\u0259tini \u00e7\u0259k\u0259n is\u0259 h\u00fcnd\u00fcrl\u00fcy\u00fc 80, eni 40 sm olan bu da\u015flardan birinin \u00fcz\u0259rind\u0259 oyma \u00fcsulu il\u0259 \u00e7\u0259kilmi\u015f xa\u00e7 simvolu olub.<\/p>\n<p>Yerli sakinl\u0259rin dediyin\u0259 g\u00f6r\u0259, T\u0259kl\u0259 k\u0259ndinin tarixi q\u0259dim oldu\u011fundan, burada \u0259kin sah\u0259l\u0259rind\u0259n \u015fum i\u015fl\u0259ri aparark\u0259n gild\u0259n haz\u0131rlanm\u0131\u015f m\u00fcxt\u0259lif m\u0259mulatlar, q\u0259dim \u0259\u015fyalar, tunc niz\u0259 ba\u015fl\u0131qlar\u0131 tap\u0131l\u0131b.<\/p>\n","protected":false},"excerpt":{"rendered":"<p>AMEA Arxeologiya v\u0259 Etnoqrafiya \u0130nstitutu Masall\u0131 rayonunda \u0259kin sah\u0259sind\u0259n tap\u0131lan, \u00fcz\u0259rind\u0259 xa\u00e7 simvolu olan q\u0259rib\u0259 da\u015flar bar\u0259d\u0259 x\u0259b\u0259r\u0259 m\u00fcnasib\u0259t bildirib. \u0130nstitutun Arxeoloji abid\u0259l\u0259rin k\u00fclliyyat\u0131 \u015f\u00f6b\u0259sinin r\u0259hb\u0259ri, arxeoloji ekspedisiyan\u0131n r\u0259hb\u0259ri Abuz\u0259r \u018fl\u0259kb\u0259rov Oxu.Az-a bildirib ki, bu, h\u0259qiq\u0259t\u0259n d\u0259, pravoslavlar\u0131n q\u0259bir da\u015flar\u0131na h\u0259kk olunan xa\u00e7 i\u015far\u0259sidir: &#8220;Onlar\u0131n da Az\u0259rbaycan\u0131n m\u00fcxt\u0259lif rayonlar\u0131na, o c\u00fcml\u0259d\u0259n, c\u0259nub-\u015f\u0259rq rayonlar\u0131na XIX \u0259srin birinci yar\u0131s\u0131nda hans\u0131 m\u0259qs\u0259dl\u0259 k\u00f6\u00e7\u00fcr\u00fcld\u00fcy\u00fc m\u0259lumdur. \u018fvv\u0259ll\u0259r onlar\u0131n q\u0259birl\u0259rin\u0259 da\u015fdan ba\u015f da\u015f\u0131 qoyulurdu. Sonralar bu da\u015flar d\u0259mir \u00e7ubuqlardan xa\u00e7 \u015f\u0259kilind\u0259 haz\u0131rlanm\u0131\u015f ni\u015fangahlarla \u0259v\u0259z olundu&#8221;. &#8220;M\u0259lumat \u00fc\u00e7\u00fcn onu da deyim ki, pravoslavlar\u0131n xa\u00e7 i\u015far\u0259si katolikl\u0259rin xa\u00e7&hellip;<\/p>\n","protected":false},"author":2,"featured_media":92008,"comment_status":"closed","ping_status":"closed","sticky":false,"template":"","format":"standard","meta":{"om_disable_all_campaigns":false,"_monsterinsights_skip_tracking":false,"_monsterinsights_sitenote_active":false,"_monsterinsights_sitenote_note":"","_monsterinsights_sitenote_category":0},"categories":[1],"tags":[],"aioseo_notices":[],"gutentor_comment":0,"rttpg_featured_image_url":{"full":["https:\/\/arantv.az\/wp-content\/uploads\/2019\/11\/1572683258das.jpg",549,309,false],"landscape":["https:\/\/arantv.az\/wp-content\/uploads\/2019\/11\/1572683258das.jpg",549,309,false],"portraits":["https:\/\/arantv.az\/wp-content\/uploads\/2019\/11\/1572683258das.jpg",549,309,false],"thumbnail":["https:\/\/arantv.az\/wp-content\/uploads\/2019\/11\/1572683258das-150x150.jpg",150,150,true],"medium":["https:\/\/arantv.az\/wp-content\/uploads\/2019\/11\/1572683258das-300x169.jpg",300,169,true],"large":["https:\/\/arantv.az\/wp-content\/uploads\/2019\/11\/1572683258das.jpg",549,309,false],"1536x1536":["https:\/\/arantv.az\/wp-content\/uploads\/2019\/11\/1572683258das.jpg",549,309,false],"2048x2048":["https:\/\/arantv.az\/wp-content\/uploads\/2019\/11\/1572683258das.jpg",549,309,false],"post-thumbnail":["https:\/\/arantv.az\/wp-content\/uploads\/2019\/11\/1572683258das-240x172.jpg",240,172,true],"advps-thumb-one":["https:\/\/arantv.az\/wp-content\/uploads\/2019\/11\/1572683258das.jpg",549,309,false]},"rttpg_author":{"display_name":"V\u00fcsal Rafiqo\u011flu","author_link":"https:\/\/arantv.az\/?author=2"},"rttpg_comment":0,"rttpg_category":"<a href=\"https:\/\/arantv.az\/?cat=1\" rel=\"category\">C\u0259miyy\u0259t<\/a>","rttpg_excerpt":"AMEA Arxeologiya v\u0259 Etnoqrafiya \u0130nstitutu Masall\u0131 rayonunda \u0259kin sah\u0259sind\u0259n tap\u0131lan, \u00fcz\u0259rind\u0259 xa\u00e7 simvolu olan q\u0259rib\u0259 da\u015flar bar\u0259d\u0259 x\u0259b\u0259r\u0259 m\u00fcnasib\u0259t bildirib. \u0130nstitutun Arxeoloji abid\u0259l\u0259rin k\u00fclliyyat\u0131 \u015f\u00f6b\u0259sinin r\u0259hb\u0259ri, arxeoloji ekspedisiyan\u0131n r\u0259hb\u0259ri Abuz\u0259r \u018fl\u0259kb\u0259rov Oxu.Az-a bildirib ki, bu, h\u0259qiq\u0259t\u0259n d\u0259, pravoslavlar\u0131n q\u0259bir da\u015flar\u0131na h\u0259kk olunan xa\u00e7 i\u015far\u0259sidir: &#8220;Onlar\u0131n da Az\u0259rbaycan\u0131n m\u00fcxt\u0259lif rayonlar\u0131na, o c\u00fcml\u0259d\u0259n, c\u0259nub-\u015f\u0259rq rayonlar\u0131na XIX \u0259srin&hellip;","_links":{"self":[{"href":"https:\/\/arantv.az\/index.php?rest_route=\/wp\/v2\/posts\/92007"}],"collection":[{"href":"https:\/\/arantv.az\/index.php?rest_route=\/wp\/v2\/posts"}],"about":[{"href":"https:\/\/arantv.az\/index.php?rest_route=\/wp\/v2\/types\/post"}],"author":[{"embeddable":true,"href":"https:\/\/arantv.az\/index.php?rest_route=\/wp\/v2\/users\/2"}],"replies":[{"embeddable":true,"href":"https:\/\/arantv.az\/index.php?rest_route=%2Fwp%2Fv2%2Fcomments&post=92007"}],"version-history":[{"count":0,"href":"https:\/\/arantv.az\/index.php?rest_route=\/wp\/v2\/posts\/92007\/revisions"}],"wp:featuredmedia":[{"embeddable":true,"href":"https:\/\/arantv.az\/index.php?rest_route=\/wp\/v2\/media\/92008"}],"wp:attachment":[{"href":"https:\/\/arantv.az\/index.php?rest_route=%2Fwp%2Fv2%2Fmedia&parent=92007"}],"wp:term":[{"taxonomy":"category","embeddable":true,"href":"https:\/\/arantv.az\/index.php?rest_route=%2Fwp%2Fv2%2Fcategories&post=92007"},{"taxonomy":"post_tag","embeddable":true,"href":"https:\/\/arantv.az\/index.php?rest_route=%2Fwp%2Fv2%2Ftags&post=92007"}],"curies":[{"name":"wp","href":"https:\/\/api.w.org\/{rel}","templated":true}]}}