{"id":92015,"date":"2019-11-02T12:35:45","date_gmt":"2019-11-02T09:35:45","guid":{"rendered":"http:\/\/arantv.az\/?p=92015"},"modified":"2019-11-02T12:35:45","modified_gmt":"2019-11-02T09:35:45","slug":"nazirlik-toyda-uc-n%c9%99f%c9%99rin-bicaqlanmasi-il%c9%99-bagli-m%c9%99lumat-yaydi","status":"publish","type":"post","link":"https:\/\/arantv.az\/?p=92015","title":{"rendered":"Nazirlik toyda \u00fc\u00e7 n\u0259f\u0259rin b\u0131\u00e7aqlanmas\u0131 il\u0259 ba\u011fl\u0131 m\u0259lumat yayd\u0131"},"content":{"rendered":"<p>Daxili \u0130\u015fl\u0259r Nazirliyi (D\u0130N) gec\u0259 Bin\u0259 q\u0259s\u0259b\u0259sind\u0259ki \u015fadl\u0131q saraylar\u0131ndan birind\u0259 ba\u015f ver\u0259n b\u0131\u00e7aqlanma hadis\u0259si il\u0259 ba\u011fl\u0131 m\u0259lumat yay\u0131b.<\/p>\n<p>Nazirliyin m\u0259lumat\u0131na g\u00f6r\u0259, noyabr\u0131n 1-d\u0259 saat 22 rad\u0259l\u0259rind\u0259 \u00fc\u00e7\u00a0n\u0259f\u0259rin b\u0131\u00e7aq x\u0259sar\u0259ti il\u0259 x\u0259st\u0259xanaya g\u0259tirilm\u0259si bar\u0259d\u0259 X\u0259z\u0259r RP\u0130-nin 3-c\u00fc Polis B\u00f6lm\u0259sin\u0259 m\u0259lumat daxil olub.<\/p>\n<div id=\"AdviadNativeVideo0\" class=\"AdviadNativeVideo\"><\/div>\n<p>D\u0259rhal polis \u0259m\u0259kda\u015flar\u0131 t\u0259r\u0259find\u0259n m\u00fcvafiq t\u0259dbirl\u0259r h\u0259yata ke\u00e7irilib. Ara\u015fd\u0131rmalarla Bin\u0259 q\u0259s\u0259b\u0259si \u0259razisind\u0259 yerl\u0259\u015f\u0259n \u015fadl\u0131q saray\u0131nda ba\u015f vermi\u015f m\u00fcnaqi\u015f\u0259 z\u0259minind\u0259 Ceyhun adl\u0131 \u015f\u0259xsin onlara b\u0131\u00e7aqla x\u0259sar\u0259t yetirm\u0259si m\u00fc\u0259yy\u0259n edilib.<\/p>\n<p>T\u0259xir\u0259sal\u0131nmaz \u0259m\u0259liyyat-axtar\u0131\u015f t\u0259dbirl\u0259ri n\u0259tic\u0259sind\u0259 q\u0259sd\u0259n sa\u011flaml\u0131\u011fa a\u011f\u0131r z\u0259r\u0259r vurmaqda \u015f\u00fcbh\u0259li bilin\u0259n Ordubad rayon sakini C.M\u0259mm\u0259dov q\u0131sa m\u00fcdd\u0259td\u0259 m\u00fc\u0259yy\u0259n edil\u0259r\u0259k 3-c\u00fc Polis B\u00f6lm\u0259sinin \u0259m\u0259kda\u015flar\u0131 t\u0259r\u0259find\u0259n saxlan\u0131l\u0131b.<\/p>\n<p>X\u0259z\u0259r Rayon Polis \u0130dar\u0259sind\u0259 ara\u015fd\u0131rma apar\u0131l\u0131r.<\/p>\n","protected":false},"excerpt":{"rendered":"<p>Daxili \u0130\u015fl\u0259r Nazirliyi (D\u0130N) gec\u0259 Bin\u0259 q\u0259s\u0259b\u0259sind\u0259ki \u015fadl\u0131q saraylar\u0131ndan birind\u0259 ba\u015f ver\u0259n b\u0131\u00e7aqlanma hadis\u0259si il\u0259 ba\u011fl\u0131 m\u0259lumat yay\u0131b. Nazirliyin m\u0259lumat\u0131na g\u00f6r\u0259, noyabr\u0131n 1-d\u0259 saat 22 rad\u0259l\u0259rind\u0259 \u00fc\u00e7\u00a0n\u0259f\u0259rin b\u0131\u00e7aq x\u0259sar\u0259ti il\u0259 x\u0259st\u0259xanaya g\u0259tirilm\u0259si bar\u0259d\u0259 X\u0259z\u0259r RP\u0130-nin 3-c\u00fc Polis B\u00f6lm\u0259sin\u0259 m\u0259lumat daxil olub. D\u0259rhal polis \u0259m\u0259kda\u015flar\u0131 t\u0259r\u0259find\u0259n m\u00fcvafiq t\u0259dbirl\u0259r h\u0259yata ke\u00e7irilib. Ara\u015fd\u0131rmalarla Bin\u0259 q\u0259s\u0259b\u0259si \u0259razisind\u0259 yerl\u0259\u015f\u0259n \u015fadl\u0131q saray\u0131nda ba\u015f vermi\u015f m\u00fcnaqi\u015f\u0259 z\u0259minind\u0259 Ceyhun adl\u0131 \u015f\u0259xsin onlara b\u0131\u00e7aqla x\u0259sar\u0259t yetirm\u0259si m\u00fc\u0259yy\u0259n edilib. T\u0259xir\u0259sal\u0131nmaz \u0259m\u0259liyyat-axtar\u0131\u015f t\u0259dbirl\u0259ri n\u0259tic\u0259sind\u0259 q\u0259sd\u0259n sa\u011flaml\u0131\u011fa a\u011f\u0131r z\u0259r\u0259r vurmaqda \u015f\u00fcbh\u0259li bilin\u0259n Ordubad rayon sakini C.M\u0259mm\u0259dov q\u0131sa m\u00fcdd\u0259td\u0259 m\u00fc\u0259yy\u0259n edil\u0259r\u0259k 3-c\u00fc Polis&hellip;<\/p>\n","protected":false},"author":2,"featured_media":92016,"comment_status":"closed","ping_status":"closed","sticky":false,"template":"","format":"standard","meta":{"om_disable_all_campaigns":false,"_monsterinsights_skip_tracking":false,"_monsterinsights_sitenote_active":false,"_monsterinsights_sitenote_note":"","_monsterinsights_sitenote_category":0},"categories":[5],"tags":[],"aioseo_notices":[],"gutentor_comment":0,"rttpg_featured_image_url":{"full":["https:\/\/arantv.az\/wp-content\/uploads\/2019\/11\/b\u00c4\u00b1\u00c3\u00a7aq.jpg",620,465,false],"landscape":["https:\/\/arantv.az\/wp-content\/uploads\/2019\/11\/b\u00c4\u00b1\u00c3\u00a7aq.jpg",620,465,false],"portraits":["https:\/\/arantv.az\/wp-content\/uploads\/2019\/11\/b\u00c4\u00b1\u00c3\u00a7aq.jpg",620,465,false],"thumbnail":["https:\/\/arantv.az\/wp-content\/uploads\/2019\/11\/b\u00c4\u00b1\u00c3\u00a7aq-150x150.jpg",150,150,true],"medium":["https:\/\/arantv.az\/wp-content\/uploads\/2019\/11\/b\u00c4\u00b1\u00c3\u00a7aq-300x225.jpg",300,225,true],"large":["https:\/\/arantv.az\/wp-content\/uploads\/2019\/11\/b\u00c4\u00b1\u00c3\u00a7aq.jpg",620,465,false],"1536x1536":["https:\/\/arantv.az\/wp-content\/uploads\/2019\/11\/b\u00c4\u00b1\u00c3\u00a7aq.jpg",620,465,false],"2048x2048":["https:\/\/arantv.az\/wp-content\/uploads\/2019\/11\/b\u00c4\u00b1\u00c3\u00a7aq.jpg",620,465,false],"post-thumbnail":["https:\/\/arantv.az\/wp-content\/uploads\/2019\/11\/b\u00c4\u00b1\u00c3\u00a7aq-240x172.jpg",240,172,true],"advps-thumb-one":["https:\/\/arantv.az\/wp-content\/uploads\/2019\/11\/b\u00c4\u00b1\u00c3\u00a7aq.jpg",620,465,false]},"rttpg_author":{"display_name":"V\u00fcsal Rafiqo\u011flu","author_link":"https:\/\/arantv.az\/?author=2"},"rttpg_comment":0,"rttpg_category":"<a href=\"https:\/\/arantv.az\/?cat=5\" rel=\"category\">Hadis\u0259<\/a>","rttpg_excerpt":"Daxili \u0130\u015fl\u0259r Nazirliyi (D\u0130N) gec\u0259 Bin\u0259 q\u0259s\u0259b\u0259sind\u0259ki \u015fadl\u0131q saraylar\u0131ndan birind\u0259 ba\u015f ver\u0259n b\u0131\u00e7aqlanma hadis\u0259si il\u0259 ba\u011fl\u0131 m\u0259lumat yay\u0131b. Nazirliyin m\u0259lumat\u0131na g\u00f6r\u0259, noyabr\u0131n 1-d\u0259 saat 22 rad\u0259l\u0259rind\u0259 \u00fc\u00e7\u00a0n\u0259f\u0259rin b\u0131\u00e7aq x\u0259sar\u0259ti il\u0259 x\u0259st\u0259xanaya g\u0259tirilm\u0259si bar\u0259d\u0259 X\u0259z\u0259r RP\u0130-nin 3-c\u00fc Polis B\u00f6lm\u0259sin\u0259 m\u0259lumat daxil olub. D\u0259rhal polis \u0259m\u0259kda\u015flar\u0131 t\u0259r\u0259find\u0259n m\u00fcvafiq t\u0259dbirl\u0259r h\u0259yata ke\u00e7irilib. Ara\u015fd\u0131rmalarla Bin\u0259 q\u0259s\u0259b\u0259si \u0259razisind\u0259 yerl\u0259\u015f\u0259n \u015fadl\u0131q&hellip;","_links":{"self":[{"href":"https:\/\/arantv.az\/index.php?rest_route=\/wp\/v2\/posts\/92015"}],"collection":[{"href":"https:\/\/arantv.az\/index.php?rest_route=\/wp\/v2\/posts"}],"about":[{"href":"https:\/\/arantv.az\/index.php?rest_route=\/wp\/v2\/types\/post"}],"author":[{"embeddable":true,"href":"https:\/\/arantv.az\/index.php?rest_route=\/wp\/v2\/users\/2"}],"replies":[{"embeddable":true,"href":"https:\/\/arantv.az\/index.php?rest_route=%2Fwp%2Fv2%2Fcomments&post=92015"}],"version-history":[{"count":0,"href":"https:\/\/arantv.az\/index.php?rest_route=\/wp\/v2\/posts\/92015\/revisions"}],"wp:featuredmedia":[{"embeddable":true,"href":"https:\/\/arantv.az\/index.php?rest_route=\/wp\/v2\/media\/92016"}],"wp:attachment":[{"href":"https:\/\/arantv.az\/index.php?rest_route=%2Fwp%2Fv2%2Fmedia&parent=92015"}],"wp:term":[{"taxonomy":"category","embeddable":true,"href":"https:\/\/arantv.az\/index.php?rest_route=%2Fwp%2Fv2%2Fcategories&post=92015"},{"taxonomy":"post_tag","embeddable":true,"href":"https:\/\/arantv.az\/index.php?rest_route=%2Fwp%2Fv2%2Ftags&post=92015"}],"curies":[{"name":"wp","href":"https:\/\/api.w.org\/{rel}","templated":true}]}}