{"id":92067,"date":"2019-11-02T13:34:03","date_gmt":"2019-11-02T10:34:03","guid":{"rendered":"http:\/\/arantv.az\/?p=92067"},"modified":"2019-11-02T13:34:03","modified_gmt":"2019-11-02T10:34:03","slug":"parkda-opus%c9%99n-sevgilil%c9%99ri-videoya-c%c9%99kdil%c9%99r-sonra-bakida-h%c9%99r-k%c9%99si-soka-salacaq-hadis%c9%99","status":"publish","type":"post","link":"https:\/\/arantv.az\/?p=92067","title":{"rendered":"Parkda \u00f6p\u00fc\u015f\u0259n sevgilil\u0259ri videoya \u00e7\u0259kdil\u0259r, sonra&#8230; &#8211; Bak\u0131da h\u0259r k\u0259si \u015eOKA SALACAQ HAD\u0130S\u018f"},"content":{"rendered":"<p><strong>Bak\u0131da quldurluq etm\u0259kd\u0259 t\u0259qsirli bilin\u0259n Sabirabad rayon sakini, 1992-ci il t\u0259v\u0259ll\u00fcdl\u00fc Nem\u0259t H\u0259s\u0259nov v\u0259 C\u0259lilabad rayon sakini, 1993-c\u00fc il t\u0259v\u0259ll\u00fcdl\u00fc F\u0259qan Abbasovun cinay\u0259t i\u015fi \u00fczr\u0259 m\u0259hk\u0259m\u0259 prosesi ba\u015fa \u00e7at\u0131b.<\/strong><\/p>\n<p><b>ARANTV.AZ\u00a0<\/b>x\u0259b\u0259r verir ki, Nem\u0259t H\u0259s\u0259nov dostu F\u0259qan Abbasov il\u0259 birlikd\u0259 27 aprel 2016-c\u0131 il tarixd\u0259, saat 18.45-d\u0259 Yasamal rayonu, H.Cavid prospekti il\u0259 Landau k\u00fc\u00e7\u0259sinin k\u0259si\u015fm\u0259sind\u0259 yerl\u0259\u015f\u0259n Milli Elml\u0259r Akademiyas\u0131n\u0131n inzibati binas\u0131n\u0131n arxa hiss\u0259sind\u0259 olan parka g\u0259libl\u0259r.<\/p>\n<p><strong>Q\u0131zla g\u00f6r\u00fc\u015f\u0259n o\u011flana \u201cc\u0259za\u201d<\/strong><\/p>\n<p>H\u0259min vaxt onlar parkda Namiq M\u0259mm\u0259dovun S\u0259lim\u0259 Babayeva (ad v\u0259 soyadlar \u015f\u0259rti verilib \u2013 red.) ehtirasl\u0131 op\u00fc\u015fm\u0259l\u0259rini g\u00f6r\u00fcbl\u0259r.<\/p>\n<p>Dostlar q\u0131zla parkda \u00f6p\u00fc\u015f\u0259n Namiq M\u0259mm\u0259dovu yanlar\u0131na \u00e7a\u011f\u0131r\u0131blar. Namiq M\u0259mm\u0259dov da onlar\u0131n \u00e7a\u011f\u0131r\u0131\u015f\u0131na g\u0259lib. H\u0259r iki \u015f\u0259xs Namiq M\u0259mm\u0259dova \u00f6zl\u0259rini cinay\u0259t al\u0259minin n\u00fcmay\u0259nd\u0259si kimi t\u0259qdim ed\u0259r\u0259k v\u0259 qeyd edil\u0259n \u0259razid\u0259 insanlar\u0131n davran\u0131\u015f\u0131 \u00fcz\u0259rind\u0259 n\u0259zar\u0259tin onlara h\u0259val\u0259 edildiyini bildiribl\u0259r, onun cibind\u0259ki pulu t\u0259l\u0259b edibl\u0259r.<\/p>\n<p><strong>B\u0131\u00e7aqla h\u0259d\u0259l\u0259di, pulunu ald\u0131<\/strong><\/p>\n<p>Namiq M\u0259mm\u0259dov onlar\u0131n t\u0259l\u0259bini yerin\u0259 yetirm\u0259kd\u0259n imtina edib. Bu vaxt Nem\u0259t H\u0259s\u0259nov \u0259lind\u0259 olan b\u0131\u00e7a\u011f\u0131 n\u00fcmayi\u015f etdirib v\u0259 Namiq M\u0259mm\u0259dovun h\u0259yat\u0131 v\u0259 sa\u011flaml\u0131\u011f\u0131 \u00fc\u00e7\u00fcn t\u0259hl\u00fck\u0259li zorak\u0131l\u0131q t\u0259tbiq ed\u0259c\u0259yi h\u0259d\u0259si il\u0259 ba\u011fl\u0131 basq\u0131n edib. Nem\u0259t H\u0259s\u0259nov Namiq M\u0259mm\u0259dovun cibind\u0259ki 20 manat pulunu g\u00f6t\u00fcr\u00fcb.<\/p>\n<p><strong>Video \u00e7\u0259kili\u015fl\u0259 \u015fantaj edildi<\/strong><\/p>\n<p>Bir g\u00fcn sonra t\u0259qsirl\u0259ndiril\u0259n \u015f\u0259xsl\u0259r Namiq M\u0259mm\u0259dovu videog\u00f6r\u00fcnt\u00fcl\u0259rl\u0259 \u015fantaj edibl\u0259r. H\u0259min parkda Namiq M\u0259mm\u0259dovla rastla\u015fan Nem\u0259t H\u0259s\u0259nov v\u0259 F\u0259qan Abbasov h\u0259d\u0259-qorxu yolu il\u0259 ondan pul t\u0259l\u0259b edibl\u0259r.<\/p>\n<p>Onlar Namiq M\u0259mm\u0259dova aprelin 27-d\u0259 parkda q\u0131zla op\u00fc\u015fm\u0259sinin video \u00e7\u0259kili\u015fini etdikl\u0259rini, 200 manat verm\u0259diyi halda h\u0259min \u00e7\u0259kili\u015fi sosial \u015f\u0259b\u0259k\u0259d\u0259 yaymaqla onu r\u00fcsvay ed\u0259c\u0259kl\u0259rini deyibl\u0259r.<\/p>\n<p><strong>5 madd\u0259li cinay\u0259t i\u015fi<\/strong><\/p>\n<p>Namiq M\u0259mm\u0259dovun h\u00fcquq-m\u00fchafiz\u0259 orqanlar\u0131na etdiyi \u015fikay\u0259tind\u0259n sonda \u0259m\u0259liyyat qrupu yarad\u0131l\u0131b. Ke\u00e7iril\u0259n \u0259m\u0259liyyat n\u0259tic\u0259sind\u0259 h\u0259r iki t\u0259qsirl\u0259ndiril\u0259n \u015f\u0259xs h\u0259bs edilib.<\/p>\n<p>\u0130stintaq orqan\u0131 t\u0259r\u0259find\u0259n Nem\u0259t H\u0259s\u0259nov v\u0259 F\u0259qan Abbasovun bar\u0259sind\u0259 Cinay\u0259t M\u0259c\u0259ll\u0259sinin 181.2.1-ci (qabaqcadan \u0259lbir olan bir qrup \u015f\u0259xs t\u0259r\u0259find\u0259n quldurluq t\u00f6r\u0259tm\u0259k), 181.2.5-ci (silah v\u0259 ya silah qismind\u0259 istifad\u0259 edil\u0259n \u0259\u015fyalar t\u0259tbiq edilm\u0259kl\u0259 quldurluq t\u00f6r\u0259tm\u0259k), 182.2.1-ci (qabaqcadan \u0259lbir olan bir qrup \u015f\u0259xs t\u0259r\u0259find\u0259n h\u0259d\u0259-qorxu yolu il\u0259 t\u0259l\u0259b etm\u0259), 182.2.2-ci (t\u0259krar h\u0259d\u0259-qorxu yolu il\u0259 t\u0259l\u0259b etm\u0259) v\u0259 228.4-c\u00fc (qanunsuz olaraq qaz silah\u0131n\u0131, soyuq silah\u0131, o c\u00fcml\u0259d\u0259n soyuq at\u0131c\u0131 silah\u0131 \u0259ld\u0259 etm\u0259, satma v\u0259 ya g\u0259zdirm\u0259, milli geyim l\u0259vazimat\u0131 hesab olunan \u0259razil\u0259rd\u0259 v\u0259 ya ov\u00e7uluq pe\u015f\u0259si il\u0259 ba\u011fl\u0131 olaraq soyuq silah\u0131 g\u0259zdirm\u0259) madd\u0259l\u0259ri il\u0259 ittiham elan edilib.<\/p>\n<p><strong>9 il c\u0259za, \u00fcmumi rejim<\/strong><\/p>\n<p>Bak\u0131 A\u011f\u0131r Cinay\u0259tl\u0259r M\u0259hk\u0259m\u0259sinin h\u00f6km\u00fc il\u0259 Nem\u0259t H\u0259s\u0259nov v\u0259 F\u0259qan Abbasov h\u0259r biri 9 il m\u00fcdd\u0259tin\u0259 azadl\u0131qdan m\u0259hrum edilib. H\u00f6km\u0259 \u0259sas\u0259n h\u0259r iki t\u0259qsirl\u0259ndiril\u0259n \u015f\u0259xs c\u0259zalar\u0131n\u0131 \u00fcmumi rejimli c\u0259za \u00e7\u0259km\u0259 m\u00fc\u0259ssis\u0259l\u0259rind\u0259 \u00e7\u0259km\u0259li olacaqlar.<\/p>\n<p>H\u00f6kmd\u0259n naraz\u0131 qalan h\u0259r iki t\u0259qsirl\u0259ndiril\u0259n \u015f\u0259xs apelyasiya \u015fikay\u0259ti verib. Onlar bar\u0259l\u0259rind\u0259 t\u0259yin olunmu\u015f c\u0259zan\u0131n s\u0259rt olmas\u0131ndan \u015fikay\u0259t edibl\u0259r v\u0259 c\u0259zalar\u0131n\u0131n h\u0259bs olmayan c\u0259za n\u00f6v\u00fc il\u0259 \u0259v\u0259z olunmas\u0131n\u0131 xahi\u015f edibl\u0259r.<\/p>\n<p>Bak\u0131 Apelyasiya M\u0259hk\u0259m\u0259sind\u0259 h\u0259r iki t\u0259qsirl\u0259ndiril\u0259n \u015f\u0259xsin \u015fikay\u0259ti ara\u015fd\u0131r\u0131l\u0131b, sonda onlar\u0131n \u015fikay\u0259tl\u0259rinin t\u0259min olunmamas\u0131 bar\u0259d\u0259 q\u0259rar \u00e7\u0131xar\u0131b.<\/p>\n<p>Q\u0259rardan naraz\u0131 qalan h\u0259r iki t\u0259qsirl\u0259ndiril\u0259n \u015f\u0259xs kasasiya \u015fikay\u0259ti veribl\u0259r. Onlar\u0131n \u015fikay\u0259ti ara\u015fd\u0131r\u0131lmas\u0131 \u00fc\u00e7\u00fcn Ali M\u0259hk\u0259m\u0259y\u0259 g\u00f6nd\u0259rilib.<\/p>\n<p>Hakim \u0130mran Hac\u0131qay\u0131bovun s\u0259drliyi il\u0259 ba\u015f tutan prosesd\u0259 kasasiya \u015fikay\u0259tinin d\u0259lill\u0259ri ara\u015fd\u0131r\u0131l\u0131b, sonda q\u0259rar elan edilib.<\/p>\n<p>H\u0259r iki t\u0259qsirl\u0259ndiril\u0259n \u015f\u0259xsin kasasiya \u015fikay\u0259ti t\u0259min olunmay\u0131b.Publika.az<\/p>\n","protected":false},"excerpt":{"rendered":"<p>Bak\u0131da quldurluq etm\u0259kd\u0259 t\u0259qsirli bilin\u0259n Sabirabad rayon sakini, 1992-ci il t\u0259v\u0259ll\u00fcdl\u00fc Nem\u0259t H\u0259s\u0259nov v\u0259 C\u0259lilabad rayon sakini, 1993-c\u00fc il t\u0259v\u0259ll\u00fcdl\u00fc F\u0259qan Abbasovun cinay\u0259t i\u015fi \u00fczr\u0259 m\u0259hk\u0259m\u0259 prosesi ba\u015fa \u00e7at\u0131b. ARANTV.AZ\u00a0x\u0259b\u0259r verir ki, Nem\u0259t H\u0259s\u0259nov dostu F\u0259qan Abbasov il\u0259 birlikd\u0259 27 aprel 2016-c\u0131 il tarixd\u0259, saat 18.45-d\u0259 Yasamal rayonu, H.Cavid prospekti il\u0259 Landau k\u00fc\u00e7\u0259sinin k\u0259si\u015fm\u0259sind\u0259 yerl\u0259\u015f\u0259n Milli Elml\u0259r Akademiyas\u0131n\u0131n inzibati binas\u0131n\u0131n arxa hiss\u0259sind\u0259 olan parka g\u0259libl\u0259r. Q\u0131zla g\u00f6r\u00fc\u015f\u0259n o\u011flana \u201cc\u0259za\u201d H\u0259min vaxt onlar parkda Namiq M\u0259mm\u0259dovun S\u0259lim\u0259 Babayeva (ad v\u0259 soyadlar \u015f\u0259rti verilib \u2013 red.) ehtirasl\u0131 op\u00fc\u015fm\u0259l\u0259rini g\u00f6r\u00fcbl\u0259r. Dostlar q\u0131zla parkda&hellip;<\/p>\n","protected":false},"author":2,"featured_media":92068,"comment_status":"closed","ping_status":"closed","sticky":false,"template":"","format":"standard","meta":{"om_disable_all_campaigns":false,"_monsterinsights_skip_tracking":false,"_monsterinsights_sitenote_active":false,"_monsterinsights_sitenote_note":"","_monsterinsights_sitenote_category":0},"categories":[5],"tags":[],"aioseo_notices":[],"gutentor_comment":0,"rttpg_featured_image_url":{"full":["https:\/\/arantv.az\/wp-content\/uploads\/2019\/11\/ata_trk_park_2.jpg",800,450,false],"landscape":["https:\/\/arantv.az\/wp-content\/uploads\/2019\/11\/ata_trk_park_2.jpg",800,450,false],"portraits":["https:\/\/arantv.az\/wp-content\/uploads\/2019\/11\/ata_trk_park_2.jpg",800,450,false],"thumbnail":["https:\/\/arantv.az\/wp-content\/uploads\/2019\/11\/ata_trk_park_2-150x150.jpg",150,150,true],"medium":["https:\/\/arantv.az\/wp-content\/uploads\/2019\/11\/ata_trk_park_2-300x169.jpg",300,169,true],"large":["https:\/\/arantv.az\/wp-content\/uploads\/2019\/11\/ata_trk_park_2.jpg",640,360,false],"1536x1536":["https:\/\/arantv.az\/wp-content\/uploads\/2019\/11\/ata_trk_park_2.jpg",800,450,false],"2048x2048":["https:\/\/arantv.az\/wp-content\/uploads\/2019\/11\/ata_trk_park_2.jpg",800,450,false],"post-thumbnail":["https:\/\/arantv.az\/wp-content\/uploads\/2019\/11\/ata_trk_park_2-240x172.jpg",240,172,true],"advps-thumb-one":["https:\/\/arantv.az\/wp-content\/uploads\/2019\/11\/ata_trk_park_2.jpg",800,450,false]},"rttpg_author":{"display_name":"V\u00fcsal Rafiqo\u011flu","author_link":"https:\/\/arantv.az\/?author=2"},"rttpg_comment":0,"rttpg_category":"<a href=\"https:\/\/arantv.az\/?cat=5\" rel=\"category\">Hadis\u0259<\/a>","rttpg_excerpt":"Bak\u0131da quldurluq etm\u0259kd\u0259 t\u0259qsirli bilin\u0259n Sabirabad rayon sakini, 1992-ci il t\u0259v\u0259ll\u00fcdl\u00fc Nem\u0259t H\u0259s\u0259nov v\u0259 C\u0259lilabad rayon sakini, 1993-c\u00fc il t\u0259v\u0259ll\u00fcdl\u00fc F\u0259qan Abbasovun cinay\u0259t i\u015fi \u00fczr\u0259 m\u0259hk\u0259m\u0259 prosesi ba\u015fa \u00e7at\u0131b. ARANTV.AZ\u00a0x\u0259b\u0259r verir ki, Nem\u0259t H\u0259s\u0259nov dostu F\u0259qan Abbasov il\u0259 birlikd\u0259 27 aprel 2016-c\u0131 il tarixd\u0259, saat 18.45-d\u0259 Yasamal rayonu, H.Cavid prospekti il\u0259 Landau k\u00fc\u00e7\u0259sinin k\u0259si\u015fm\u0259sind\u0259 yerl\u0259\u015f\u0259n&hellip;","_links":{"self":[{"href":"https:\/\/arantv.az\/index.php?rest_route=\/wp\/v2\/posts\/92067"}],"collection":[{"href":"https:\/\/arantv.az\/index.php?rest_route=\/wp\/v2\/posts"}],"about":[{"href":"https:\/\/arantv.az\/index.php?rest_route=\/wp\/v2\/types\/post"}],"author":[{"embeddable":true,"href":"https:\/\/arantv.az\/index.php?rest_route=\/wp\/v2\/users\/2"}],"replies":[{"embeddable":true,"href":"https:\/\/arantv.az\/index.php?rest_route=%2Fwp%2Fv2%2Fcomments&post=92067"}],"version-history":[{"count":0,"href":"https:\/\/arantv.az\/index.php?rest_route=\/wp\/v2\/posts\/92067\/revisions"}],"wp:featuredmedia":[{"embeddable":true,"href":"https:\/\/arantv.az\/index.php?rest_route=\/wp\/v2\/media\/92068"}],"wp:attachment":[{"href":"https:\/\/arantv.az\/index.php?rest_route=%2Fwp%2Fv2%2Fmedia&parent=92067"}],"wp:term":[{"taxonomy":"category","embeddable":true,"href":"https:\/\/arantv.az\/index.php?rest_route=%2Fwp%2Fv2%2Fcategories&post=92067"},{"taxonomy":"post_tag","embeddable":true,"href":"https:\/\/arantv.az\/index.php?rest_route=%2Fwp%2Fv2%2Ftags&post=92067"}],"curies":[{"name":"wp","href":"https:\/\/api.w.org\/{rel}","templated":true}]}}