{"id":92080,"date":"2019-11-02T13:41:04","date_gmt":"2019-11-02T10:41:04","guid":{"rendered":"http:\/\/arantv.az\/?p=92080"},"modified":"2019-11-02T13:41:04","modified_gmt":"2019-11-02T10:41:04","slug":"pompeodan-cagiris-aksiyacilari-dinl%c9%99yin","status":"publish","type":"post","link":"https:\/\/arantv.az\/?p=92080","title":{"rendered":"Pompeodan \u00e7a\u011f\u0131r\u0131\u015f: &#8220;Aksiya\u00e7\u0131lar\u0131 dinl\u0259yin!&#8221;"},"content":{"rendered":"<blockquote><p><em><strong>\u0130raq hakimiyy\u0259ti etiraz\u00e7\u0131lar\u0131 dinl\u0259m\u0259lidir.<\/strong><\/em><\/p><\/blockquote>\n<p><strong>ARANTV.AZ\u00a0<\/strong> axar.az-a istinad\u0259n x\u0259b\u0259r verir ki, bu s\u00f6zl\u0259ri AB\u015e D\u00f6vl\u0259t katibi Mayk Pompeo deyib.<\/p>\n<p>O, eyni zamanda k\u00fctl\u0259vi etirazlardan sonra hakimiyy\u0259ti internet\u0259 v\u0259 k\u00fctl\u0259vi informasiya vasit\u0259l\u0259rin\u0259 \u00e7\u0131x\u0131\u015fa qoyulan qada\u011fan\u0131 l\u0259\u011fv etm\u0259y\u0259 \u00e7a\u011f\u0131r\u0131b.<\/p>\n<p>Qeyd ed\u0259k ki, \u0130raqda g\u00fcnl\u0259rdir korrupsiyaya v\u0259 i\u015fsizliy\u0259 qar\u015f\u0131 davam ed\u0259n mitinql\u0259rd\u0259n sonra Ba\u015f nazir Adil \u018fbd\u00fclmehdi istefa verm\u0259yi q\u0259bul edib.<\/p>\n","protected":false},"excerpt":{"rendered":"<p>\u0130raq hakimiyy\u0259ti etiraz\u00e7\u0131lar\u0131 dinl\u0259m\u0259lidir. ARANTV.AZ\u00a0 axar.az-a istinad\u0259n x\u0259b\u0259r verir ki, bu s\u00f6zl\u0259ri AB\u015e D\u00f6vl\u0259t katibi Mayk Pompeo deyib. O, eyni zamanda k\u00fctl\u0259vi etirazlardan sonra hakimiyy\u0259ti internet\u0259 v\u0259 k\u00fctl\u0259vi informasiya vasit\u0259l\u0259rin\u0259 \u00e7\u0131x\u0131\u015fa qoyulan qada\u011fan\u0131 l\u0259\u011fv etm\u0259y\u0259 \u00e7a\u011f\u0131r\u0131b. Qeyd ed\u0259k ki, \u0130raqda g\u00fcnl\u0259rdir korrupsiyaya v\u0259 i\u015fsizliy\u0259 qar\u015f\u0131 davam ed\u0259n mitinql\u0259rd\u0259n sonra Ba\u015f nazir Adil \u018fbd\u00fclmehdi istefa verm\u0259yi q\u0259bul edib.<\/p>\n","protected":false},"author":2,"featured_media":92081,"comment_status":"closed","ping_status":"closed","sticky":false,"template":"","format":"standard","meta":{"om_disable_all_campaigns":false,"_monsterinsights_skip_tracking":false,"_monsterinsights_sitenote_active":false,"_monsterinsights_sitenote_note":"","_monsterinsights_sitenote_category":0},"categories":[7],"tags":[],"aioseo_notices":[],"gutentor_comment":0,"rttpg_featured_image_url":{"full":["https:\/\/arantv.az\/wp-content\/uploads\/2019\/11\/pompeo_2837576.jpg",800,600,false],"landscape":["https:\/\/arantv.az\/wp-content\/uploads\/2019\/11\/pompeo_2837576.jpg",800,600,false],"portraits":["https:\/\/arantv.az\/wp-content\/uploads\/2019\/11\/pompeo_2837576.jpg",800,600,false],"thumbnail":["https:\/\/arantv.az\/wp-content\/uploads\/2019\/11\/pompeo_2837576-150x150.jpg",150,150,true],"medium":["https:\/\/arantv.az\/wp-content\/uploads\/2019\/11\/pompeo_2837576-300x225.jpg",300,225,true],"large":["https:\/\/arantv.az\/wp-content\/uploads\/2019\/11\/pompeo_2837576.jpg",640,480,false],"1536x1536":["https:\/\/arantv.az\/wp-content\/uploads\/2019\/11\/pompeo_2837576.jpg",800,600,false],"2048x2048":["https:\/\/arantv.az\/wp-content\/uploads\/2019\/11\/pompeo_2837576.jpg",800,600,false],"post-thumbnail":["https:\/\/arantv.az\/wp-content\/uploads\/2019\/11\/pompeo_2837576-240x172.jpg",240,172,true],"advps-thumb-one":["https:\/\/arantv.az\/wp-content\/uploads\/2019\/11\/pompeo_2837576.jpg",800,600,false]},"rttpg_author":{"display_name":"V\u00fcsal Rafiqo\u011flu","author_link":"https:\/\/arantv.az\/?author=2"},"rttpg_comment":0,"rttpg_category":"<a href=\"https:\/\/arantv.az\/?cat=7\" rel=\"category\">D\u00fcnya<\/a>","rttpg_excerpt":"\u0130raq hakimiyy\u0259ti etiraz\u00e7\u0131lar\u0131 dinl\u0259m\u0259lidir. ARANTV.AZ\u00a0 axar.az-a istinad\u0259n x\u0259b\u0259r verir ki, bu s\u00f6zl\u0259ri AB\u015e D\u00f6vl\u0259t katibi Mayk Pompeo deyib. O, eyni zamanda k\u00fctl\u0259vi etirazlardan sonra hakimiyy\u0259ti internet\u0259 v\u0259 k\u00fctl\u0259vi informasiya vasit\u0259l\u0259rin\u0259 \u00e7\u0131x\u0131\u015fa qoyulan qada\u011fan\u0131 l\u0259\u011fv etm\u0259y\u0259 \u00e7a\u011f\u0131r\u0131b. Qeyd ed\u0259k ki, \u0130raqda g\u00fcnl\u0259rdir korrupsiyaya v\u0259 i\u015fsizliy\u0259 qar\u015f\u0131 davam ed\u0259n mitinql\u0259rd\u0259n sonra Ba\u015f nazir Adil \u018fbd\u00fclmehdi istefa verm\u0259yi&hellip;","_links":{"self":[{"href":"https:\/\/arantv.az\/index.php?rest_route=\/wp\/v2\/posts\/92080"}],"collection":[{"href":"https:\/\/arantv.az\/index.php?rest_route=\/wp\/v2\/posts"}],"about":[{"href":"https:\/\/arantv.az\/index.php?rest_route=\/wp\/v2\/types\/post"}],"author":[{"embeddable":true,"href":"https:\/\/arantv.az\/index.php?rest_route=\/wp\/v2\/users\/2"}],"replies":[{"embeddable":true,"href":"https:\/\/arantv.az\/index.php?rest_route=%2Fwp%2Fv2%2Fcomments&post=92080"}],"version-history":[{"count":0,"href":"https:\/\/arantv.az\/index.php?rest_route=\/wp\/v2\/posts\/92080\/revisions"}],"wp:featuredmedia":[{"embeddable":true,"href":"https:\/\/arantv.az\/index.php?rest_route=\/wp\/v2\/media\/92081"}],"wp:attachment":[{"href":"https:\/\/arantv.az\/index.php?rest_route=%2Fwp%2Fv2%2Fmedia&parent=92080"}],"wp:term":[{"taxonomy":"category","embeddable":true,"href":"https:\/\/arantv.az\/index.php?rest_route=%2Fwp%2Fv2%2Fcategories&post=92080"},{"taxonomy":"post_tag","embeddable":true,"href":"https:\/\/arantv.az\/index.php?rest_route=%2Fwp%2Fv2%2Ftags&post=92080"}],"curies":[{"name":"wp","href":"https:\/\/api.w.org\/{rel}","templated":true}]}}