{"id":92092,"date":"2019-11-02T13:48:43","date_gmt":"2019-11-02T10:48:43","guid":{"rendered":"http:\/\/arantv.az\/?p=92092"},"modified":"2019-11-02T13:48:43","modified_gmt":"2019-11-02T10:48:43","slug":"mehriban-%c9%99liyeva-biz%c9%99-usaqlarimizin-daha-yaxsi-g%c9%99l%c9%99c%c9%99yi-ucun-inam-b%c9%99xs-etdi-autizm-sindromlu-usaqlar-ucun-reabilitasiya-m%c9%99rk%c9%99zind%c9%99n-reportaj-video-fo","status":"publish","type":"post","link":"https:\/\/arantv.az\/?p=92092","title":{"rendered":"Mehriban \u018fliyeva biz\u0259 u\u015faqlar\u0131m\u0131z\u0131n daha yax\u015f\u0131 g\u0259l\u0259c\u0259yi \u00fc\u00e7\u00fcn inam b\u0259x\u015f etdi &#8211; Autizm sindromlu u\u015faqlar \u00fc\u00e7\u00fcn reabilitasiya M\u0259rk\u0259zind\u0259n reportaj &#8211; V\u0130DEO &#8211; FOTO"},"content":{"rendered":"<div class=\"article_text\">\n<p><strong>Az\u0259rbaycan Respublikas\u0131n\u0131n Birinci vitse-prezidenti Mehriban \u018fliyeva oktyabr\u0131n 31-d\u0259 paytaxt\u0131n N\u0259rimanov rayonundak\u0131 &#8220;Birg\u0259 v\u0259 Sa\u011flam&#8221; \u0130ctimai Birliyinin n\u0259zdind\u0259 f\u0259aliyy\u0259t g\u00f6st\u0259r\u0259n Autizm sindromlu u\u015faqlar \u00fc\u00e7\u00fcn reabilitasiya M\u0259rk\u0259zini ziyar\u0259t edib. Birinci vitse-prezident Mehriban \u018fliyeva u\u015faqlarla g\u00f6r\u00fc\u015f\u00fcb, onlar\u0131n ya\u015fay\u0131\u015f \u015f\u0259raiti, g\u00f6st\u0259ril\u0259n sosial v\u0259 reabilitasiyay\u00f6n\u00fcml\u00fc xidm\u0259tl\u0259rl\u0259 tan\u0131\u015f olub.<\/strong><\/p>\n<p>Qeyd ed\u0259k ki, Autizm sindromlu u\u015faqlar \u00fc\u00e7\u00fcn reabilitasiya M\u0259rk\u0259zi Heyd\u0259r \u018fliyev Fondunun d\u0259st\u0259yi il\u0259 f\u0259aliyy\u0259t g\u00f6st\u0259rir. Bu m\u0259rk\u0259z d\u0259 Birinci vitse-prezident Mehriban \u018fliyevan\u0131n r\u0259hb\u0259rliyi il\u0259 \u00f6lk\u0259d\u0259 h\u0259yata ke\u00e7iril\u0259n \u00e7oxsayl\u0131 sosial islahatlar\u0131n bir n\u00fcmun\u0259sidir v\u0259 bunun timsal\u0131nda \u00f6lk\u0259d\u0259 qay\u011f\u0131ya ehtiyac\u0131 olan b\u00fct\u00fcn h\u0259ssas t\u0259b\u0259q\u0259l\u0259r\u0259 g\u00f6st\u0259ril\u0259n diqq\u0259t ifad\u0259 olunur.<\/p>\n<p><strong>ARANTV.AZ<\/strong>\u00a0\u00a0<a href=\"http:\/\/az.trend.az\/\" target=\"_blank\" rel=\"noopener\">Trend<\/a>-\u0259 istinad\u0259n bildirir ki, 2013-c\u00fc ild\u0259n f\u0259aliyy\u0259t g\u00f6st\u0259r\u0259n t\u0259\u015fkilat\u0131n m\u0259qs\u0259di autizmspektr poz\u011funluqlar\u0131 il\u0259 \u00fczl\u0259\u015f\u0259n u\u015faqlara z\u0259ruri \u00fcnsiyy\u0259t v\u0259 h\u0259yat bacar\u0131qlar\u0131n\u0131 \u00f6yr\u0259tm\u0259k, onlar\u0131 m\u00fcst\u0259qil h\u0259yata haz\u0131rlamaq \u00fczr\u0259 ail\u0259l\u0259rl\u0259 i\u015fl\u0259m\u0259k, \u00f6lk\u0259 v\u0259 beyn\u0259lxalq s\u0259viyy\u0259d\u0259 autizm sah\u0259sind\u0259 maarifl\u0259ndirici layih\u0259l\u0259r h\u0259yata ke\u00e7irm\u0259kdir.<\/p>\n<p>M\u0259rk\u0259zd\u0259ki u\u015faqlar burada autizm sindromlu insanlar \u00fc\u00e7\u00fcn laz\u0131m olan b\u00fct\u00fcn qay\u011f\u0131 il\u0259 \u0259hat\u0259 olunsalar da, onlar \u00fc\u00e7\u00fcn, el\u0259c\u0259 d\u0259 valideynl\u0259ri \u00fc\u00e7\u00fcn daha vacib olan\u0131 d\u00f6vl\u0259tin qay\u011f\u0131s\u0131n\u0131 hiss etm\u0259l\u0259ridir. \u00d6lk\u0259mizd\u0259 autizm sindromlu u\u015faqlara bu qay\u011f\u0131n\u0131n \u0259n y\u00fcks\u0259k s\u0259viyy\u0259d\u0259 g\u00f6st\u0259rilm\u0259sinin bariz n\u00fcmun\u0259si d\u0259 m\u0259hz Az\u0259rbaycan Respublikas\u0131n\u0131n Birinci vitse-prezidenti Mehriban \u018fliyevan\u0131n &#8220;Birg\u0259 v\u0259 Sa\u011flam&#8221; \u0130ctimai Birliyinin n\u0259zdind\u0259 f\u0259aliyy\u0259t g\u00f6st\u0259r\u0259n Autizm sindromlu u\u015faqlar \u00fc\u00e7\u00fcn reabilitasiya M\u0259rk\u0259zin\u0259 etdiyi ziyar\u0259t oldu.<\/p>\n<p>H\u0259min g\u00fcn M\u0259rk\u0259zd\u0259ki u\u015faqlarla g\u00f6r\u00fc\u015f\u0259n, onlar\u0131n ya\u015fay\u0131\u015f \u015f\u0259raiti, g\u00f6st\u0259ril\u0259n sosial v\u0259 reabilitasiyay\u00f6n\u00fcml\u00fc xidm\u0259tl\u0259rl\u0259 tan\u0131\u015f olan Birinci vitse-prezident Mehriban \u018fliyevan\u0131n bu qay\u011f\u0131ke\u015f ziyar\u0259ti oradak\u0131 u\u015faqlar\u0131n v\u0259 m\u00fct\u0259x\u0259ssisl\u0259rin b\u00f6y\u00fck sevincin\u0259 s\u0259b\u0259b olmaqla, onlarda, el\u0259c\u0259 d\u0259 valideynl\u0259rd\u0259 u\u015faqlar\u0131n g\u0259l\u0259c\u0259yin\u0259 olan inam\u0131 art\u0131rd\u0131. Bu ziyar\u0259t autizm sindromlu u\u015faqlar\u0131n c\u0259miyy\u0259td\u0259n t\u0259crid edilm\u0259diyini, \u0259ksin\u0259, onlar\u0131n g\u0259l\u0259c\u0259yinin d\u00f6vl\u0259tin daim diqq\u0259t m\u0259rk\u0259zind\u0259 oldu\u011funu g\u00f6st\u0259rdi.\u00a0Bu ziyar\u0259t \u0259n son olaraq, valideynl\u0259rin \u00f6z u\u015faqlar\u0131n\u0131n g\u0259l\u0259c\u0259yin\u0259 olan narahatl\u0131\u011f\u0131n\u0131 aradan qald\u0131rmaqla onlar\u0131n g\u0259l\u0259c\u0259y\u0259 olan inam v\u0259 \u00fcmidl\u0259rini art\u0131rd\u0131.<\/p>\n<p>&#8220;Birg\u0259 v\u0259 Sa\u011flam&#8221; \u0130ctimai Birliyin s\u0259dri Ayt\u0259n Eynalova Trend-\u0259 a\u00e7\u0131qlamas\u0131nda oktyabr\u0131n 31-d\u0259 \u00e7ox m\u00f6ht\u0259\u015f\u0259m bir g\u00fcn ya\u015fad\u0131qlar\u0131n\u0131 dedi:<\/p>\n<p>&#8220;Birinci vitse-prezident Mehriban xan\u0131m \u018fliyeva h\u0259m u\u015faqlarla, h\u0259m d\u0259 m\u00fct\u0259x\u0259ssisl\u0259rimizl\u0259 \u00e7ox g\u00f6z\u0259l, unudulmaz bir g\u00fcn ke\u00e7irdi. O, u\u015faqlarla \u00fcnsiyy\u0259t qurdu, onlarla sosial bax\u0131mdan \u0259yl\u0259nc\u0259li olan bir g\u00fcn ke\u00e7irdi. \u0130nan\u0131ram ki, Birinci vitse-prezident Mehriban \u018fliyeva da buradan \u00e7ox xo\u015f t\u0259\u0259ss\u00fcratlarla ayr\u0131ld\u0131&#8221;.<\/p>\n<p>D\u00fcnyada h\u0259r 59 u\u015faqdan birinin autizm sindromu il\u0259 do\u011fuldu\u011funu vur\u011fulayan Birlik s\u0259dri \u0259lav\u0259 etdi ki, Birinci vitse-prezident Mehriban \u018fliyevan\u0131n qay\u011f\u0131ke\u015f ziyar\u0259ti onlar \u00fc\u00e7\u00fcn, el\u0259c\u0259 d\u0259 autizm sindromlu u\u015faqlar\u0131n ail\u0259l\u0259ri \u00fc\u00e7\u00fcn \u00e7ox vacib idi. Bu s\u0259f\u0259rl\u0259 autizm sindromlu u\u015faqlar\u0131 olan ail\u0259l\u0259r d\u00f6vl\u0259timizin qay\u011f\u0131s\u0131n\u0131 hiss etdil\u0259r:<\/p>\n<p>&#8220;Autizm sindromlu u\u015faqlar\u0131n \u0259n b\u00f6y\u00fck s\u0131x\u0131nt\u0131lar\u0131 onlar\u0131n c\u0259miyy\u0259t t\u0259r\u0259find\u0259n q\u0259bul edilm\u0259m\u0259si il\u0259 ba\u011fl\u0131d\u0131r. Autizm sindromu il\u0259 ba\u011fl\u0131 maarifl\u0259ndirm\u0259nin apar\u0131lmas\u0131 bax\u0131m\u0131ndan \u0259n \u00f6n\u0259mli d\u0259st\u0259k m\u0259hz el\u0259 d\u00f6vl\u0259tin qay\u011f\u0131s\u0131d\u0131r. Bunu da \u0259n g\u00f6z\u0259l \u015f\u0259kild\u0259 Birinci vitse-prezident Mehriban xan\u0131m \u018fliyeva \u00f6z qa\u011f\u0131ke\u015f ziyar\u0259ti il\u0259 g\u00f6st\u0259rdi. M\u0259n d\u0259 bir autizm sindromlu \u00f6vlad anas\u0131 olaraq, dey\u0259 bil\u0259r\u0259m ki, \u00f6vladlar\u0131m\u0131z\u0131n g\u0259l\u0259c\u0259yi namin\u0259 bu sah\u0259d\u0259 d\u00f6vl\u0259t qay\u011f\u0131s\u0131n\u0131 g\u00f6rm\u0259k bizim \u00fc\u00e7\u00fcn \u00e7ox vacibdir. M\u0259n h\u0259m \u00f6z ad\u0131mdan, h\u0259m d\u0259 b\u00fct\u00fcn valideynl\u0259r ad\u0131ndan Mehriban xan\u0131m \u018fliyevaya d\u0259rin t\u0259\u015f\u0259kk\u00fcr\u00fcm\u00fc bildirm\u0259k ist\u0259yir\u0259m. G\u00f6r\u00fc\u015fd\u0259n sonra valideynl\u0259rl\u0259 d\u0259 s\u00f6hb\u0259t etdik, h\u0259r bir valideyn bu g\u00f6r\u00fc\u015fd\u0259n \u00e7ox m\u0259mnun idi. D\u00f6vl\u0259timizin qay\u011f\u0131s\u0131n\u0131n hiss edilm\u0259si autizm sindromlu u\u015faqlar\u0131 olan ail\u0259l\u0259r \u00fc\u00e7\u00fcn \u00e7ox vacibdir. Bu bax\u0131mdan, bizim bir az da \u00fcmidimiz artd\u0131 ki, d\u00f6vl\u0259t g\u0259l\u0259c\u0259kd\u0259 onlar\u0131n daha da rahat, daha s\u0259rb\u0259st add\u0131m ata bilm\u0259si \u00fc\u00e7\u00fcn qay\u011f\u0131 g\u00f6st\u0259r\u0259c\u0259k&#8221;.<\/p>\n<p>M\u0259rk\u0259zin sosial i\u015f\u00e7isi \u018fsg\u0259rova Xan\u0131m da Birinci vitse-prezident Mehriban \u018fliyevan\u0131n ziyar\u0259tinin onlar \u00fc\u00e7\u00fcn \u00e7ox \u00f6n\u0259mli oldu\u011funu bildirdi:<\/p>\n<p>&#8220;M\u0259n ziyar\u0259t\u0259 g\u00f6r\u0259 autizm sindromlu u\u015faqlar\u0131n, onlar\u0131n valideynl\u0259rinin ad\u0131ndan Mehriban xan\u0131m \u018fliyevaya t\u0259\u015f\u0259kk\u00fcr edir\u0259m. \u00dcmid edir\u0259m ki, g\u0259l\u0259c\u0259kd\u0259 d\u0259 autizm sindromlu u\u015faqlara v\u0259 valideynl\u0259rin\u0259 \u00e7ox b\u00f6y\u00fck d\u0259st\u0259k olacaq&#8221;.<\/p>\n<p>M\u0259rk\u0259zin koordinatoru \u018ff\u0259ndiyeva \u015e\u0259bn\u0259m d\u0259 Birinci vitse-prezident Mehriban \u018fliyevan\u0131n ziyar\u0259tinin u\u015faqlara v\u0259 onlar\u0131n valideynl\u0259rin\u0259 motivasiyaedici t\u0259sir g\u00f6st\u0259rdiyini bildirib.<\/p>\n<p>Onun s\u00f6zl\u0259rin\u0259 g\u00f6r\u0259, bu ziyar\u0259td\u0259n sonra autizm sindromlu u\u015faqlar\u0131n valideynl\u0259ri \u00f6z \u00f6vladlar\u0131n\u0131n g\u0259l\u0259c\u0259yin\u0259 daha f\u0259rqli bax\u0131\u015fla v\u0259 inamla bax\u0131rlar:<\/p>\n<p>&#8220;Valideynl\u0259r Birinci vitse-prezident Mehriban\u0131n \u018fliyevan\u0131n M\u0259rk\u0259z\u0259, autizm sindromlu u\u015faqlara g\u00f6st\u0259rdiyi qay\u011f\u0131dan \u00e7ox h\u0259v\u0259sl\u0259ndil\u0259r. Onlar\u0131n \u00f6vladlar\u0131n\u0131n g\u0259l\u0259c\u0259yi \u00fc\u00e7\u00fcn i\u015fl\u0259rin g\u00f6r\u00fcl\u0259c\u0259yin\u0259 inam v\u0259 \u00fcmidl\u0259ri artd\u0131. Buradak\u0131 u\u015faqlar\u0131n Prezident \u0130lham \u018fliyev\u0259 v\u0259 Birinci xan\u0131m Mehriban \u018fliyevaya \u00e7ox b\u00f6y\u00fck m\u0259h\u0259bb\u0259ti var. Mehriban xan\u0131m M\u0259rk\u0259zin binas\u0131na daxil olan zaman da bunun \u015fahidi oldu. U\u015faqlar ona sevincl\u0259rini v\u0259 sevgil\u0259rini bildirdil\u0259r. Birinci vitse-prezident Mehriban \u018fliyevan\u0131n yan\u0131m\u0131zda olmas\u0131 biz\u0259 \u00e7ox b\u00f6y\u00fck d\u0259st\u0259k verdi&#8221;.<\/p>\n<p>&nbsp;<\/p>\n<p><iframe loading=\"lazy\" src=\"https:\/\/www.trend.az\/player.php?f=%20https:\/\/cdn.trend.az\/media\/pictures\/2019\/11\/02\/video_autizm__021119.mp4\" width=\"100%\" height=\"360\" frameborder=\"0\" allowfullscreen=\"allowfullscreen\" data-mce-fragment=\"1\"><\/iframe><\/p>\n<\/div>\n<div class=\"social-banner\">\n<h4><\/h4>\n<div class=\"article-gallery\">\n<div class=\"lSSlideOuter \">\n<div class=\"lSSlideWrapper usingCss\">\n<ul class=\"images-list lightSlider lsGrab lSSlide\">\n<li class=\"lslide active\" data-src=\"https:\/\/img.milli.az\/2019\/11\/02\/799220_(30).jpg\" data-fancybox=\"799220\"><img src=\"https:\/\/img.milli.az\/2019\/11\/02\/799220_(30).jpg\" alt=\"\" \/><\/li>\n<li class=\"lslide\" data-src=\"https:\/\/img.milli.az\/2019\/11\/02\/799220_(31).jpg\" data-fancybox=\"799220\"><img src=\"https:\/\/img.milli.az\/2019\/11\/02\/799220_(31).jpg\" alt=\"\" \/><\/li>\n<li class=\"lslide\" data-src=\"https:\/\/img.milli.az\/2019\/11\/02\/799220_(33).jpg\" data-fancybox=\"799220\"><img src=\"https:\/\/img.milli.az\/2019\/11\/02\/799220_(33).jpg\" alt=\"\" \/><\/li>\n<li class=\"lslide\" data-src=\"https:\/\/img.milli.az\/2019\/11\/02\/799220_(32).jpg\" data-fancybox=\"799220\"><img src=\"https:\/\/img.milli.az\/2019\/11\/02\/799220_(32).jpg\" alt=\"\" \/><\/li>\n<li class=\"lslide\" data-src=\"https:\/\/img.milli.az\/2019\/11\/02\/799220_(35).jpg\" data-fancybox=\"799220\"><img src=\"https:\/\/img.milli.az\/2019\/11\/02\/799220_(35).jpg\" alt=\"\" \/><\/li>\n<li class=\"lslide\" data-src=\"https:\/\/img.milli.az\/2019\/11\/02\/799220_(34).jpg\" data-fancybox=\"799220\"><img src=\"https:\/\/img.milli.az\/2019\/11\/02\/799220_(34).jpg\" alt=\"\" \/><\/li>\n<li class=\"lslide\" data-src=\"https:\/\/img.milli.az\/2019\/11\/02\/799220_(2).jpg\" data-fancybox=\"799220\"><img src=\"https:\/\/img.milli.az\/2019\/11\/02\/799220_(2).jpg\" alt=\"\" \/><\/li>\n<li class=\"lslide\" data-src=\"https:\/\/img.milli.az\/2019\/11\/02\/799220_(1).jpg\" data-fancybox=\"799220\"><img src=\"https:\/\/img.milli.az\/2019\/11\/02\/799220_(1).jpg\" alt=\"\" \/><\/li>\n<li class=\"lslide\" data-src=\"https:\/\/img.milli.az\/2019\/11\/02\/799220_(3).jpg\" data-fancybox=\"799220\"><img src=\"https:\/\/img.milli.az\/2019\/11\/02\/799220_(3).jpg\" alt=\"\" \/><\/li>\n<li class=\"lslide\" data-src=\"https:\/\/img.milli.az\/2019\/11\/02\/799220_(4).jpg\" data-fancybox=\"799220\"><img src=\"https:\/\/img.milli.az\/2019\/11\/02\/799220_(4).jpg\" alt=\"\" \/><\/li>\n<li class=\"lslide\" data-src=\"https:\/\/img.milli.az\/2019\/11\/02\/799220_(6).jpg\" data-fancybox=\"799220\"><img src=\"https:\/\/img.milli.az\/2019\/11\/02\/799220_(6).jpg\" alt=\"\" \/><\/li>\n<li class=\"lslide\" data-src=\"https:\/\/img.milli.az\/2019\/11\/02\/799220_(5).jpg\" data-fancybox=\"799220\"><img src=\"https:\/\/img.milli.az\/2019\/11\/02\/799220_(5).jpg\" alt=\"\" \/><\/li>\n<li class=\"lslide\" data-src=\"https:\/\/img.milli.az\/2019\/11\/02\/799220_(7).jpg\" data-fancybox=\"799220\"><img src=\"https:\/\/img.milli.az\/2019\/11\/02\/799220_(7).jpg\" alt=\"\" \/><\/li>\n<li class=\"lslide\" data-src=\"https:\/\/img.milli.az\/2019\/11\/02\/799220_(8).jpg\" data-fancybox=\"799220\"><img src=\"https:\/\/img.milli.az\/2019\/11\/02\/799220_(8).jpg\" alt=\"\" \/><\/li>\n<li class=\"lslide\" data-src=\"https:\/\/img.milli.az\/2019\/11\/02\/799220_(10).jpg\" data-fancybox=\"799220\"><img src=\"https:\/\/img.milli.az\/2019\/11\/02\/799220_(10).jpg\" alt=\"\" \/><\/li>\n<li class=\"lslide\" data-src=\"https:\/\/img.milli.az\/2019\/11\/02\/799220_(9).jpg\" data-fancybox=\"799220\"><img src=\"https:\/\/img.milli.az\/2019\/11\/02\/799220_(9).jpg\" alt=\"\" \/><\/li>\n<li class=\"lslide\" data-src=\"https:\/\/img.milli.az\/2019\/11\/02\/799220_(11).jpg\" data-fancybox=\"799220\"><img src=\"https:\/\/img.milli.az\/2019\/11\/02\/799220_(11).jpg\" alt=\"\" \/><\/li>\n<li class=\"lslide\" data-src=\"https:\/\/img.milli.az\/2019\/11\/02\/799220_(12).jpg\" data-fancybox=\"799220\"><img src=\"https:\/\/img.milli.az\/2019\/11\/02\/799220_(12).jpg\" alt=\"\" \/><\/li>\n<li class=\"lslide\" data-src=\"https:\/\/img.milli.az\/2019\/11\/02\/799220_(14).jpg\" data-fancybox=\"799220\"><img src=\"https:\/\/img.milli.az\/2019\/11\/02\/799220_(14).jpg\" alt=\"\" \/><\/li>\n<li class=\"lslide\" data-src=\"https:\/\/img.milli.az\/2019\/11\/02\/799220_(13).jpg\" data-fancybox=\"799220\"><img src=\"https:\/\/img.milli.az\/2019\/11\/02\/799220_(13).jpg\" alt=\"\" \/><\/li>\n<li class=\"lslide\" data-src=\"https:\/\/img.milli.az\/2019\/11\/02\/799220_(15).jpg\" data-fancybox=\"799220\"><img src=\"https:\/\/img.milli.az\/2019\/11\/02\/799220_(15).jpg\" alt=\"\" \/><\/li>\n<li class=\"lslide\" data-src=\"https:\/\/img.milli.az\/2019\/11\/02\/799220_(16).jpg\" data-fancybox=\"799220\"><img src=\"https:\/\/img.milli.az\/2019\/11\/02\/799220_(16).jpg\" alt=\"\" \/><\/li>\n<li class=\"lslide\" data-src=\"https:\/\/img.milli.az\/2019\/11\/02\/799220_(17).jpg\" data-fancybox=\"799220\"><img src=\"https:\/\/img.milli.az\/2019\/11\/02\/799220_(17).jpg\" alt=\"\" \/><\/li>\n<li class=\"lslide\" data-src=\"https:\/\/img.milli.az\/2019\/11\/02\/799220_(18).jpg\" data-fancybox=\"799220\"><img src=\"https:\/\/img.milli.az\/2019\/11\/02\/799220_(18).jpg\" alt=\"\" \/><\/li>\n<li class=\"lslide\" data-src=\"https:\/\/img.milli.az\/2019\/11\/02\/799220_(19).jpg\" data-fancybox=\"799220\"><img src=\"https:\/\/img.milli.az\/2019\/11\/02\/799220_(19).jpg\" alt=\"\" \/><\/li>\n<li class=\"lslide\" data-src=\"https:\/\/img.milli.az\/2019\/11\/02\/799220_(20).jpg\" data-fancybox=\"799220\"><img src=\"https:\/\/img.milli.az\/2019\/11\/02\/799220_(20).jpg\" alt=\"\" \/><\/li>\n<li class=\"lslide\" data-src=\"https:\/\/img.milli.az\/2019\/11\/02\/799220_(21).jpg\" data-fancybox=\"799220\"><img src=\"https:\/\/img.milli.az\/2019\/11\/02\/799220_(21).jpg\" alt=\"\" \/><\/li>\n<li class=\"lslide\" data-src=\"https:\/\/img.milli.az\/2019\/11\/02\/799220_(23).jpg\" data-fancybox=\"799220\"><img src=\"https:\/\/img.milli.az\/2019\/11\/02\/799220_(23).jpg\" alt=\"\" \/><\/li>\n<li class=\"lslide\" data-src=\"https:\/\/img.milli.az\/2019\/11\/02\/799220_(22).jpg\" data-fancybox=\"799220\"><img src=\"https:\/\/img.milli.az\/2019\/11\/02\/799220_(22).jpg\" alt=\"\" \/><\/li>\n<li class=\"lslide\" data-src=\"https:\/\/img.milli.az\/2019\/11\/02\/799220_(24).jpg\" data-fancybox=\"799220\"><img src=\"https:\/\/img.milli.az\/2019\/11\/02\/799220_(24).jpg\" alt=\"\" \/><\/li>\n<li class=\"lslide\" data-src=\"https:\/\/img.milli.az\/2019\/11\/02\/799220_(25).jpg\" data-fancybox=\"799220\"><img src=\"https:\/\/img.milli.az\/2019\/11\/02\/799220_(25).jpg\" alt=\"\" \/><\/li>\n<li class=\"lslide\" data-src=\"https:\/\/img.milli.az\/2019\/11\/02\/799220_(27).jpg\" data-fancybox=\"799220\"><img src=\"https:\/\/img.milli.az\/2019\/11\/02\/799220_(27).jpg\" alt=\"\" \/><\/li>\n<li class=\"lslide\" data-src=\"https:\/\/img.milli.az\/2019\/11\/02\/799220_(26).jpg\" data-fancybox=\"799220\"><img src=\"https:\/\/img.milli.az\/2019\/11\/02\/799220_(26).jpg\" alt=\"\" \/><\/li>\n<li class=\"lslide\" data-src=\"https:\/\/img.milli.az\/2019\/11\/02\/799220_(28).jpg\" data-fancybox=\"799220\"><img src=\"https:\/\/img.milli.az\/2019\/11\/02\/799220_(28).jpg\" alt=\"\" \/><\/li>\n<li class=\"lslide\" data-src=\"https:\/\/img.milli.az\/2019\/11\/02\/799220_(29).jpg\" data-fancybox=\"799220\"><img src=\"https:\/\/img.milli.az\/2019\/11\/02\/799220_(29).jpg\" alt=\"\" \/><\/li>\n<\/ul>\n<div class=\"lSAction\"><\/div>\n<\/div>\n<\/div>\n<div class=\"lSSlideOuter \">\n<div class=\"lSSlideWrapper usingCss\">\n<ul class=\"thumbs-list lightSlider lsGrab lSSlide\">\n<li class=\"lslide active\"><img src=\"https:\/\/img.milli.az\/2019\/11\/02\/799220_(30).jpg\" alt=\"\" \/><\/li>\n<li class=\"lslide\"><img src=\"https:\/\/img.milli.az\/2019\/11\/02\/799220_(31).jpg\" alt=\"\" \/><\/li>\n<li class=\"lslide\"><img src=\"https:\/\/img.milli.az\/2019\/11\/02\/799220_(33).jpg\" alt=\"\" \/><\/li>\n<li class=\"lslide\"><img src=\"https:\/\/img.milli.az\/2019\/11\/02\/799220_(32).jpg\" alt=\"\" \/><\/li>\n<li class=\"lslide\"><img src=\"https:\/\/img.milli.az\/2019\/11\/02\/799220_(35).jpg\" alt=\"\" \/><\/li>\n<li class=\"lslide\"><img src=\"https:\/\/img.milli.az\/2019\/11\/02\/799220_(34).jpg\" alt=\"\" \/><\/li>\n<li class=\"lslide\"><img src=\"https:\/\/img.milli.az\/2019\/11\/02\/799220_(2).jpg\" alt=\"\" \/><\/li>\n<li class=\"lslide\"><img src=\"https:\/\/img.milli.az\/2019\/11\/02\/799220_(1).jpg\" alt=\"\" \/><\/li>\n<li class=\"lslide\"><img src=\"https:\/\/img.milli.az\/2019\/11\/02\/799220_(3).jpg\" alt=\"\" \/><\/li>\n<li class=\"lslide\"><img src=\"https:\/\/img.milli.az\/2019\/11\/02\/799220_(4).jpg\" alt=\"\" \/><\/li>\n<li class=\"lslide\"><img src=\"https:\/\/img.milli.az\/2019\/11\/02\/799220_(6).jpg\" alt=\"\" \/><\/li>\n<li class=\"lslide\"><img src=\"https:\/\/img.milli.az\/2019\/11\/02\/799220_(5).jpg\" alt=\"\" \/><\/li>\n<li class=\"lslide\"><img src=\"https:\/\/img.milli.az\/2019\/11\/02\/799220_(7).jpg\" alt=\"\" \/><\/li>\n<li class=\"lslide\"><img src=\"https:\/\/img.milli.az\/2019\/11\/02\/799220_(8).jpg\" alt=\"\" \/><\/li>\n<li class=\"lslide\"><img src=\"https:\/\/img.milli.az\/2019\/11\/02\/799220_(10).jpg\" alt=\"\" \/><\/li>\n<li class=\"lslide\"><img src=\"https:\/\/img.milli.az\/2019\/11\/02\/799220_(9).jpg\" alt=\"\" \/><\/li>\n<li class=\"lslide\"><img src=\"https:\/\/img.milli.az\/2019\/11\/02\/799220_(11).jpg\" alt=\"\" \/><\/li>\n<li class=\"lslide\"><img src=\"https:\/\/img.milli.az\/2019\/11\/02\/799220_(12).jpg\" alt=\"\" \/><\/li>\n<li class=\"lslide\"><img src=\"https:\/\/img.milli.az\/2019\/11\/02\/799220_(14).jpg\" alt=\"\" \/><\/li>\n<li class=\"lslide\"><img src=\"https:\/\/img.milli.az\/2019\/11\/02\/799220_(13).jpg\" alt=\"\" \/><\/li>\n<li class=\"lslide\"><img src=\"https:\/\/img.milli.az\/2019\/11\/02\/799220_(15).jpg\" alt=\"\" \/><\/li>\n<li class=\"lslide\"><img src=\"https:\/\/img.milli.az\/2019\/11\/02\/799220_(16).jpg\" alt=\"\" \/><\/li>\n<li class=\"lslide\"><img src=\"https:\/\/img.milli.az\/2019\/11\/02\/799220_(17).jpg\" alt=\"\" \/><\/li>\n<li class=\"lslide\"><img src=\"https:\/\/img.milli.az\/2019\/11\/02\/799220_(18).jpg\" alt=\"\" \/><\/li>\n<li class=\"lslide\"><img src=\"https:\/\/img.milli.az\/2019\/11\/02\/799220_(19).jpg\" alt=\"\" \/><\/li>\n<li class=\"lslide\"><img src=\"https:\/\/img.milli.az\/2019\/11\/02\/799220_(20).jpg\" alt=\"\" \/><\/li>\n<li class=\"lslide\"><img src=\"https:\/\/img.milli.az\/2019\/11\/02\/799220_(21).jpg\" alt=\"\" \/><\/li>\n<li class=\"lslide\"><img src=\"https:\/\/img.milli.az\/2019\/11\/02\/799220_(23).jpg\" alt=\"\" \/><\/li>\n<li class=\"lslide\"><img src=\"https:\/\/img.milli.az\/2019\/11\/02\/799220_(22).jpg\" alt=\"\" \/><\/li>\n<li class=\"lslide\"><img src=\"https:\/\/img.milli.az\/2019\/11\/02\/799220_(24).jpg\" alt=\"\" \/><\/li>\n<li class=\"lslide\"><img src=\"https:\/\/img.milli.az\/2019\/11\/02\/799220_(25).jpg\" alt=\"\" \/><\/li>\n<li class=\"lslide\"><img src=\"https:\/\/img.milli.az\/2019\/11\/02\/799220_(27).jpg\" alt=\"\" \/><\/li>\n<li class=\"lslide\"><img src=\"https:\/\/img.milli.az\/2019\/11\/02\/799220_(26).jpg\" alt=\"\" \/><\/li>\n<li class=\"lslide\"><img src=\"https:\/\/img.milli.az\/2019\/11\/02\/799220_(28).jpg\" alt=\"\" \/><\/li>\n<li class=\"lslide\"><img src=\"https:\/\/img.milli.az\/2019\/11\/02\/799220_(29).jpg\" alt=\"\" \/><\/li>\n<\/ul>\n<div class=\"lSAction\"><\/div>\n<\/div>\n<\/div>\n<\/div>\n<\/div>\n","protected":false},"excerpt":{"rendered":"<p>Az\u0259rbaycan Respublikas\u0131n\u0131n Birinci vitse-prezidenti Mehriban \u018fliyeva oktyabr\u0131n 31-d\u0259 paytaxt\u0131n N\u0259rimanov rayonundak\u0131 &#8220;Birg\u0259 v\u0259 Sa\u011flam&#8221; \u0130ctimai Birliyinin n\u0259zdind\u0259 f\u0259aliyy\u0259t g\u00f6st\u0259r\u0259n Autizm sindromlu u\u015faqlar \u00fc\u00e7\u00fcn reabilitasiya M\u0259rk\u0259zini ziyar\u0259t edib. Birinci vitse-prezident Mehriban \u018fliyeva u\u015faqlarla g\u00f6r\u00fc\u015f\u00fcb, onlar\u0131n ya\u015fay\u0131\u015f \u015f\u0259raiti, g\u00f6st\u0259ril\u0259n sosial v\u0259 reabilitasiyay\u00f6n\u00fcml\u00fc xidm\u0259tl\u0259rl\u0259 tan\u0131\u015f olub. Qeyd ed\u0259k ki, Autizm sindromlu u\u015faqlar \u00fc\u00e7\u00fcn reabilitasiya M\u0259rk\u0259zi Heyd\u0259r \u018fliyev Fondunun d\u0259st\u0259yi il\u0259 f\u0259aliyy\u0259t g\u00f6st\u0259rir. Bu m\u0259rk\u0259z d\u0259 Birinci vitse-prezident Mehriban \u018fliyevan\u0131n r\u0259hb\u0259rliyi il\u0259 \u00f6lk\u0259d\u0259 h\u0259yata ke\u00e7iril\u0259n \u00e7oxsayl\u0131 sosial islahatlar\u0131n bir n\u00fcmun\u0259sidir v\u0259 bunun timsal\u0131nda \u00f6lk\u0259d\u0259 qay\u011f\u0131ya ehtiyac\u0131 olan b\u00fct\u00fcn h\u0259ssas t\u0259b\u0259q\u0259l\u0259r\u0259 g\u00f6st\u0259ril\u0259n diqq\u0259t ifad\u0259 olunur.&hellip;<\/p>\n","protected":false},"author":2,"featured_media":92093,"comment_status":"closed","ping_status":"closed","sticky":false,"template":"","format":"standard","meta":{"om_disable_all_campaigns":false,"_monsterinsights_skip_tracking":false,"_monsterinsights_sitenote_active":false,"_monsterinsights_sitenote_note":"","_monsterinsights_sitenote_category":0},"categories":[4],"tags":[],"aioseo_notices":[],"gutentor_comment":0,"rttpg_featured_image_url":{"full":["https:\/\/arantv.az\/wp-content\/uploads\/2019\/11\/799220_3.jpg",1280,853,false],"landscape":["https:\/\/arantv.az\/wp-content\/uploads\/2019\/11\/799220_3.jpg",1280,853,false],"portraits":["https:\/\/arantv.az\/wp-content\/uploads\/2019\/11\/799220_3.jpg",1280,853,false],"thumbnail":["https:\/\/arantv.az\/wp-content\/uploads\/2019\/11\/799220_3-150x150.jpg",150,150,true],"medium":["https:\/\/arantv.az\/wp-content\/uploads\/2019\/11\/799220_3-300x200.jpg",300,200,true],"large":["https:\/\/arantv.az\/wp-content\/uploads\/2019\/11\/799220_3-1024x682.jpg",640,426,true],"1536x1536":["https:\/\/arantv.az\/wp-content\/uploads\/2019\/11\/799220_3.jpg",1280,853,false],"2048x2048":["https:\/\/arantv.az\/wp-content\/uploads\/2019\/11\/799220_3.jpg",1280,853,false],"post-thumbnail":["https:\/\/arantv.az\/wp-content\/uploads\/2019\/11\/799220_3-240x172.jpg",240,172,true],"advps-thumb-one":["https:\/\/arantv.az\/wp-content\/uploads\/2019\/11\/799220_3-1200x620.jpg",1200,620,true]},"rttpg_author":{"display_name":"V\u00fcsal Rafiqo\u011flu","author_link":"https:\/\/arantv.az\/?author=2"},"rttpg_comment":0,"rttpg_category":"<a href=\"https:\/\/arantv.az\/?cat=4\" rel=\"category\">Siyas\u0259t<\/a>","rttpg_excerpt":"Az\u0259rbaycan Respublikas\u0131n\u0131n Birinci vitse-prezidenti Mehriban \u018fliyeva oktyabr\u0131n 31-d\u0259 paytaxt\u0131n N\u0259rimanov rayonundak\u0131 &#8220;Birg\u0259 v\u0259 Sa\u011flam&#8221; \u0130ctimai Birliyinin n\u0259zdind\u0259 f\u0259aliyy\u0259t g\u00f6st\u0259r\u0259n Autizm sindromlu u\u015faqlar \u00fc\u00e7\u00fcn reabilitasiya M\u0259rk\u0259zini ziyar\u0259t edib. Birinci vitse-prezident Mehriban \u018fliyeva u\u015faqlarla g\u00f6r\u00fc\u015f\u00fcb, onlar\u0131n ya\u015fay\u0131\u015f \u015f\u0259raiti, g\u00f6st\u0259ril\u0259n sosial v\u0259 reabilitasiyay\u00f6n\u00fcml\u00fc xidm\u0259tl\u0259rl\u0259 tan\u0131\u015f olub. Qeyd ed\u0259k ki, Autizm sindromlu u\u015faqlar \u00fc\u00e7\u00fcn reabilitasiya M\u0259rk\u0259zi Heyd\u0259r \u018fliyev Fondunun&hellip;","_links":{"self":[{"href":"https:\/\/arantv.az\/index.php?rest_route=\/wp\/v2\/posts\/92092"}],"collection":[{"href":"https:\/\/arantv.az\/index.php?rest_route=\/wp\/v2\/posts"}],"about":[{"href":"https:\/\/arantv.az\/index.php?rest_route=\/wp\/v2\/types\/post"}],"author":[{"embeddable":true,"href":"https:\/\/arantv.az\/index.php?rest_route=\/wp\/v2\/users\/2"}],"replies":[{"embeddable":true,"href":"https:\/\/arantv.az\/index.php?rest_route=%2Fwp%2Fv2%2Fcomments&post=92092"}],"version-history":[{"count":0,"href":"https:\/\/arantv.az\/index.php?rest_route=\/wp\/v2\/posts\/92092\/revisions"}],"wp:featuredmedia":[{"embeddable":true,"href":"https:\/\/arantv.az\/index.php?rest_route=\/wp\/v2\/media\/92093"}],"wp:attachment":[{"href":"https:\/\/arantv.az\/index.php?rest_route=%2Fwp%2Fv2%2Fmedia&parent=92092"}],"wp:term":[{"taxonomy":"category","embeddable":true,"href":"https:\/\/arantv.az\/index.php?rest_route=%2Fwp%2Fv2%2Fcategories&post=92092"},{"taxonomy":"post_tag","embeddable":true,"href":"https:\/\/arantv.az\/index.php?rest_route=%2Fwp%2Fv2%2Ftags&post=92092"}],"curies":[{"name":"wp","href":"https:\/\/api.w.org\/{rel}","templated":true}]}}