{"id":92100,"date":"2019-11-02T14:09:15","date_gmt":"2019-11-02T11:09:15","guid":{"rendered":"http:\/\/arantv.az\/?p=92100"},"modified":"2019-11-02T14:09:15","modified_gmt":"2019-11-02T11:09:15","slug":"deputat-hec-bir-elektorati-olmayan-radikal-muxalif%c9%99t-xarici-anti-az%c9%99rbaycan-quvv%c9%99l%c9%99rd%c9%99n-m%c9%99d%c9%99t-umur","status":"publish","type":"post","link":"https:\/\/arantv.az\/?p=92100","title":{"rendered":"Deputat: &#8220;He\u00e7 bir elektorat\u0131 olmayan radikal m\u00fcxalif\u0259t xarici anti-Az\u0259rbaycan q\u00fcvv\u0259l\u0259rd\u0259n m\u0259d\u0259t umur&#8221;"},"content":{"rendered":"<blockquote><p><em><strong>M\u00fcxalif\u0259t 2 noyabra t\u0259yin etdiyi mitinqi t\u0259xir\u0259 sal\u0131b. Hesab edir\u0259m ki, bu q\u0259rar\u0131n q\u0259bul edilm\u0259sinin \u0259sas s\u0259b\u0259bi onlar\u0131n xalq t\u0259r\u0259find\u0259n d\u0259st\u0259k g\u00f6rm\u0259m\u0259sidir.<\/strong><\/em><\/p><\/blockquote>\n<p><strong>ARANTV.AZ<\/strong>\u00a0 bildirir ki, bunu\u00a0<a href=\"http:\/\/az.trend.az\/\" target=\"_blank\" rel=\"noopener\">Trend<\/a>-\u0259\u00a0Milli M\u0259clisin Yeni Az\u0259rbaycan Partiyas\u0131ndan olan deputat\u0131 Sona \u018fliyeva deyib.<\/p>\n<p>Deputat\u0131n s\u00f6zl\u0259rin\u0259 g\u00f6r\u0259, m\u0259lum m\u0259s\u0259l\u0259dir ki, radikal m\u00fcxalif\u0259tin arxas\u0131nda he\u00e7 bir elektorat\u0131 yoxdur: &#8220;19 oktyabrda ke\u00e7iril\u0259n mitinq\u0259 diqq\u0259t yetir\u0259k &#8211; Bak\u0131 \u015e\u0259h\u0259r \u0130cra Hakimiyy\u0259tinin t\u0259klif etdiyi yerd\u0259 deyil, m\u0259hz \u015f\u0259h\u0259rin m\u0259rk\u0259zind\u0259 qanunsuz mitinq\u0259 c\u0259hdl\u0259r edildi. Onlar\u0131n x\u00fcsusi t\u0259\u015f\u0259bb\u00fcs\u00fc olmadan da ham bilir ki, 28 May metrostansiyas\u0131n\u0131n \u0259traf\u0131nda h\u0259r g\u00fcn minl\u0259rl\u0259 adam olur. Ham\u0131 anlay\u0131r ki, radikal m\u00fcxalif\u0259tin bu se\u00e7imi n\u0259y\u0259 hesablanm\u0131\u015fd\u0131. \u018fsas m\u0259qs\u0259d xaos g\u00f6r\u00fcnt\u00fcs\u00fc yaratmaq v\u0259 bunu xarici havadarlar\u0131na g\u00f6st\u0259rm\u0259k idi. T\u0259\u0259ss\u00fcf ki, \u00f6lk\u0259 daxilind\u0259 he\u00e7 bir elektorat\u0131 olmayan radikal m\u00fcxalif\u0259t xarici anti-Az\u0259rbaycan q\u00fcvv\u0259l\u0259rd\u0259n m\u0259d\u0259t umur. Bu, &#8220;Milli \u015eura&#8221; adl\u0131 qurumun r\u0259hb\u0259ri C\u0259mil H\u0259s\u0259nlinin bu g\u00fcnl\u0259rd\u0259 AB\u015e-da ke\u00e7irdiyi g\u00f6r\u00fc\u015fd\u0259ki \u00e7\u0131x\u0131\u015f\u0131nda da s\u00fcbut olundu. O, beyn\u0259lxalq t\u0259\u015fkilatlar\u0131 Azraycana sanksiya t\u0259tbiq etm\u0259y\u0259 \u00e7a\u011f\u0131rmaqla radikal m\u00fcxalif\u0259tin \u0259sl antimilli \u00fcz\u00fcn\u00fc g\u00f6st\u0259rdi&#8221;.<\/p>\n<p>S.\u018fliyeva \u0259lav\u0259 edib ki, h\u0259qiq\u0259t budur &#8211; Az\u0259rbaycan xalq\u0131 \u00f6lk\u0259 ba\u015f\u00e7\u0131s\u0131 \u0130lham \u018fliyev\u0259 alternativ tan\u0131m\u0131r. Prezidentin r\u0259hb\u0259rliyi il\u0259 \u00f6lk\u0259d\u0259 g\u00f6r\u00fcl\u0259n i\u015fl\u0259r, apar\u0131lan islahatlar \u0259halinin rifah\u0131n\u0131n yax\u015f\u0131la\u015fmas\u0131na hesablan\u0131b.<\/p>\n","protected":false},"excerpt":{"rendered":"<p>M\u00fcxalif\u0259t 2 noyabra t\u0259yin etdiyi mitinqi t\u0259xir\u0259 sal\u0131b. Hesab edir\u0259m ki, bu q\u0259rar\u0131n q\u0259bul edilm\u0259sinin \u0259sas s\u0259b\u0259bi onlar\u0131n xalq t\u0259r\u0259find\u0259n d\u0259st\u0259k g\u00f6rm\u0259m\u0259sidir. ARANTV.AZ\u00a0 bildirir ki, bunu\u00a0Trend-\u0259\u00a0Milli M\u0259clisin Yeni Az\u0259rbaycan Partiyas\u0131ndan olan deputat\u0131 Sona \u018fliyeva deyib. Deputat\u0131n s\u00f6zl\u0259rin\u0259 g\u00f6r\u0259, m\u0259lum m\u0259s\u0259l\u0259dir ki, radikal m\u00fcxalif\u0259tin arxas\u0131nda he\u00e7 bir elektorat\u0131 yoxdur: &#8220;19 oktyabrda ke\u00e7iril\u0259n mitinq\u0259 diqq\u0259t yetir\u0259k &#8211; Bak\u0131 \u015e\u0259h\u0259r \u0130cra Hakimiyy\u0259tinin t\u0259klif etdiyi yerd\u0259 deyil, m\u0259hz \u015f\u0259h\u0259rin m\u0259rk\u0259zind\u0259 qanunsuz mitinq\u0259 c\u0259hdl\u0259r edildi. Onlar\u0131n x\u00fcsusi t\u0259\u015f\u0259bb\u00fcs\u00fc olmadan da ham bilir ki, 28 May metrostansiyas\u0131n\u0131n \u0259traf\u0131nda h\u0259r g\u00fcn minl\u0259rl\u0259 adam olur. Ham\u0131 anlay\u0131r ki,&hellip;<\/p>\n","protected":false},"author":2,"featured_media":92101,"comment_status":"closed","ping_status":"closed","sticky":false,"template":"","format":"standard","meta":{"om_disable_all_campaigns":false,"_monsterinsights_skip_tracking":false,"_monsterinsights_sitenote_active":false,"_monsterinsights_sitenote_note":"","_monsterinsights_sitenote_category":0},"categories":[4],"tags":[],"aioseo_notices":[],"gutentor_comment":0,"rttpg_featured_image_url":{"full":["https:\/\/arantv.az\/wp-content\/uploads\/2019\/11\/sona_eliyeva.jpg",360,229,false],"landscape":["https:\/\/arantv.az\/wp-content\/uploads\/2019\/11\/sona_eliyeva.jpg",360,229,false],"portraits":["https:\/\/arantv.az\/wp-content\/uploads\/2019\/11\/sona_eliyeva.jpg",360,229,false],"thumbnail":["https:\/\/arantv.az\/wp-content\/uploads\/2019\/11\/sona_eliyeva-150x150.jpg",150,150,true],"medium":["https:\/\/arantv.az\/wp-content\/uploads\/2019\/11\/sona_eliyeva-300x191.jpg",300,191,true],"large":["https:\/\/arantv.az\/wp-content\/uploads\/2019\/11\/sona_eliyeva.jpg",360,229,false],"1536x1536":["https:\/\/arantv.az\/wp-content\/uploads\/2019\/11\/sona_eliyeva.jpg",360,229,false],"2048x2048":["https:\/\/arantv.az\/wp-content\/uploads\/2019\/11\/sona_eliyeva.jpg",360,229,false],"post-thumbnail":["https:\/\/arantv.az\/wp-content\/uploads\/2019\/11\/sona_eliyeva-240x172.jpg",240,172,true],"advps-thumb-one":["https:\/\/arantv.az\/wp-content\/uploads\/2019\/11\/sona_eliyeva.jpg",360,229,false]},"rttpg_author":{"display_name":"V\u00fcsal Rafiqo\u011flu","author_link":"https:\/\/arantv.az\/?author=2"},"rttpg_comment":0,"rttpg_category":"<a href=\"https:\/\/arantv.az\/?cat=4\" rel=\"category\">Siyas\u0259t<\/a>","rttpg_excerpt":"M\u00fcxalif\u0259t 2 noyabra t\u0259yin etdiyi mitinqi t\u0259xir\u0259 sal\u0131b. Hesab edir\u0259m ki, bu q\u0259rar\u0131n q\u0259bul edilm\u0259sinin \u0259sas s\u0259b\u0259bi onlar\u0131n xalq t\u0259r\u0259find\u0259n d\u0259st\u0259k g\u00f6rm\u0259m\u0259sidir. ARANTV.AZ\u00a0 bildirir ki, bunu\u00a0Trend-\u0259\u00a0Milli M\u0259clisin Yeni Az\u0259rbaycan Partiyas\u0131ndan olan deputat\u0131 Sona \u018fliyeva deyib. Deputat\u0131n s\u00f6zl\u0259rin\u0259 g\u00f6r\u0259, m\u0259lum m\u0259s\u0259l\u0259dir ki, radikal m\u00fcxalif\u0259tin arxas\u0131nda he\u00e7 bir elektorat\u0131 yoxdur: &#8220;19 oktyabrda ke\u00e7iril\u0259n mitinq\u0259 diqq\u0259t yetir\u0259k &#8211;&hellip;","_links":{"self":[{"href":"https:\/\/arantv.az\/index.php?rest_route=\/wp\/v2\/posts\/92100"}],"collection":[{"href":"https:\/\/arantv.az\/index.php?rest_route=\/wp\/v2\/posts"}],"about":[{"href":"https:\/\/arantv.az\/index.php?rest_route=\/wp\/v2\/types\/post"}],"author":[{"embeddable":true,"href":"https:\/\/arantv.az\/index.php?rest_route=\/wp\/v2\/users\/2"}],"replies":[{"embeddable":true,"href":"https:\/\/arantv.az\/index.php?rest_route=%2Fwp%2Fv2%2Fcomments&post=92100"}],"version-history":[{"count":0,"href":"https:\/\/arantv.az\/index.php?rest_route=\/wp\/v2\/posts\/92100\/revisions"}],"wp:featuredmedia":[{"embeddable":true,"href":"https:\/\/arantv.az\/index.php?rest_route=\/wp\/v2\/media\/92101"}],"wp:attachment":[{"href":"https:\/\/arantv.az\/index.php?rest_route=%2Fwp%2Fv2%2Fmedia&parent=92100"}],"wp:term":[{"taxonomy":"category","embeddable":true,"href":"https:\/\/arantv.az\/index.php?rest_route=%2Fwp%2Fv2%2Fcategories&post=92100"},{"taxonomy":"post_tag","embeddable":true,"href":"https:\/\/arantv.az\/index.php?rest_route=%2Fwp%2Fv2%2Ftags&post=92100"}],"curies":[{"name":"wp","href":"https:\/\/api.w.org\/{rel}","templated":true}]}}