{"id":92108,"date":"2019-11-02T14:12:28","date_gmt":"2019-11-02T11:12:28","guid":{"rendered":"http:\/\/arantv.az\/?p=92108"},"modified":"2019-11-02T14:12:28","modified_gmt":"2019-11-02T11:12:28","slug":"az%c9%99rbaycana-bu-avtomobill%c9%99rin-g%c9%99tirilm%c9%99si-artib-r%c9%99smi","status":"publish","type":"post","link":"https:\/\/arantv.az\/?p=92108","title":{"rendered":"Az\u0259rbaycana bu avtomobill\u0259rin g\u0259tirilm\u0259si art\u0131b &#8211; R\u018fSM\u0130"},"content":{"rendered":"<p>&#8220;Az\u0259rbaycana hibrid avtomobill\u0259rin g\u0259tirilm\u0259si hallar\u0131 art\u0131r&#8221;.<\/p>\n<p><b>ARANTV.AZ\u00a0<\/b>\u00a0x\u0259b\u0259r verir ki, bunu &#8220;report&#8221;a m\u00fcsahib\u0259sind\u0259 D\u00f6vl\u0259t G\u00f6mr\u00fck Komit\u0259sinin (DGK) G\u00f6mr\u00fck Tarifl\u0259rinin T\u0259nziml\u0259nm\u0259si v\u0259 \u00d6d\u0259ni\u015fl\u0259r Ba\u015f \u0130dar\u0259sinin r\u0259isi Mirqas\u0131m Vahabov bildirib.<\/p>\n<div><\/div>\n<p>Onun s\u00f6zl\u0259rin\u0259 g\u00f6r\u0259, 2018-ci ild\u0259 \u00f6lk\u0259y\u0259 146 sayda hibrid minik avtomobili idxal olundu\u011fu halda, 2019-cu ilin 9 ay\u0131 \u0259rzind\u0259 \u00f6lk\u0259 \u0259razisin\u0259 g\u0259tiril\u0259n 609 \u0259d\u0259d hibrid minik avtomobili s\u0259rb\u0259st d\u00f6vriyy\u0259y\u0259 burax\u0131l\u0131b.<\/p>\n<p>M.Vahabov bildirib ki, qeyd olunan minik avton\u0259qliyyat vasit\u0259l\u0259rinin \u00f6lk\u0259y\u0259 g\u0259tirilm\u0259si il\u0259 ba\u011fl\u0131 t\u0259\u015fviqedici layih\u0259l\u0259r aidiyy\u0259ti m\u0259rk\u0259zi icra orqanlar\u0131 il\u0259 birg\u0259 m\u00fczakir\u0259 edilm\u0259kd\u0259dir:<\/p>\n<p>&#8220;Hibrid m\u00fch\u0259rrikli minik n\u0259qliyyat vasit\u0259l\u0259rinin g\u00f6mr\u00fck r\u0259smil\u0259\u015fdirilm\u0259si zaman\u0131 \u00f6d\u0259nil\u0259n g\u00f6mr\u00fck \u00f6d\u0259ni\u015fl\u0259ri dig\u0259r daxili yanma m\u00fch\u0259rrikli minik avtomobill\u0259r\u0259 m\u00fcnasib\u0259td\u0259 t\u0259tbiq olunan vergi v\u0259 r\u00fcsumlarla eynilik t\u0259\u015fkil edir. M\u0259n\u015f\u0259 \u00f6lk\u0259sind\u0259n, g\u00f6mr\u00fck d\u0259y\u0259rind\u0259n, m\u00fch\u0259rrikin h\u0259cmind\u0259n, el\u0259c\u0259 d\u0259 istehsal burax\u0131l\u0131\u015f ilind\u0259n as\u0131l\u0131 olaraq g\u00f6mr\u00fck \u00f6d\u0259ni\u015fl\u0259ri t\u0259tbiq edilir&#8221;.<\/p>\n","protected":false},"excerpt":{"rendered":"<p>&#8220;Az\u0259rbaycana hibrid avtomobill\u0259rin g\u0259tirilm\u0259si hallar\u0131 art\u0131r&#8221;. ARANTV.AZ\u00a0\u00a0x\u0259b\u0259r verir ki, bunu &#8220;report&#8221;a m\u00fcsahib\u0259sind\u0259 D\u00f6vl\u0259t G\u00f6mr\u00fck Komit\u0259sinin (DGK) G\u00f6mr\u00fck Tarifl\u0259rinin T\u0259nziml\u0259nm\u0259si v\u0259 \u00d6d\u0259ni\u015fl\u0259r Ba\u015f \u0130dar\u0259sinin r\u0259isi Mirqas\u0131m Vahabov bildirib. Onun s\u00f6zl\u0259rin\u0259 g\u00f6r\u0259, 2018-ci ild\u0259 \u00f6lk\u0259y\u0259 146 sayda hibrid minik avtomobili idxal olundu\u011fu halda, 2019-cu ilin 9 ay\u0131 \u0259rzind\u0259 \u00f6lk\u0259 \u0259razisin\u0259 g\u0259tiril\u0259n 609 \u0259d\u0259d hibrid minik avtomobili s\u0259rb\u0259st d\u00f6vriyy\u0259y\u0259 burax\u0131l\u0131b. M.Vahabov bildirib ki, qeyd olunan minik avton\u0259qliyyat vasit\u0259l\u0259rinin \u00f6lk\u0259y\u0259 g\u0259tirilm\u0259si il\u0259 ba\u011fl\u0131 t\u0259\u015fviqedici layih\u0259l\u0259r aidiyy\u0259ti m\u0259rk\u0259zi icra orqanlar\u0131 il\u0259 birg\u0259 m\u00fczakir\u0259 edilm\u0259kd\u0259dir: &#8220;Hibrid m\u00fch\u0259rrikli minik n\u0259qliyyat vasit\u0259l\u0259rinin g\u00f6mr\u00fck r\u0259smil\u0259\u015fdirilm\u0259si zaman\u0131 \u00f6d\u0259nil\u0259n g\u00f6mr\u00fck \u00f6d\u0259ni\u015fl\u0259ri&hellip;<\/p>\n","protected":false},"author":2,"featured_media":92109,"comment_status":"closed","ping_status":"closed","sticky":false,"template":"","format":"standard","meta":{"om_disable_all_campaigns":false,"_monsterinsights_skip_tracking":false,"_monsterinsights_sitenote_active":false,"_monsterinsights_sitenote_note":"","_monsterinsights_sitenote_category":0},"categories":[1],"tags":[],"aioseo_notices":[],"gutentor_comment":0,"rttpg_featured_image_url":{"full":["https:\/\/arantv.az\/wp-content\/uploads\/2019\/11\/1572686533_1.jpg",549,309,false],"landscape":["https:\/\/arantv.az\/wp-content\/uploads\/2019\/11\/1572686533_1.jpg",549,309,false],"portraits":["https:\/\/arantv.az\/wp-content\/uploads\/2019\/11\/1572686533_1.jpg",549,309,false],"thumbnail":["https:\/\/arantv.az\/wp-content\/uploads\/2019\/11\/1572686533_1-150x150.jpg",150,150,true],"medium":["https:\/\/arantv.az\/wp-content\/uploads\/2019\/11\/1572686533_1-300x169.jpg",300,169,true],"large":["https:\/\/arantv.az\/wp-content\/uploads\/2019\/11\/1572686533_1.jpg",549,309,false],"1536x1536":["https:\/\/arantv.az\/wp-content\/uploads\/2019\/11\/1572686533_1.jpg",549,309,false],"2048x2048":["https:\/\/arantv.az\/wp-content\/uploads\/2019\/11\/1572686533_1.jpg",549,309,false],"post-thumbnail":["https:\/\/arantv.az\/wp-content\/uploads\/2019\/11\/1572686533_1-240x172.jpg",240,172,true],"advps-thumb-one":["https:\/\/arantv.az\/wp-content\/uploads\/2019\/11\/1572686533_1.jpg",549,309,false]},"rttpg_author":{"display_name":"V\u00fcsal Rafiqo\u011flu","author_link":"https:\/\/arantv.az\/?author=2"},"rttpg_comment":0,"rttpg_category":"<a href=\"https:\/\/arantv.az\/?cat=1\" rel=\"category\">C\u0259miyy\u0259t<\/a>","rttpg_excerpt":"&#8220;Az\u0259rbaycana hibrid avtomobill\u0259rin g\u0259tirilm\u0259si hallar\u0131 art\u0131r&#8221;. ARANTV.AZ\u00a0\u00a0x\u0259b\u0259r verir ki, bunu &#8220;report&#8221;a m\u00fcsahib\u0259sind\u0259 D\u00f6vl\u0259t G\u00f6mr\u00fck Komit\u0259sinin (DGK) G\u00f6mr\u00fck Tarifl\u0259rinin T\u0259nziml\u0259nm\u0259si v\u0259 \u00d6d\u0259ni\u015fl\u0259r Ba\u015f \u0130dar\u0259sinin r\u0259isi Mirqas\u0131m Vahabov bildirib. Onun s\u00f6zl\u0259rin\u0259 g\u00f6r\u0259, 2018-ci ild\u0259 \u00f6lk\u0259y\u0259 146 sayda hibrid minik avtomobili idxal olundu\u011fu halda, 2019-cu ilin 9 ay\u0131 \u0259rzind\u0259 \u00f6lk\u0259 \u0259razisin\u0259 g\u0259tiril\u0259n 609 \u0259d\u0259d hibrid minik avtomobili s\u0259rb\u0259st&hellip;","_links":{"self":[{"href":"https:\/\/arantv.az\/index.php?rest_route=\/wp\/v2\/posts\/92108"}],"collection":[{"href":"https:\/\/arantv.az\/index.php?rest_route=\/wp\/v2\/posts"}],"about":[{"href":"https:\/\/arantv.az\/index.php?rest_route=\/wp\/v2\/types\/post"}],"author":[{"embeddable":true,"href":"https:\/\/arantv.az\/index.php?rest_route=\/wp\/v2\/users\/2"}],"replies":[{"embeddable":true,"href":"https:\/\/arantv.az\/index.php?rest_route=%2Fwp%2Fv2%2Fcomments&post=92108"}],"version-history":[{"count":0,"href":"https:\/\/arantv.az\/index.php?rest_route=\/wp\/v2\/posts\/92108\/revisions"}],"wp:featuredmedia":[{"embeddable":true,"href":"https:\/\/arantv.az\/index.php?rest_route=\/wp\/v2\/media\/92109"}],"wp:attachment":[{"href":"https:\/\/arantv.az\/index.php?rest_route=%2Fwp%2Fv2%2Fmedia&parent=92108"}],"wp:term":[{"taxonomy":"category","embeddable":true,"href":"https:\/\/arantv.az\/index.php?rest_route=%2Fwp%2Fv2%2Fcategories&post=92108"},{"taxonomy":"post_tag","embeddable":true,"href":"https:\/\/arantv.az\/index.php?rest_route=%2Fwp%2Fv2%2Ftags&post=92108"}],"curies":[{"name":"wp","href":"https:\/\/api.w.org\/{rel}","templated":true}]}}