{"id":92133,"date":"2019-11-02T14:54:44","date_gmt":"2019-11-02T11:54:44","guid":{"rendered":"http:\/\/arantv.az\/?p=92133"},"modified":"2019-11-02T14:54:44","modified_gmt":"2019-11-02T11:54:44","slug":"qadin-sahmat-millimiz-erm%c9%99nil%c9%99ri-m%c9%99glub-edib-avropa-cempionatinin-medalini-qazandi-yenil%c9%99nib","status":"publish","type":"post","link":"https:\/\/arantv.az\/?p=92133","title":{"rendered":"Qad\u0131n \u015fahmat millimiz erm\u0259nil\u0259ri m\u0259\u011flub edib Avropa \u00e7empionat\u0131n\u0131n medal\u0131n\u0131 qazand\u0131 &#8211; YEN\u0130L\u018fN\u0130B"},"content":{"rendered":"<p>G\u00fcrc\u00fcstan\u0131n Batumi \u015f\u0259h\u0259rind\u0259 ke\u00e7iril\u0259n \u015fahmat \u00fczr\u0259 milli komandalar aras\u0131nda Avropa \u00e7empionat\u0131nda qad\u0131n y\u0131\u011fmam\u0131z b\u00fcr\u00fcnc medal qazan\u0131b.<\/p>\n<p><strong>ARANTV.AZ\u00a0<\/strong>\u00a0x\u0259b\u0259r verir ki, millimiz sonuncu turda prinsipial g\u00f6r\u00fc\u015fd\u0259 Erm\u0259nistan\u0131 2,5:1,5 hesab\u0131 il\u0259 m\u0259\u011flub edib.<\/p>\n<p>G\u00fcnay M\u0259mm\u0259dzad\u0259 q\u0259l\u0259b\u0259 qazan\u0131b. Dig\u0259r \u00fc\u00e7 \u015fahmat\u00e7\u0131m\u0131z is\u0259 he\u00e7-he\u00e7\u0259 edib. Bu n\u0259tic\u0259 il\u0259 komandam\u0131z 13 xal qazan\u0131b v\u0259 27 il sonra Avropa \u00e7empionat\u0131n\u0131n b\u00fcr\u00fcnc medal\u0131n\u0131 qazan\u0131b. Rusiya Avropa \u00e7empionu olub, meydan sahibi G\u00fcrc\u00fcstan is\u0259 qit\u0259 birinciliyinin g\u00fcm\u00fc\u015f medal\u0131na yiy\u0259l\u0259nib.<\/p>\n<div id=\"AdviadNativeVideo0\" class=\"AdviadNativeVideo\"><\/div>\n<p>Ki\u015fil\u0259rin yar\u0131\u015f\u0131nda is\u0259 millimiz Sloveniyaya 3:1 hesab\u0131 il\u0259 qalib g\u0259lib.<\/p>\n<p><em><strong>10:24<\/strong><\/em><\/p>\n<p>G\u00fcrc\u00fcstan\u0131n Batumi \u015f\u0259h\u0259rind\u0259 ke\u00e7iril\u0259n \u015fahmat \u00fczr\u0259 ki\u015fi v\u0259 qad\u0131n milli komandalar aras\u0131nda Avropa \u00e7empionat\u0131 bu g\u00fcn yekunla\u015facaq.<\/p>\n<p><strong>ARANTV.AZ\u00a0<\/strong>\u00a0x\u0259b\u0259r verir ki, medal \u015fans\u0131n\u0131 d\u00fcn\u0259n tamamil\u0259 itir\u0259n, doqquz xalla 12-ci olan ki\u015fi millimiz bu tur formal \u0259h\u0259miyy\u0259t k\u0259sb ed\u0259n g\u00f6r\u00fc\u015f\u0259 \u00e7\u0131xacaq.<\/p>\n<p>Millimizin r\u0259qibi turnirin reytinqin\u0259 g\u00f6r\u0259 19-cu komandas\u0131 olan Sloveniyad\u0131r. Formal xarakterli g\u00f6r\u00fc\u015f oldu\u011fundan, bu mat\u00e7da komandam\u0131z\u0131n lideri \u015e\u0259hriyar M\u0259mm\u0259dyarov oynamayacaq.<\/p>\n<p>Xat\u0131rladaq ki, \u015e\u0259hriyar ke\u00e7irdiyi yeddi g\u00f6r\u00fc\u015f\u00fcn ham\u0131s\u0131nda n\u0259 qalib g\u0259lib, n\u0259 d\u0259 m\u0259\u011flub olub. Qrossmeysterimiz b\u00fct\u00fcn g\u00f6r\u00fc\u015fl\u0259rd\u0259 he\u00e7-he\u00e7\u0259 edib.<\/p>\n<p>Medal \u015fanslar\u0131 olan qad\u0131n millimiz is\u0259 bu g\u00fcn prinsipial g\u00f6r\u00fc\u015f\u0259 \u00e7\u0131xacaq. 12 xalla 3-c\u00fc s\u0131rada olan millimiz turnirin reytinqin\u0259 g\u00f6r\u0259 13-c\u00fc komandas\u0131 Erm\u0259nistanla qar\u015f\u0131la\u015facaq. Ancaq onu da bildir\u0259k ki, Erm\u0259nistan da 11 xalla 4-c\u00fc s\u0131radad\u0131r. Bu s\u0259b\u0259bd\u0259n bu g\u00f6r\u00fc\u015fd\u0259 qalib g\u0259l\u0259n t\u0259r\u0259f Avropa \u00e7empionat\u0131n\u0131n medallar\u0131n\u0131 qazanacaq. \u018fslind\u0259, komandam\u0131z bu q\u0259l\u0259b\u0259 say\u0259sind\u0259 g\u00fcm\u00fc\u015f medallar\u0131 da qazana bil\u0259r. Amma 2-ci s\u0131radak\u0131 G\u00fcrc\u00fcstan\u0131n G\u00fcrc\u00fcstan-2 komandas\u0131na uduzaca\u011f\u0131 inand\u0131r\u0131c\u0131 g\u00f6r\u00fcnm\u00fcr.<\/p>\n<p>Art\u0131q y\u0131\u011fmam\u0131z\u0131n erm\u0259nil\u0259r\u0259 qar\u015f\u0131 hey\u0259ti d\u0259 b\u0259llidir. G\u00fcnay M\u0259mm\u0259dzad\u0259 a\u011f fiqurlarla Lilit Mkrt\u00e7yanla qar\u015f\u0131la\u015facaq. Xan\u0131m Balacayeva qara fiqurlarla Elina Danielyanla g\u00f6r\u00fc\u015f\u0259c\u0259k. \u00dclviyy\u0259 F\u0259t\u0259liyeva a\u011f fiqurlarla Mariya Qevorqyan\u0131 m\u0259\u011flub etm\u0259lidir. H\u0259l\u0259 m\u0259\u011flubiyy\u0259t \u00fcz\u00fc g\u00f6rm\u0259mi\u015f G\u00fclnar M\u0259mm\u0259dova is\u0259 d\u00f6rd\u00fcnc\u00fc l\u00f6vh\u0259d\u0259 qara fiqurlarla Anna Sarqsyan\u0131 m\u0259\u011flub etm\u0259y\u0259 \u00e7al\u0131\u015facaq.<\/p>\n<p>Qeyd ed\u0259k ki, qad\u0131n millimiz bir d\u0259f\u0259 Avropa \u00e7empionat\u0131nda medal qazan\u0131b. Bu, uzaq 1992-ci ild\u0259 Macar\u0131stan\u0131n Debretsen \u015f\u0259h\u0259rind\u0259 ke\u00e7iril\u0259n qit\u0259 birinciliyind\u0259 olub. Komandam\u0131z onda b\u00fcr\u00fcnc medal qazanm\u0131\u015fd\u0131.oxu.az<\/p>\n","protected":false},"excerpt":{"rendered":"<p>G\u00fcrc\u00fcstan\u0131n Batumi \u015f\u0259h\u0259rind\u0259 ke\u00e7iril\u0259n \u015fahmat \u00fczr\u0259 milli komandalar aras\u0131nda Avropa \u00e7empionat\u0131nda qad\u0131n y\u0131\u011fmam\u0131z b\u00fcr\u00fcnc medal qazan\u0131b. ARANTV.AZ\u00a0\u00a0x\u0259b\u0259r verir ki, millimiz sonuncu turda prinsipial g\u00f6r\u00fc\u015fd\u0259 Erm\u0259nistan\u0131 2,5:1,5 hesab\u0131 il\u0259 m\u0259\u011flub edib. G\u00fcnay M\u0259mm\u0259dzad\u0259 q\u0259l\u0259b\u0259 qazan\u0131b. Dig\u0259r \u00fc\u00e7 \u015fahmat\u00e7\u0131m\u0131z is\u0259 he\u00e7-he\u00e7\u0259 edib. Bu n\u0259tic\u0259 il\u0259 komandam\u0131z 13 xal qazan\u0131b v\u0259 27 il sonra Avropa \u00e7empionat\u0131n\u0131n b\u00fcr\u00fcnc medal\u0131n\u0131 qazan\u0131b. Rusiya Avropa \u00e7empionu olub, meydan sahibi G\u00fcrc\u00fcstan is\u0259 qit\u0259 birinciliyinin g\u00fcm\u00fc\u015f medal\u0131na yiy\u0259l\u0259nib. Ki\u015fil\u0259rin yar\u0131\u015f\u0131nda is\u0259 millimiz Sloveniyaya 3:1 hesab\u0131 il\u0259 qalib g\u0259lib. 10:24 G\u00fcrc\u00fcstan\u0131n Batumi \u015f\u0259h\u0259rind\u0259 ke\u00e7iril\u0259n \u015fahmat \u00fczr\u0259 ki\u015fi v\u0259 qad\u0131n milli&hellip;<\/p>\n","protected":false},"author":2,"featured_media":92134,"comment_status":"closed","ping_status":"closed","sticky":false,"template":"","format":"standard","meta":{"om_disable_all_campaigns":false,"_monsterinsights_skip_tracking":false,"_monsterinsights_sitenote_active":false,"_monsterinsights_sitenote_note":"","_monsterinsights_sitenote_category":0},"categories":[6],"tags":[],"aioseo_notices":[],"gutentor_comment":0,"rttpg_featured_image_url":{"full":["https:\/\/arantv.az\/wp-content\/uploads\/2019\/11\/73265926_2414498902011957_5420859467606523904_n-1.jpg",620,413,false],"landscape":["https:\/\/arantv.az\/wp-content\/uploads\/2019\/11\/73265926_2414498902011957_5420859467606523904_n-1.jpg",620,413,false],"portraits":["https:\/\/arantv.az\/wp-content\/uploads\/2019\/11\/73265926_2414498902011957_5420859467606523904_n-1.jpg",620,413,false],"thumbnail":["https:\/\/arantv.az\/wp-content\/uploads\/2019\/11\/73265926_2414498902011957_5420859467606523904_n-1-150x150.jpg",150,150,true],"medium":["https:\/\/arantv.az\/wp-content\/uploads\/2019\/11\/73265926_2414498902011957_5420859467606523904_n-1-300x200.jpg",300,200,true],"large":["https:\/\/arantv.az\/wp-content\/uploads\/2019\/11\/73265926_2414498902011957_5420859467606523904_n-1.jpg",620,413,false],"1536x1536":["https:\/\/arantv.az\/wp-content\/uploads\/2019\/11\/73265926_2414498902011957_5420859467606523904_n-1.jpg",620,413,false],"2048x2048":["https:\/\/arantv.az\/wp-content\/uploads\/2019\/11\/73265926_2414498902011957_5420859467606523904_n-1.jpg",620,413,false],"post-thumbnail":["https:\/\/arantv.az\/wp-content\/uploads\/2019\/11\/73265926_2414498902011957_5420859467606523904_n-1-240x172.jpg",240,172,true],"advps-thumb-one":["https:\/\/arantv.az\/wp-content\/uploads\/2019\/11\/73265926_2414498902011957_5420859467606523904_n-1.jpg",620,413,false]},"rttpg_author":{"display_name":"V\u00fcsal Rafiqo\u011flu","author_link":"https:\/\/arantv.az\/?author=2"},"rttpg_comment":0,"rttpg_category":"<a href=\"https:\/\/arantv.az\/?cat=6\" rel=\"category\">\u0130dman<\/a>","rttpg_excerpt":"G\u00fcrc\u00fcstan\u0131n Batumi \u015f\u0259h\u0259rind\u0259 ke\u00e7iril\u0259n \u015fahmat \u00fczr\u0259 milli komandalar aras\u0131nda Avropa \u00e7empionat\u0131nda qad\u0131n y\u0131\u011fmam\u0131z b\u00fcr\u00fcnc medal qazan\u0131b. ARANTV.AZ\u00a0\u00a0x\u0259b\u0259r verir ki, millimiz sonuncu turda prinsipial g\u00f6r\u00fc\u015fd\u0259 Erm\u0259nistan\u0131 2,5:1,5 hesab\u0131 il\u0259 m\u0259\u011flub edib. G\u00fcnay M\u0259mm\u0259dzad\u0259 q\u0259l\u0259b\u0259 qazan\u0131b. Dig\u0259r \u00fc\u00e7 \u015fahmat\u00e7\u0131m\u0131z is\u0259 he\u00e7-he\u00e7\u0259 edib. Bu n\u0259tic\u0259 il\u0259 komandam\u0131z 13 xal qazan\u0131b v\u0259 27 il sonra Avropa \u00e7empionat\u0131n\u0131n b\u00fcr\u00fcnc medal\u0131n\u0131&hellip;","_links":{"self":[{"href":"https:\/\/arantv.az\/index.php?rest_route=\/wp\/v2\/posts\/92133"}],"collection":[{"href":"https:\/\/arantv.az\/index.php?rest_route=\/wp\/v2\/posts"}],"about":[{"href":"https:\/\/arantv.az\/index.php?rest_route=\/wp\/v2\/types\/post"}],"author":[{"embeddable":true,"href":"https:\/\/arantv.az\/index.php?rest_route=\/wp\/v2\/users\/2"}],"replies":[{"embeddable":true,"href":"https:\/\/arantv.az\/index.php?rest_route=%2Fwp%2Fv2%2Fcomments&post=92133"}],"version-history":[{"count":0,"href":"https:\/\/arantv.az\/index.php?rest_route=\/wp\/v2\/posts\/92133\/revisions"}],"wp:featuredmedia":[{"embeddable":true,"href":"https:\/\/arantv.az\/index.php?rest_route=\/wp\/v2\/media\/92134"}],"wp:attachment":[{"href":"https:\/\/arantv.az\/index.php?rest_route=%2Fwp%2Fv2%2Fmedia&parent=92133"}],"wp:term":[{"taxonomy":"category","embeddable":true,"href":"https:\/\/arantv.az\/index.php?rest_route=%2Fwp%2Fv2%2Fcategories&post=92133"},{"taxonomy":"post_tag","embeddable":true,"href":"https:\/\/arantv.az\/index.php?rest_route=%2Fwp%2Fv2%2Ftags&post=92133"}],"curies":[{"name":"wp","href":"https:\/\/api.w.org\/{rel}","templated":true}]}}