{"id":92137,"date":"2019-11-02T15:09:09","date_gmt":"2019-11-02T12:09:09","guid":{"rendered":"http:\/\/arantv.az\/?p=92137"},"modified":"2019-11-02T15:09:09","modified_gmt":"2019-11-02T12:09:09","slug":"prezident-ilham-%c9%99liyev-yalcin-adigoz%c9%99lovu-sohr%c9%99t-ordeni-il%c9%99-t%c9%99ltif-etdi","status":"publish","type":"post","link":"https:\/\/arantv.az\/?p=92137","title":{"rendered":"Prezident \u0130lham \u018fliyev Yal\u00e7\u0131n Ad\u0131g\u00f6z\u0259lovu \u201c\u015e\u00f6hr\u0259t\u201d ordeni il\u0259 t\u0259ltif etdi"},"content":{"rendered":"<p>Prezident \u0130lham \u018fliyev Yal\u00e7\u0131n Ad\u0131g\u00f6z\u0259lovun &#8220;\u015e\u00f6hr\u0259t&#8221; ordeni il\u0259 t\u0259ltif edilm\u0259si haqq\u0131nda s\u0259r\u0259ncam imzalay\u0131b.<\/p>\n<p><strong>ARANTV.AZ<\/strong>\u00a0<a href=\"http:\/\/azertag.az\/\" target=\"_blank\" rel=\"noopener\">AZ\u018fRTAC<\/a>-a istinad\u0259n bildirir ki, s\u0259r\u0259ncamda qeyd edilir ki, Az\u0259rbaycan musiqi s\u0259n\u0259tinin inki\u015faf\u0131nda xidm\u0259tl\u0259rin\u0259 g\u00f6r\u0259 Yal\u00e7\u0131n Vasif o\u011flu Ad\u0131g\u00f6z\u0259lov &#8220;\u015e\u00f6hr\u0259t&#8221; ordeni il\u0259 t\u0259ltif edilsin.<\/p>\n","protected":false},"excerpt":{"rendered":"<p>Prezident \u0130lham \u018fliyev Yal\u00e7\u0131n Ad\u0131g\u00f6z\u0259lovun &#8220;\u015e\u00f6hr\u0259t&#8221; ordeni il\u0259 t\u0259ltif edilm\u0259si haqq\u0131nda s\u0259r\u0259ncam imzalay\u0131b. ARANTV.AZ\u00a0AZ\u018fRTAC-a istinad\u0259n bildirir ki, s\u0259r\u0259ncamda qeyd edilir ki, Az\u0259rbaycan musiqi s\u0259n\u0259tinin inki\u015faf\u0131nda xidm\u0259tl\u0259rin\u0259 g\u00f6r\u0259 Yal\u00e7\u0131n Vasif o\u011flu Ad\u0131g\u00f6z\u0259lov &#8220;\u015e\u00f6hr\u0259t&#8221; ordeni il\u0259 t\u0259ltif edilsin.<\/p>\n","protected":false},"author":2,"featured_media":92138,"comment_status":"closed","ping_status":"closed","sticky":false,"template":"","format":"standard","meta":{"om_disable_all_campaigns":false,"_monsterinsights_skip_tracking":false,"_monsterinsights_sitenote_active":false,"_monsterinsights_sitenote_note":"","_monsterinsights_sitenote_category":0},"categories":[4],"tags":[],"aioseo_notices":[],"gutentor_comment":0,"rttpg_featured_image_url":{"full":["https:\/\/arantv.az\/wp-content\/uploads\/2019\/11\/yalcin_adigozelov.jpg",1280,720,false],"landscape":["https:\/\/arantv.az\/wp-content\/uploads\/2019\/11\/yalcin_adigozelov.jpg",1280,720,false],"portraits":["https:\/\/arantv.az\/wp-content\/uploads\/2019\/11\/yalcin_adigozelov.jpg",1280,720,false],"thumbnail":["https:\/\/arantv.az\/wp-content\/uploads\/2019\/11\/yalcin_adigozelov-150x150.jpg",150,150,true],"medium":["https:\/\/arantv.az\/wp-content\/uploads\/2019\/11\/yalcin_adigozelov-300x169.jpg",300,169,true],"large":["https:\/\/arantv.az\/wp-content\/uploads\/2019\/11\/yalcin_adigozelov-1024x576.jpg",640,360,true],"1536x1536":["https:\/\/arantv.az\/wp-content\/uploads\/2019\/11\/yalcin_adigozelov.jpg",1280,720,false],"2048x2048":["https:\/\/arantv.az\/wp-content\/uploads\/2019\/11\/yalcin_adigozelov.jpg",1280,720,false],"post-thumbnail":["https:\/\/arantv.az\/wp-content\/uploads\/2019\/11\/yalcin_adigozelov-240x172.jpg",240,172,true],"advps-thumb-one":["https:\/\/arantv.az\/wp-content\/uploads\/2019\/11\/yalcin_adigozelov-1200x620.jpg",1200,620,true]},"rttpg_author":{"display_name":"V\u00fcsal Rafiqo\u011flu","author_link":"https:\/\/arantv.az\/?author=2"},"rttpg_comment":0,"rttpg_category":"<a href=\"https:\/\/arantv.az\/?cat=4\" rel=\"category\">Siyas\u0259t<\/a>","rttpg_excerpt":"Prezident \u0130lham \u018fliyev Yal\u00e7\u0131n Ad\u0131g\u00f6z\u0259lovun &#8220;\u015e\u00f6hr\u0259t&#8221; ordeni il\u0259 t\u0259ltif edilm\u0259si haqq\u0131nda s\u0259r\u0259ncam imzalay\u0131b. ARANTV.AZ\u00a0AZ\u018fRTAC-a istinad\u0259n bildirir ki, s\u0259r\u0259ncamda qeyd edilir ki, Az\u0259rbaycan musiqi s\u0259n\u0259tinin inki\u015faf\u0131nda xidm\u0259tl\u0259rin\u0259 g\u00f6r\u0259 Yal\u00e7\u0131n Vasif o\u011flu Ad\u0131g\u00f6z\u0259lov &#8220;\u015e\u00f6hr\u0259t&#8221; ordeni il\u0259 t\u0259ltif edilsin.","_links":{"self":[{"href":"https:\/\/arantv.az\/index.php?rest_route=\/wp\/v2\/posts\/92137"}],"collection":[{"href":"https:\/\/arantv.az\/index.php?rest_route=\/wp\/v2\/posts"}],"about":[{"href":"https:\/\/arantv.az\/index.php?rest_route=\/wp\/v2\/types\/post"}],"author":[{"embeddable":true,"href":"https:\/\/arantv.az\/index.php?rest_route=\/wp\/v2\/users\/2"}],"replies":[{"embeddable":true,"href":"https:\/\/arantv.az\/index.php?rest_route=%2Fwp%2Fv2%2Fcomments&post=92137"}],"version-history":[{"count":0,"href":"https:\/\/arantv.az\/index.php?rest_route=\/wp\/v2\/posts\/92137\/revisions"}],"wp:featuredmedia":[{"embeddable":true,"href":"https:\/\/arantv.az\/index.php?rest_route=\/wp\/v2\/media\/92138"}],"wp:attachment":[{"href":"https:\/\/arantv.az\/index.php?rest_route=%2Fwp%2Fv2%2Fmedia&parent=92137"}],"wp:term":[{"taxonomy":"category","embeddable":true,"href":"https:\/\/arantv.az\/index.php?rest_route=%2Fwp%2Fv2%2Fcategories&post=92137"},{"taxonomy":"post_tag","embeddable":true,"href":"https:\/\/arantv.az\/index.php?rest_route=%2Fwp%2Fv2%2Ftags&post=92137"}],"curies":[{"name":"wp","href":"https:\/\/api.w.org\/{rel}","templated":true}]}}