{"id":92141,"date":"2019-11-02T15:23:16","date_gmt":"2019-11-02T12:23:16","guid":{"rendered":"http:\/\/arantv.az\/?p=92141"},"modified":"2019-11-02T15:23:16","modified_gmt":"2019-11-02T12:23:16","slug":"yol-polisind%c9%99n-hava-s%c9%99raitinin-k%c9%99skin-d%c9%99yism%c9%99si-il%c9%99-bagli-x%c9%99b%c9%99rdarliq","status":"publish","type":"post","link":"https:\/\/arantv.az\/?p=92141","title":{"rendered":"Yol polisind\u0259n hava \u015f\u0259raitinin k\u0259skin d\u0259yi\u015fm\u0259si il\u0259 ba\u011fl\u0131 &#8211; X\u018fB\u018fRDARLIQ"},"content":{"rendered":"<p>Ekologiya v\u0259 T\u0259bii S\u0259rv\u0259tl\u0259r Nazirliyinin verdiyi m\u0259lumata \u0259sas\u0259n, bu g\u00fcn g\u00fcn\u00fcn ikinci yar\u0131s\u0131ndan etibar\u0259n \u00f6lk\u0259 \u0259razisind\u0259, x\u00fcsusil\u0259 Ab\u015feron yar\u0131madas\u0131nda hava \u015f\u0259raitinin g\u00fccl\u00fc k\u00fcl\u0259k v\u0259 ya\u011f\u0131\u015fla m\u00fc\u015fahid\u0259 olunan k\u0259skin d\u0259yi\u015fm\u0259si g\u00f6zl\u0259nilir.<\/p>\n<p>Ba\u015f D\u00f6vl\u0259t Yol Polisi \u0130dar\u0259si qeyd olunan hava \u015f\u0259raiti il\u0259 \u0259laq\u0259dar yollarda yarana bil\u0259c\u0259k yol q\u0259zalar\u0131 v\u0259 m\u00fcxt\u0259lif xo\u015fag\u0259lm\u0259z hallar\u0131n qar\u015f\u0131s\u0131n\u0131n al\u0131nmas\u0131 m\u0259qs\u0259dil\u0259 s\u00fcr\u00fcc\u00fcl\u0259rin v\u0259 n\u0259qliyyat vasit\u0259l\u0259rinin sahibl\u0259rinin diqq\u0259tin\u0259 \u00e7atd\u0131r\u0131r ki, yola \u00e7\u0131xmazdan \u0259vv\u0259l ilk n\u00f6vb\u0259d\u0259 n\u0259qliyyat vasit\u0259l\u0259rinin texniki v\u0259ziyy\u0259tin\u0259 bir daha diqq\u0259t yetirsinl\u0259r, a\u015fkar olunan nasazl\u0131qlar\u0131 aradan qald\u0131rs\u0131nlar v\u0259 m\u00fcmk\u00fcn q\u0259d\u0259r g\u00fcn\u00fcn i\u015f\u0131ql\u0131 vaxtlar\u0131nda yola \u00e7\u0131xma\u011fa \u00fcst\u00fcnl\u00fck versinl\u0259r.<\/p>\n<div id=\"AdviadNativeVideo0\" class=\"AdviadNativeVideo\"><\/div>\n<p>Qo\u015fqulu, tentli, uzun \u00f6l\u00e7\u00fcl\u00fc y\u00fck avtomobill\u0259rinin sahibl\u0259ri v\u0259 s\u00fcr\u00fcc\u00fcl\u0259ri daha diqq\u0259tli olmal\u0131, k\u00fcl\u0259kli hava \u015f\u0259raitind\u0259 h\u0259r\u0259k\u0259tin \u00e7\u0259tin v\u0259 t\u0259hl\u00fck\u0259li oldu\u011funu unutmamal\u0131, da\u015f\u0131d\u0131qlar\u0131 y\u00fck\u00fcn qabla\u015fd\u0131r\u0131lmas\u0131na x\u00fcsusi diqq\u0259t yetirm\u0259lidirl\u0259r.<\/p>\n<p>S\u00fcr\u00fcc\u00fcl\u0259r, idar\u0259 etdikl\u0259ri n\u0259qliyyat vasit\u0259l\u0259rinin h\u0259r\u0259k\u0259t s\u00fcr\u0259tini hava \u015f\u0259raitin\u0259 uy\u011fun se\u00e7m\u0259li, su g\u00f6lm\u0259\u00e7\u0259l\u0259ri olduqda s\u00fcr\u0259ti azaltmal\u0131, z\u0259rur\u0259t olmadan \u00f6tm\u0259 \u0259m\u0259liyyat\u0131 aparmamal\u0131, q\u0259fil manevrl\u0259r v\u0259 k\u0259skin tormazlama etm\u0259m\u0259lidirl\u0259r.<\/p>\n<p>S\u00fcr\u00fcc\u00fcl\u00fck t\u0259cr\u00fcb\u0259si az olan \u015f\u0259xsl\u0259rin bel\u0259 hava \u015f\u0259raitind\u0259 n\u0259qliyyat vasit\u0259sini idar\u0259 etm\u0259kd\u0259n \u00e7\u0259kinm\u0259l\u0259ri daha m\u0259qs\u0259d\u0259m\u00fcvafiq olard\u0131.<\/p>\n","protected":false},"excerpt":{"rendered":"<p>Ekologiya v\u0259 T\u0259bii S\u0259rv\u0259tl\u0259r Nazirliyinin verdiyi m\u0259lumata \u0259sas\u0259n, bu g\u00fcn g\u00fcn\u00fcn ikinci yar\u0131s\u0131ndan etibar\u0259n \u00f6lk\u0259 \u0259razisind\u0259, x\u00fcsusil\u0259 Ab\u015feron yar\u0131madas\u0131nda hava \u015f\u0259raitinin g\u00fccl\u00fc k\u00fcl\u0259k v\u0259 ya\u011f\u0131\u015fla m\u00fc\u015fahid\u0259 olunan k\u0259skin d\u0259yi\u015fm\u0259si g\u00f6zl\u0259nilir. Ba\u015f D\u00f6vl\u0259t Yol Polisi \u0130dar\u0259si qeyd olunan hava \u015f\u0259raiti il\u0259 \u0259laq\u0259dar yollarda yarana bil\u0259c\u0259k yol q\u0259zalar\u0131 v\u0259 m\u00fcxt\u0259lif xo\u015fag\u0259lm\u0259z hallar\u0131n qar\u015f\u0131s\u0131n\u0131n al\u0131nmas\u0131 m\u0259qs\u0259dil\u0259 s\u00fcr\u00fcc\u00fcl\u0259rin v\u0259 n\u0259qliyyat vasit\u0259l\u0259rinin sahibl\u0259rinin diqq\u0259tin\u0259 \u00e7atd\u0131r\u0131r ki, yola \u00e7\u0131xmazdan \u0259vv\u0259l ilk n\u00f6vb\u0259d\u0259 n\u0259qliyyat vasit\u0259l\u0259rinin texniki v\u0259ziyy\u0259tin\u0259 bir daha diqq\u0259t yetirsinl\u0259r, a\u015fkar olunan nasazl\u0131qlar\u0131 aradan qald\u0131rs\u0131nlar v\u0259 m\u00fcmk\u00fcn q\u0259d\u0259r g\u00fcn\u00fcn i\u015f\u0131ql\u0131 vaxtlar\u0131nda yola \u00e7\u0131xma\u011fa \u00fcst\u00fcnl\u00fck versinl\u0259r. Qo\u015fqulu,&hellip;<\/p>\n","protected":false},"author":2,"featured_media":92142,"comment_status":"closed","ping_status":"closed","sticky":false,"template":"","format":"standard","meta":{"om_disable_all_campaigns":false,"_monsterinsights_skip_tracking":false,"_monsterinsights_sitenote_active":false,"_monsterinsights_sitenote_note":"","_monsterinsights_sitenote_category":0},"categories":[1],"tags":[],"aioseo_notices":[],"gutentor_comment":0,"rttpg_featured_image_url":{"full":["https:\/\/arantv.az\/wp-content\/uploads\/2019\/11\/yagis-yol.jpg",620,465,false],"landscape":["https:\/\/arantv.az\/wp-content\/uploads\/2019\/11\/yagis-yol.jpg",620,465,false],"portraits":["https:\/\/arantv.az\/wp-content\/uploads\/2019\/11\/yagis-yol.jpg",620,465,false],"thumbnail":["https:\/\/arantv.az\/wp-content\/uploads\/2019\/11\/yagis-yol-150x150.jpg",150,150,true],"medium":["https:\/\/arantv.az\/wp-content\/uploads\/2019\/11\/yagis-yol-300x225.jpg",300,225,true],"large":["https:\/\/arantv.az\/wp-content\/uploads\/2019\/11\/yagis-yol.jpg",620,465,false],"1536x1536":["https:\/\/arantv.az\/wp-content\/uploads\/2019\/11\/yagis-yol.jpg",620,465,false],"2048x2048":["https:\/\/arantv.az\/wp-content\/uploads\/2019\/11\/yagis-yol.jpg",620,465,false],"post-thumbnail":["https:\/\/arantv.az\/wp-content\/uploads\/2019\/11\/yagis-yol-240x172.jpg",240,172,true],"advps-thumb-one":["https:\/\/arantv.az\/wp-content\/uploads\/2019\/11\/yagis-yol.jpg",620,465,false]},"rttpg_author":{"display_name":"V\u00fcsal Rafiqo\u011flu","author_link":"https:\/\/arantv.az\/?author=2"},"rttpg_comment":0,"rttpg_category":"<a href=\"https:\/\/arantv.az\/?cat=1\" rel=\"category\">C\u0259miyy\u0259t<\/a>","rttpg_excerpt":"Ekologiya v\u0259 T\u0259bii S\u0259rv\u0259tl\u0259r Nazirliyinin verdiyi m\u0259lumata \u0259sas\u0259n, bu g\u00fcn g\u00fcn\u00fcn ikinci yar\u0131s\u0131ndan etibar\u0259n \u00f6lk\u0259 \u0259razisind\u0259, x\u00fcsusil\u0259 Ab\u015feron yar\u0131madas\u0131nda hava \u015f\u0259raitinin g\u00fccl\u00fc k\u00fcl\u0259k v\u0259 ya\u011f\u0131\u015fla m\u00fc\u015fahid\u0259 olunan k\u0259skin d\u0259yi\u015fm\u0259si g\u00f6zl\u0259nilir. Ba\u015f D\u00f6vl\u0259t Yol Polisi \u0130dar\u0259si qeyd olunan hava \u015f\u0259raiti il\u0259 \u0259laq\u0259dar yollarda yarana bil\u0259c\u0259k yol q\u0259zalar\u0131 v\u0259 m\u00fcxt\u0259lif xo\u015fag\u0259lm\u0259z hallar\u0131n qar\u015f\u0131s\u0131n\u0131n al\u0131nmas\u0131 m\u0259qs\u0259dil\u0259 s\u00fcr\u00fcc\u00fcl\u0259rin v\u0259&hellip;","_links":{"self":[{"href":"https:\/\/arantv.az\/index.php?rest_route=\/wp\/v2\/posts\/92141"}],"collection":[{"href":"https:\/\/arantv.az\/index.php?rest_route=\/wp\/v2\/posts"}],"about":[{"href":"https:\/\/arantv.az\/index.php?rest_route=\/wp\/v2\/types\/post"}],"author":[{"embeddable":true,"href":"https:\/\/arantv.az\/index.php?rest_route=\/wp\/v2\/users\/2"}],"replies":[{"embeddable":true,"href":"https:\/\/arantv.az\/index.php?rest_route=%2Fwp%2Fv2%2Fcomments&post=92141"}],"version-history":[{"count":0,"href":"https:\/\/arantv.az\/index.php?rest_route=\/wp\/v2\/posts\/92141\/revisions"}],"wp:featuredmedia":[{"embeddable":true,"href":"https:\/\/arantv.az\/index.php?rest_route=\/wp\/v2\/media\/92142"}],"wp:attachment":[{"href":"https:\/\/arantv.az\/index.php?rest_route=%2Fwp%2Fv2%2Fmedia&parent=92141"}],"wp:term":[{"taxonomy":"category","embeddable":true,"href":"https:\/\/arantv.az\/index.php?rest_route=%2Fwp%2Fv2%2Fcategories&post=92141"},{"taxonomy":"post_tag","embeddable":true,"href":"https:\/\/arantv.az\/index.php?rest_route=%2Fwp%2Fv2%2Ftags&post=92141"}],"curies":[{"name":"wp","href":"https:\/\/api.w.org\/{rel}","templated":true}]}}