{"id":92149,"date":"2019-11-02T15:48:00","date_gmt":"2019-11-02T12:48:00","guid":{"rendered":"http:\/\/arantv.az\/?p=92149"},"modified":"2019-11-02T15:48:00","modified_gmt":"2019-11-02T12:48:00","slug":"az%c9%99rbaycanli-alim-beyn%c9%99lxalq-konfransda-onlayn-m%c9%99ruz%c9%99-edib","status":"publish","type":"post","link":"https:\/\/arantv.az\/?p=92149","title":{"rendered":"Az\u0259rbaycanl\u0131 alim beyn\u0259lxalq konfransda onlayn m\u0259ruz\u0259 edib"},"content":{"rendered":"<p>Az\u0259rbaycan D\u00f6vl\u0259t Pedaqoji Universitetinin Quba filial\u0131n\u0131n direktoru dosent Yusif Al\u0131yev qarda\u015f Q\u0131r\u011f\u0131z\u0131stan Respublikas\u0131n\u0131n J. Balasaq\u0131n ad\u0131na Q\u0131r\u011f\u0131z Milli Universitetind\u0259 2 noyabr 2019-cu ild\u0259 t\u0259\u015fkil olunmu\u015f &#8220;T\u0259bi\u0259t v\u0259 riyaziyyat f\u0259nl\u0259rinin m\u0259kt\u0259bl\u0259rd\u0259 v\u0259 universitetd\u0259 t\u0259drisinin aktual probleml\u0259ri&#8221; m\u00f6vzusunda beyn\u0259lxalq elmi konfransa d\u0259v\u0259t al\u0131b. Lakin m\u00fc\u0259yy\u0259n s\u0259b\u0259bl\u0259rd\u0259n beyn\u0259lxalq konfrans\u0131n i\u015fin\u0259 qat\u0131la bilm\u0259y\u0259n dosent Yusif Al\u0131yev konfrans\u0131n t\u0259\u015fkilat komit\u0259sinin s\u0259dri Dr. Ulanbek Mambetakunovun s\u0259yi il\u0259 konfransa onlayn formada qat\u0131laraq \u00f6z m\u0259ruz\u0259sini webnar \u00e7\u0131x\u0131\u015f vasit\u0259sil\u0259 t\u0259qdim etmi\u015fdi.<\/p>\n<p><strong>ARANTV.AZ<\/strong>\u00a0 bildirir ki, aktiv \u015f\u0259kild\u0259 ke\u00e7\u0259n m\u0259ruz\u0259 t\u0259qdimat\u0131n sual-cavab m\u0259rh\u0259l\u0259si d\u0259 maraql\u0131 ke\u00e7mi\u015f sonda m\u0259ruz\u0259y\u0259 g\u00f6r\u0259 onlayn \u015f\u0259kild\u0259 sertifikat da t\u0259qdim olunmu\u015fdur. Filial\u0131n direktoru m\u0259ruz\u0259sind\u0259 konfrans i\u015ftirak\u00e7\u0131lar\u0131na Az\u0259rbaycan t\u0259hsilinin u\u011furlar\u0131ndan, Pedaqoji Universitetd\u0259 kadr haz\u0131rl\u0131\u011f\u0131n\u0131n prioritetl\u0259rind\u0259n s\u00f6z a\u00e7araq qloballa\u015fma \u015f\u0259raitind\u0259 t\u0259bi\u0259t v\u0259 d\u0259qiq elm f\u0259nl\u0259rinin t\u0259drisinin x\u00fcsusi formada quruldu\u011funu qeyd ecib. Dosent Y. Al\u0131yev h\u0259m\u00e7inin Quba filial\u0131n\u0131n beyn\u0259lxalq \u00e7\u0131x\u0131\u015f imkanlar\u0131n\u0131 art\u0131rmaq \u00fc\u00e7\u00fcn Filial\u0131n maddi-texniki bazas\u0131 \u0259sas\u0131nda m\u00fcasir texnologiyalara uy\u011fun yeni beyn\u0259lxalq \u0259laq\u0259li webnar m\u0259rk\u0259zin yarad\u0131lmas\u0131 il\u0259 ba\u011fl\u0131 ciddi i\u015fl\u0259rin g\u00f6r\u00fcld\u00fcy\u00fcn\u00fc d\u0259 s\u00f6yl\u0259y\u0259r\u0259k g\u0259l\u0259c\u0259kd\u0259 Az\u0259rbaycan\u0131n region ali m\u0259kt\u0259bl\u0259rinin d\u0259 beyn\u0259lxalq r\u0259qab\u0259tliliy\u0259 d\u00f6z\u00fcml\u00fc olaca\u011f\u0131n\u0131 qeyd edib.<\/p>\n","protected":false},"excerpt":{"rendered":"<p>Az\u0259rbaycan D\u00f6vl\u0259t Pedaqoji Universitetinin Quba filial\u0131n\u0131n direktoru dosent Yusif Al\u0131yev qarda\u015f Q\u0131r\u011f\u0131z\u0131stan Respublikas\u0131n\u0131n J. Balasaq\u0131n ad\u0131na Q\u0131r\u011f\u0131z Milli Universitetind\u0259 2 noyabr 2019-cu ild\u0259 t\u0259\u015fkil olunmu\u015f &#8220;T\u0259bi\u0259t v\u0259 riyaziyyat f\u0259nl\u0259rinin m\u0259kt\u0259bl\u0259rd\u0259 v\u0259 universitetd\u0259 t\u0259drisinin aktual probleml\u0259ri&#8221; m\u00f6vzusunda beyn\u0259lxalq elmi konfransa d\u0259v\u0259t al\u0131b. Lakin m\u00fc\u0259yy\u0259n s\u0259b\u0259bl\u0259rd\u0259n beyn\u0259lxalq konfrans\u0131n i\u015fin\u0259 qat\u0131la bilm\u0259y\u0259n dosent Yusif Al\u0131yev konfrans\u0131n t\u0259\u015fkilat komit\u0259sinin s\u0259dri Dr. Ulanbek Mambetakunovun s\u0259yi il\u0259 konfransa onlayn formada qat\u0131laraq \u00f6z m\u0259ruz\u0259sini webnar \u00e7\u0131x\u0131\u015f vasit\u0259sil\u0259 t\u0259qdim etmi\u015fdi. ARANTV.AZ\u00a0 bildirir ki, aktiv \u015f\u0259kild\u0259 ke\u00e7\u0259n m\u0259ruz\u0259 t\u0259qdimat\u0131n sual-cavab m\u0259rh\u0259l\u0259si d\u0259 maraql\u0131 ke\u00e7mi\u015f sonda m\u0259ruz\u0259y\u0259 g\u00f6r\u0259 onlayn \u015f\u0259kild\u0259&hellip;<\/p>\n","protected":false},"author":2,"featured_media":92150,"comment_status":"closed","ping_status":"closed","sticky":false,"template":"","format":"standard","meta":{"om_disable_all_campaigns":false,"_monsterinsights_skip_tracking":false,"_monsterinsights_sitenote_active":false,"_monsterinsights_sitenote_note":"","_monsterinsights_sitenote_category":0},"categories":[23],"tags":[],"aioseo_notices":[],"gutentor_comment":0,"rttpg_featured_image_url":{"full":["https:\/\/arantv.az\/wp-content\/uploads\/2019\/11\/yusif_ali_afsar.jpg",800,599,false],"landscape":["https:\/\/arantv.az\/wp-content\/uploads\/2019\/11\/yusif_ali_afsar.jpg",800,599,false],"portraits":["https:\/\/arantv.az\/wp-content\/uploads\/2019\/11\/yusif_ali_afsar.jpg",800,599,false],"thumbnail":["https:\/\/arantv.az\/wp-content\/uploads\/2019\/11\/yusif_ali_afsar-150x150.jpg",150,150,true],"medium":["https:\/\/arantv.az\/wp-content\/uploads\/2019\/11\/yusif_ali_afsar-300x225.jpg",300,225,true],"large":["https:\/\/arantv.az\/wp-content\/uploads\/2019\/11\/yusif_ali_afsar.jpg",640,479,false],"1536x1536":["https:\/\/arantv.az\/wp-content\/uploads\/2019\/11\/yusif_ali_afsar.jpg",800,599,false],"2048x2048":["https:\/\/arantv.az\/wp-content\/uploads\/2019\/11\/yusif_ali_afsar.jpg",800,599,false],"post-thumbnail":["https:\/\/arantv.az\/wp-content\/uploads\/2019\/11\/yusif_ali_afsar-240x172.jpg",240,172,true],"advps-thumb-one":["https:\/\/arantv.az\/wp-content\/uploads\/2019\/11\/yusif_ali_afsar.jpg",800,599,false]},"rttpg_author":{"display_name":"V\u00fcsal Rafiqo\u011flu","author_link":"https:\/\/arantv.az\/?author=2"},"rttpg_comment":0,"rttpg_category":"<a href=\"https:\/\/arantv.az\/?cat=23\" rel=\"category\">T\u0259hsil<\/a>","rttpg_excerpt":"Az\u0259rbaycan D\u00f6vl\u0259t Pedaqoji Universitetinin Quba filial\u0131n\u0131n direktoru dosent Yusif Al\u0131yev qarda\u015f Q\u0131r\u011f\u0131z\u0131stan Respublikas\u0131n\u0131n J. Balasaq\u0131n ad\u0131na Q\u0131r\u011f\u0131z Milli Universitetind\u0259 2 noyabr 2019-cu ild\u0259 t\u0259\u015fkil olunmu\u015f &#8220;T\u0259bi\u0259t v\u0259 riyaziyyat f\u0259nl\u0259rinin m\u0259kt\u0259bl\u0259rd\u0259 v\u0259 universitetd\u0259 t\u0259drisinin aktual probleml\u0259ri&#8221; m\u00f6vzusunda beyn\u0259lxalq elmi konfransa d\u0259v\u0259t al\u0131b. Lakin m\u00fc\u0259yy\u0259n s\u0259b\u0259bl\u0259rd\u0259n beyn\u0259lxalq konfrans\u0131n i\u015fin\u0259 qat\u0131la bilm\u0259y\u0259n dosent Yusif Al\u0131yev konfrans\u0131n t\u0259\u015fkilat komit\u0259sinin&hellip;","_links":{"self":[{"href":"https:\/\/arantv.az\/index.php?rest_route=\/wp\/v2\/posts\/92149"}],"collection":[{"href":"https:\/\/arantv.az\/index.php?rest_route=\/wp\/v2\/posts"}],"about":[{"href":"https:\/\/arantv.az\/index.php?rest_route=\/wp\/v2\/types\/post"}],"author":[{"embeddable":true,"href":"https:\/\/arantv.az\/index.php?rest_route=\/wp\/v2\/users\/2"}],"replies":[{"embeddable":true,"href":"https:\/\/arantv.az\/index.php?rest_route=%2Fwp%2Fv2%2Fcomments&post=92149"}],"version-history":[{"count":0,"href":"https:\/\/arantv.az\/index.php?rest_route=\/wp\/v2\/posts\/92149\/revisions"}],"wp:featuredmedia":[{"embeddable":true,"href":"https:\/\/arantv.az\/index.php?rest_route=\/wp\/v2\/media\/92150"}],"wp:attachment":[{"href":"https:\/\/arantv.az\/index.php?rest_route=%2Fwp%2Fv2%2Fmedia&parent=92149"}],"wp:term":[{"taxonomy":"category","embeddable":true,"href":"https:\/\/arantv.az\/index.php?rest_route=%2Fwp%2Fv2%2Fcategories&post=92149"},{"taxonomy":"post_tag","embeddable":true,"href":"https:\/\/arantv.az\/index.php?rest_route=%2Fwp%2Fv2%2Ftags&post=92149"}],"curies":[{"name":"wp","href":"https:\/\/api.w.org\/{rel}","templated":true}]}}