{"id":92246,"date":"2019-11-04T09:26:42","date_gmt":"2019-11-04T06:26:42","guid":{"rendered":"http:\/\/arantv.az\/?p=92246"},"modified":"2019-11-04T09:26:42","modified_gmt":"2019-11-04T06:26:42","slug":"kisi-akrobatlarimiz-avropa-cempionu-olub","status":"publish","type":"post","link":"https:\/\/arantv.az\/?p=92246","title":{"rendered":"Ki\u015fi akrobatlar\u0131m\u0131z Avropa \u00e7empionu olub"},"content":{"rendered":"<p>\u0130srailin Holon \u015f\u0259h\u0259rind\u0259 akrobatika gimnastikas\u0131 \u00fczr\u0259 XXIX Avropa \u00e7empionat\u0131 ba\u015fa \u00e7at\u0131b.<\/p>\n<p><strong>ARANTV.AZ\u00a0<\/strong>\u00a0x\u0259b\u0259r verir ki, yar\u0131\u015flar\u0131n son g\u00fcn\u00fc t\u0259msil\u00e7il\u0259rimiz Az\u0259rbaycan gimnastikas\u0131 tarixind\u0259 ilk d\u0259f\u0259 olaraq Avropa \u00e7empionat\u0131n\u0131n g\u0259ncl\u0259r ya\u015f qrupunda q\u0131z\u0131l medal\u0131n\u0131 qazanma\u011fa nail olub.<\/p>\n<p>Ki\u015fi c\u00fctl\u00fcy\u00fc t\u0259rkibind\u0259 \u00e7\u0131x\u0131\u015f ed\u0259n Murad R\u0259fiyev v\u0259 Daniel Abbasov\u00a0b\u00fct\u00fcn r\u0259qibl\u0259rini gerid\u0259 qoyaraq, temp h\u0259r\u0259k\u0259tl\u0259rinin final\u0131nda 28.260\u00a0xalla Avropa \u00e7empionu ad\u0131na layiq g\u00f6r\u00fcl\u00fcb.<\/p>\n<div id=\"AdviadNativeVideo0\" class=\"AdviadNativeVideo\"><\/div>\n<p>Bununla da gimnastlar tam bir medal d\u0259stini \u0259ld\u0259 edib. Daha \u00f6nc\u0259 onlar balans h\u0259r\u0259k\u0259tl\u0259rin\u0259 g\u00f6r\u0259 b\u00fcr\u00fcnc, \u00e7oxn\u00f6v\u00e7\u00fcl\u00fckd\u0259 is\u0259 g\u00fcm\u00fc\u015f medal qazan\u0131b.<\/p>\n<p>Daha bir medal\u0131 b\u00f6y\u00fckl\u0259r aras\u0131nda \u00e7\u0131x\u0131\u015f ed\u0259n Abdulla \u018fl-M\u0259\u015fayxi v\u0259 Ruhidil Qurbanl\u0131dan ibar\u0259t qar\u0131\u015f\u0131q c\u00fctl\u00fck \u0259ld\u0259 edib. Gimnastlar temp h\u0259r\u0259k\u0259tl\u0259rinin final m\u0259rh\u0259l\u0259sind\u0259 28.680 xalla b\u00fcr\u00fcnc medala layiq g\u00f6r\u00fcl\u00fcb. Son Avropa Oyunlar\u0131n\u0131n m\u00fckafat\u00e7\u0131lar\u0131 yar\u0131\u015f\u0131n ikinci g\u00fcn\u00fc balans h\u0259r\u0259k\u0259tl\u0259rin\u0259 g\u00f6r\u0259 b\u00fcr\u00fcnc medal qazan\u0131blar, \u00e7oxn\u00f6v\u00e7\u00fcl\u00fckd\u0259 is\u0259 onlar be\u015finci olublar.<\/p>\n<p>B\u00f6y\u00fckl\u0259rin yar\u0131\u015f\u0131nda ki\u015fi c\u00fctl\u00fcy\u00fc t\u0259rkibind\u0259 m\u00fcbariz\u0259 aparan Seymur C\u0259f\u0259rov v\u0259 Murad \u018fkb\u0259rov is\u0259 medal\u0131n bir add\u0131ml\u0131\u011f\u0131nda dayan\u0131b. Balans h\u0259r\u0259k\u0259tl\u0259rinin final\u0131nda 28.550 xal alan gimnastlar\u0131m\u0131z d\u00f6rd\u00fcnc\u00fc yerd\u0259 q\u0259rarla\u015f\u0131b. \u00c7\u00f6xn\u00f6v\u00e7\u00fcl\u00fckd\u0259 onlar be\u015finci, temp h\u0259r\u0259k\u0259tl\u0259rinin final\u0131nda is\u0259 alt\u0131nc\u0131 olub.oxu.az<\/p>\n","protected":false},"excerpt":{"rendered":"<p>\u0130srailin Holon \u015f\u0259h\u0259rind\u0259 akrobatika gimnastikas\u0131 \u00fczr\u0259 XXIX Avropa \u00e7empionat\u0131 ba\u015fa \u00e7at\u0131b. ARANTV.AZ\u00a0\u00a0x\u0259b\u0259r verir ki, yar\u0131\u015flar\u0131n son g\u00fcn\u00fc t\u0259msil\u00e7il\u0259rimiz Az\u0259rbaycan gimnastikas\u0131 tarixind\u0259 ilk d\u0259f\u0259 olaraq Avropa \u00e7empionat\u0131n\u0131n g\u0259ncl\u0259r ya\u015f qrupunda q\u0131z\u0131l medal\u0131n\u0131 qazanma\u011fa nail olub. Ki\u015fi c\u00fctl\u00fcy\u00fc t\u0259rkibind\u0259 \u00e7\u0131x\u0131\u015f ed\u0259n Murad R\u0259fiyev v\u0259 Daniel Abbasov\u00a0b\u00fct\u00fcn r\u0259qibl\u0259rini gerid\u0259 qoyaraq, temp h\u0259r\u0259k\u0259tl\u0259rinin final\u0131nda 28.260\u00a0xalla Avropa \u00e7empionu ad\u0131na layiq g\u00f6r\u00fcl\u00fcb. Bununla da gimnastlar tam bir medal d\u0259stini \u0259ld\u0259 edib. Daha \u00f6nc\u0259 onlar balans h\u0259r\u0259k\u0259tl\u0259rin\u0259 g\u00f6r\u0259 b\u00fcr\u00fcnc, \u00e7oxn\u00f6v\u00e7\u00fcl\u00fckd\u0259 is\u0259 g\u00fcm\u00fc\u015f medal qazan\u0131b. Daha bir medal\u0131 b\u00f6y\u00fckl\u0259r aras\u0131nda \u00e7\u0131x\u0131\u015f ed\u0259n Abdulla \u018fl-M\u0259\u015fayxi v\u0259 Ruhidil Qurbanl\u0131dan ibar\u0259t&hellip;<\/p>\n","protected":false},"author":2,"featured_media":92247,"comment_status":"closed","ping_status":"closed","sticky":false,"template":"","format":"standard","meta":{"om_disable_all_campaigns":false,"_monsterinsights_skip_tracking":false,"_monsterinsights_sitenote_active":false,"_monsterinsights_sitenote_note":"","_monsterinsights_sitenote_category":0},"categories":[6],"tags":[],"aioseo_notices":[],"gutentor_comment":0,"rttpg_featured_image_url":{"full":["https:\/\/arantv.az\/wp-content\/uploads\/2019\/11\/thumb20191103282636302.jpg",620,310,false],"landscape":["https:\/\/arantv.az\/wp-content\/uploads\/2019\/11\/thumb20191103282636302.jpg",620,310,false],"portraits":["https:\/\/arantv.az\/wp-content\/uploads\/2019\/11\/thumb20191103282636302.jpg",620,310,false],"thumbnail":["https:\/\/arantv.az\/wp-content\/uploads\/2019\/11\/thumb20191103282636302-150x150.jpg",150,150,true],"medium":["https:\/\/arantv.az\/wp-content\/uploads\/2019\/11\/thumb20191103282636302-300x150.jpg",300,150,true],"large":["https:\/\/arantv.az\/wp-content\/uploads\/2019\/11\/thumb20191103282636302.jpg",620,310,false],"1536x1536":["https:\/\/arantv.az\/wp-content\/uploads\/2019\/11\/thumb20191103282636302.jpg",620,310,false],"2048x2048":["https:\/\/arantv.az\/wp-content\/uploads\/2019\/11\/thumb20191103282636302.jpg",620,310,false],"post-thumbnail":["https:\/\/arantv.az\/wp-content\/uploads\/2019\/11\/thumb20191103282636302-240x172.jpg",240,172,true],"advps-thumb-one":["https:\/\/arantv.az\/wp-content\/uploads\/2019\/11\/thumb20191103282636302.jpg",620,310,false]},"rttpg_author":{"display_name":"V\u00fcsal Rafiqo\u011flu","author_link":"https:\/\/arantv.az\/?author=2"},"rttpg_comment":0,"rttpg_category":"<a href=\"https:\/\/arantv.az\/?cat=6\" rel=\"category\">\u0130dman<\/a>","rttpg_excerpt":"\u0130srailin Holon \u015f\u0259h\u0259rind\u0259 akrobatika gimnastikas\u0131 \u00fczr\u0259 XXIX Avropa \u00e7empionat\u0131 ba\u015fa \u00e7at\u0131b. ARANTV.AZ\u00a0\u00a0x\u0259b\u0259r verir ki, yar\u0131\u015flar\u0131n son g\u00fcn\u00fc t\u0259msil\u00e7il\u0259rimiz Az\u0259rbaycan gimnastikas\u0131 tarixind\u0259 ilk d\u0259f\u0259 olaraq Avropa \u00e7empionat\u0131n\u0131n g\u0259ncl\u0259r ya\u015f qrupunda q\u0131z\u0131l medal\u0131n\u0131 qazanma\u011fa nail olub. Ki\u015fi c\u00fctl\u00fcy\u00fc t\u0259rkibind\u0259 \u00e7\u0131x\u0131\u015f ed\u0259n Murad R\u0259fiyev v\u0259 Daniel Abbasov\u00a0b\u00fct\u00fcn r\u0259qibl\u0259rini gerid\u0259 qoyaraq, temp h\u0259r\u0259k\u0259tl\u0259rinin final\u0131nda 28.260\u00a0xalla Avropa \u00e7empionu ad\u0131na layiq&hellip;","_links":{"self":[{"href":"https:\/\/arantv.az\/index.php?rest_route=\/wp\/v2\/posts\/92246"}],"collection":[{"href":"https:\/\/arantv.az\/index.php?rest_route=\/wp\/v2\/posts"}],"about":[{"href":"https:\/\/arantv.az\/index.php?rest_route=\/wp\/v2\/types\/post"}],"author":[{"embeddable":true,"href":"https:\/\/arantv.az\/index.php?rest_route=\/wp\/v2\/users\/2"}],"replies":[{"embeddable":true,"href":"https:\/\/arantv.az\/index.php?rest_route=%2Fwp%2Fv2%2Fcomments&post=92246"}],"version-history":[{"count":0,"href":"https:\/\/arantv.az\/index.php?rest_route=\/wp\/v2\/posts\/92246\/revisions"}],"wp:featuredmedia":[{"embeddable":true,"href":"https:\/\/arantv.az\/index.php?rest_route=\/wp\/v2\/media\/92247"}],"wp:attachment":[{"href":"https:\/\/arantv.az\/index.php?rest_route=%2Fwp%2Fv2%2Fmedia&parent=92246"}],"wp:term":[{"taxonomy":"category","embeddable":true,"href":"https:\/\/arantv.az\/index.php?rest_route=%2Fwp%2Fv2%2Fcategories&post=92246"},{"taxonomy":"post_tag","embeddable":true,"href":"https:\/\/arantv.az\/index.php?rest_route=%2Fwp%2Fv2%2Ftags&post=92246"}],"curies":[{"name":"wp","href":"https:\/\/api.w.org\/{rel}","templated":true}]}}