{"id":92250,"date":"2019-11-04T09:28:05","date_gmt":"2019-11-04T06:28:05","guid":{"rendered":"http:\/\/arantv.az\/?p=92250"},"modified":"2019-11-04T09:28:05","modified_gmt":"2019-11-04T06:28:05","slug":"yevlaxda-jiquli-camisa-cirpildi-heyvan-oldu-s%c9%99rnisinl%c9%99r-yaralandilar","status":"publish","type":"post","link":"https:\/\/arantv.az\/?p=92250","title":{"rendered":"Yevlaxda \u201cJiquli\u201d cam\u0131\u015fa \u00e7\u0131rp\u0131ld\u0131: heyvan \u00f6ld\u00fc, s\u0259rni\u015finl\u0259r yaraland\u0131lar"},"content":{"rendered":"<p><strong>Yevlax rayonunda iki n\u0259f\u0259rin x\u0259sar\u0259t almas\u0131 il\u0259 n\u0259tic\u0259l\u0259n\u0259n yol-n\u0259qliyyat hadis\u0259si ba\u015f verib.<\/strong><\/p>\n<p><strong>ARANTV.AZ<\/strong> oxu.az- a istinad\u0259n x\u0259b\u0259r verir ki, hadis\u0259 Yevlax\u0131n Tanr\u0131qullar k\u0259ndi \u0259razisind\u0259 qeyd\u0259 al\u0131n\u0131b.<\/p>\n<p>&#8220;VAZ-2106&#8221; markal\u0131 avtomobil q\u0259fil qar\u015f\u0131s\u0131na \u00e7\u0131xan cam\u0131\u015f\u0131 vurub. Yolda h\u0259r\u0259k\u0259td\u0259 olan dig\u0259r minik ma\u015f\u0131n\u0131 da heyvana \u00e7\u0131rp\u0131l\u0131b.<\/p>\n<p>Q\u0259za zaman\u0131 &#8220;VAZ-2106&#8243;da olan 2 n\u0259f\u0259r m\u00fcxt\u0259lif d\u0259r\u0259c\u0259li b\u0259d\u0259n x\u0259sar\u0259tl\u0259ri alaraq Ming\u0259\u00e7evir x\u0259st\u0259xanas\u0131na yerl\u0259\u015fdirilib. Q\u0259za zaman\u0131 a\u011f\u0131r x\u0259sar\u0259t alan iri buynuzlu heyvan \u00f6l\u00fcb.<\/p>\n<p>Faktla ba\u011fl\u0131 ara\u015fd\u0131rma apar\u0131l\u0131r.<\/p>\n","protected":false},"excerpt":{"rendered":"<p>Yevlax rayonunda iki n\u0259f\u0259rin x\u0259sar\u0259t almas\u0131 il\u0259 n\u0259tic\u0259l\u0259n\u0259n yol-n\u0259qliyyat hadis\u0259si ba\u015f verib. ARANTV.AZ oxu.az- a istinad\u0259n x\u0259b\u0259r verir ki, hadis\u0259 Yevlax\u0131n Tanr\u0131qullar k\u0259ndi \u0259razisind\u0259 qeyd\u0259 al\u0131n\u0131b. &#8220;VAZ-2106&#8221; markal\u0131 avtomobil q\u0259fil qar\u015f\u0131s\u0131na \u00e7\u0131xan cam\u0131\u015f\u0131 vurub. Yolda h\u0259r\u0259k\u0259td\u0259 olan dig\u0259r minik ma\u015f\u0131n\u0131 da heyvana \u00e7\u0131rp\u0131l\u0131b. Q\u0259za zaman\u0131 &#8220;VAZ-2106&#8243;da olan 2 n\u0259f\u0259r m\u00fcxt\u0259lif d\u0259r\u0259c\u0259li b\u0259d\u0259n x\u0259sar\u0259tl\u0259ri alaraq Ming\u0259\u00e7evir x\u0259st\u0259xanas\u0131na yerl\u0259\u015fdirilib. Q\u0259za zaman\u0131 a\u011f\u0131r x\u0259sar\u0259t alan iri buynuzlu heyvan \u00f6l\u00fcb. Faktla ba\u011fl\u0131 ara\u015fd\u0131rma apar\u0131l\u0131r.<\/p>\n","protected":false},"author":2,"featured_media":92251,"comment_status":"closed","ping_status":"closed","sticky":false,"template":"","format":"standard","meta":{"om_disable_all_campaigns":false,"_monsterinsights_skip_tracking":false,"_monsterinsights_sitenote_active":false,"_monsterinsights_sitenote_note":"","_monsterinsights_sitenote_category":0},"categories":[5],"tags":[],"aioseo_notices":[],"gutentor_comment":0,"rttpg_featured_image_url":{"full":["https:\/\/arantv.az\/wp-content\/uploads\/2019\/11\/799482.jpg",800,600,false],"landscape":["https:\/\/arantv.az\/wp-content\/uploads\/2019\/11\/799482.jpg",800,600,false],"portraits":["https:\/\/arantv.az\/wp-content\/uploads\/2019\/11\/799482.jpg",800,600,false],"thumbnail":["https:\/\/arantv.az\/wp-content\/uploads\/2019\/11\/799482-150x150.jpg",150,150,true],"medium":["https:\/\/arantv.az\/wp-content\/uploads\/2019\/11\/799482-300x225.jpg",300,225,true],"large":["https:\/\/arantv.az\/wp-content\/uploads\/2019\/11\/799482.jpg",640,480,false],"1536x1536":["https:\/\/arantv.az\/wp-content\/uploads\/2019\/11\/799482.jpg",800,600,false],"2048x2048":["https:\/\/arantv.az\/wp-content\/uploads\/2019\/11\/799482.jpg",800,600,false],"post-thumbnail":["https:\/\/arantv.az\/wp-content\/uploads\/2019\/11\/799482-240x172.jpg",240,172,true],"advps-thumb-one":["https:\/\/arantv.az\/wp-content\/uploads\/2019\/11\/799482.jpg",800,600,false]},"rttpg_author":{"display_name":"V\u00fcsal Rafiqo\u011flu","author_link":"https:\/\/arantv.az\/?author=2"},"rttpg_comment":0,"rttpg_category":"<a href=\"https:\/\/arantv.az\/?cat=5\" rel=\"category\">Hadis\u0259<\/a>","rttpg_excerpt":"Yevlax rayonunda iki n\u0259f\u0259rin x\u0259sar\u0259t almas\u0131 il\u0259 n\u0259tic\u0259l\u0259n\u0259n yol-n\u0259qliyyat hadis\u0259si ba\u015f verib. ARANTV.AZ oxu.az- a istinad\u0259n x\u0259b\u0259r verir ki, hadis\u0259 Yevlax\u0131n Tanr\u0131qullar k\u0259ndi \u0259razisind\u0259 qeyd\u0259 al\u0131n\u0131b. &#8220;VAZ-2106&#8221; markal\u0131 avtomobil q\u0259fil qar\u015f\u0131s\u0131na \u00e7\u0131xan cam\u0131\u015f\u0131 vurub. Yolda h\u0259r\u0259k\u0259td\u0259 olan dig\u0259r minik ma\u015f\u0131n\u0131 da heyvana \u00e7\u0131rp\u0131l\u0131b. Q\u0259za zaman\u0131 &#8220;VAZ-2106&#8243;da olan 2 n\u0259f\u0259r m\u00fcxt\u0259lif d\u0259r\u0259c\u0259li b\u0259d\u0259n x\u0259sar\u0259tl\u0259ri alaraq Ming\u0259\u00e7evir&hellip;","_links":{"self":[{"href":"https:\/\/arantv.az\/index.php?rest_route=\/wp\/v2\/posts\/92250"}],"collection":[{"href":"https:\/\/arantv.az\/index.php?rest_route=\/wp\/v2\/posts"}],"about":[{"href":"https:\/\/arantv.az\/index.php?rest_route=\/wp\/v2\/types\/post"}],"author":[{"embeddable":true,"href":"https:\/\/arantv.az\/index.php?rest_route=\/wp\/v2\/users\/2"}],"replies":[{"embeddable":true,"href":"https:\/\/arantv.az\/index.php?rest_route=%2Fwp%2Fv2%2Fcomments&post=92250"}],"version-history":[{"count":0,"href":"https:\/\/arantv.az\/index.php?rest_route=\/wp\/v2\/posts\/92250\/revisions"}],"wp:featuredmedia":[{"embeddable":true,"href":"https:\/\/arantv.az\/index.php?rest_route=\/wp\/v2\/media\/92251"}],"wp:attachment":[{"href":"https:\/\/arantv.az\/index.php?rest_route=%2Fwp%2Fv2%2Fmedia&parent=92250"}],"wp:term":[{"taxonomy":"category","embeddable":true,"href":"https:\/\/arantv.az\/index.php?rest_route=%2Fwp%2Fv2%2Fcategories&post=92250"},{"taxonomy":"post_tag","embeddable":true,"href":"https:\/\/arantv.az\/index.php?rest_route=%2Fwp%2Fv2%2Ftags&post=92250"}],"curies":[{"name":"wp","href":"https:\/\/api.w.org\/{rel}","templated":true}]}}