{"id":92282,"date":"2019-11-04T09:56:29","date_gmt":"2019-11-04T06:56:29","guid":{"rendered":"http:\/\/arantv.az\/?p=92282"},"modified":"2019-11-04T09:56:29","modified_gmt":"2019-11-04T06:56:29","slug":"vilay%c9%99t-eyvazov-mir%c9%99liyev%c9%99-yuks%c9%99k-v%c9%99zif%c9%99-verdi","status":"publish","type":"post","link":"https:\/\/arantv.az\/?p=92282","title":{"rendered":"Vilay\u0259t Eyvazov Mir\u0259liyev\u0259 y\u00fcks\u0259k V\u018fZ\u0130F\u018f VERD\u0130"},"content":{"rendered":"<p>Daxili \u0130\u015fl\u0259r orqanlar\u0131nda n\u00f6vb\u0259ti t\u0259yinat al\u0131b.<\/p>\n<p><b>ARANTV.AZ<\/b>-\u0131n m\u0259lumat\u0131na g\u00f6r\u0259, Daxili \u0130\u015fl\u0259r naziri, general-polkovnik Vilay\u0259t Eyvazovun \u0259mri il\u0259, polis polkovniki Mir\u0259ziz Mirqas\u0131m o\u011flu Mir\u0259liyev Daxili \u0130\u015fl\u0259r Nazirliyinin (D\u0130N) N\u00f6vb\u0259t\u00e7i Hiss\u0259l\u0259ri \u0130dar\u0259etm\u0259 Xidm\u0259tinin r\u0259isi t\u0259yin olunub.<\/p>\n<div><\/div>\n<p>X\u0259b\u0259ri Daxili \u0130\u015fl\u0259r Nazirliyind\u0259n Unikal.org-a t\u0259sdiql\u0259yibl\u0259r.<\/p>\n<p>Qeyd ed\u0259k ki, Nazirliyin idar\u0259 s\u0259lahiyy\u0259tli N\u00f6vb\u0259t\u00e7i Hiss\u0259l\u0259ri \u0130dar\u0259etm\u0259 Xidm\u0259tin\u0259 n\u00f6vb\u0259t\u00e7i hiss\u0259l\u0259r, &#8220;102&#8221; Xidm\u0259ti-Z\u0259ng M\u0259rk\u0259zi v\u0259 T\u0259hl\u00fck\u0259siz \u015e\u0259h\u0259r Xidm\u0259ti daxildir.Sonxeber.az<\/p>\n","protected":false},"excerpt":{"rendered":"<p>Daxili \u0130\u015fl\u0259r orqanlar\u0131nda n\u00f6vb\u0259ti t\u0259yinat al\u0131b. ARANTV.AZ-\u0131n m\u0259lumat\u0131na g\u00f6r\u0259, Daxili \u0130\u015fl\u0259r naziri, general-polkovnik Vilay\u0259t Eyvazovun \u0259mri il\u0259, polis polkovniki Mir\u0259ziz Mirqas\u0131m o\u011flu Mir\u0259liyev Daxili \u0130\u015fl\u0259r Nazirliyinin (D\u0130N) N\u00f6vb\u0259t\u00e7i Hiss\u0259l\u0259ri \u0130dar\u0259etm\u0259 Xidm\u0259tinin r\u0259isi t\u0259yin olunub. X\u0259b\u0259ri Daxili \u0130\u015fl\u0259r Nazirliyind\u0259n Unikal.org-a t\u0259sdiql\u0259yibl\u0259r. Qeyd ed\u0259k ki, Nazirliyin idar\u0259 s\u0259lahiyy\u0259tli N\u00f6vb\u0259t\u00e7i Hiss\u0259l\u0259ri \u0130dar\u0259etm\u0259 Xidm\u0259tin\u0259 n\u00f6vb\u0259t\u00e7i hiss\u0259l\u0259r, &#8220;102&#8221; Xidm\u0259ti-Z\u0259ng M\u0259rk\u0259zi v\u0259 T\u0259hl\u00fck\u0259siz \u015e\u0259h\u0259r Xidm\u0259ti daxildir.Sonxeber.az<\/p>\n","protected":false},"author":2,"featured_media":92283,"comment_status":"closed","ping_status":"closed","sticky":false,"template":"","format":"standard","meta":{"om_disable_all_campaigns":false,"_monsterinsights_skip_tracking":false,"_monsterinsights_sitenote_active":false,"_monsterinsights_sitenote_note":"","_monsterinsights_sitenote_category":0},"categories":[1],"tags":[],"aioseo_notices":[],"gutentor_comment":0,"rttpg_featured_image_url":{"full":["https:\/\/arantv.az\/wp-content\/uploads\/2019\/11\/15728498221566924570.vilayet-eyvazov-55.jpg",549,366,false],"landscape":["https:\/\/arantv.az\/wp-content\/uploads\/2019\/11\/15728498221566924570.vilayet-eyvazov-55.jpg",549,366,false],"portraits":["https:\/\/arantv.az\/wp-content\/uploads\/2019\/11\/15728498221566924570.vilayet-eyvazov-55.jpg",549,366,false],"thumbnail":["https:\/\/arantv.az\/wp-content\/uploads\/2019\/11\/15728498221566924570.vilayet-eyvazov-55-150x150.jpg",150,150,true],"medium":["https:\/\/arantv.az\/wp-content\/uploads\/2019\/11\/15728498221566924570.vilayet-eyvazov-55-300x200.jpg",300,200,true],"large":["https:\/\/arantv.az\/wp-content\/uploads\/2019\/11\/15728498221566924570.vilayet-eyvazov-55.jpg",549,366,false],"1536x1536":["https:\/\/arantv.az\/wp-content\/uploads\/2019\/11\/15728498221566924570.vilayet-eyvazov-55.jpg",549,366,false],"2048x2048":["https:\/\/arantv.az\/wp-content\/uploads\/2019\/11\/15728498221566924570.vilayet-eyvazov-55.jpg",549,366,false],"post-thumbnail":["https:\/\/arantv.az\/wp-content\/uploads\/2019\/11\/15728498221566924570.vilayet-eyvazov-55-240x172.jpg",240,172,true],"advps-thumb-one":["https:\/\/arantv.az\/wp-content\/uploads\/2019\/11\/15728498221566924570.vilayet-eyvazov-55.jpg",549,366,false]},"rttpg_author":{"display_name":"V\u00fcsal Rafiqo\u011flu","author_link":"https:\/\/arantv.az\/?author=2"},"rttpg_comment":0,"rttpg_category":"<a href=\"https:\/\/arantv.az\/?cat=1\" rel=\"category\">C\u0259miyy\u0259t<\/a>","rttpg_excerpt":"Daxili \u0130\u015fl\u0259r orqanlar\u0131nda n\u00f6vb\u0259ti t\u0259yinat al\u0131b. ARANTV.AZ-\u0131n m\u0259lumat\u0131na g\u00f6r\u0259, Daxili \u0130\u015fl\u0259r naziri, general-polkovnik Vilay\u0259t Eyvazovun \u0259mri il\u0259, polis polkovniki Mir\u0259ziz Mirqas\u0131m o\u011flu Mir\u0259liyev Daxili \u0130\u015fl\u0259r Nazirliyinin (D\u0130N) N\u00f6vb\u0259t\u00e7i Hiss\u0259l\u0259ri \u0130dar\u0259etm\u0259 Xidm\u0259tinin r\u0259isi t\u0259yin olunub. X\u0259b\u0259ri Daxili \u0130\u015fl\u0259r Nazirliyind\u0259n Unikal.org-a t\u0259sdiql\u0259yibl\u0259r. Qeyd ed\u0259k ki, Nazirliyin idar\u0259 s\u0259lahiyy\u0259tli N\u00f6vb\u0259t\u00e7i Hiss\u0259l\u0259ri \u0130dar\u0259etm\u0259 Xidm\u0259tin\u0259 n\u00f6vb\u0259t\u00e7i hiss\u0259l\u0259r, &#8220;102&#8221; Xidm\u0259ti-Z\u0259ng M\u0259rk\u0259zi&hellip;","_links":{"self":[{"href":"https:\/\/arantv.az\/index.php?rest_route=\/wp\/v2\/posts\/92282"}],"collection":[{"href":"https:\/\/arantv.az\/index.php?rest_route=\/wp\/v2\/posts"}],"about":[{"href":"https:\/\/arantv.az\/index.php?rest_route=\/wp\/v2\/types\/post"}],"author":[{"embeddable":true,"href":"https:\/\/arantv.az\/index.php?rest_route=\/wp\/v2\/users\/2"}],"replies":[{"embeddable":true,"href":"https:\/\/arantv.az\/index.php?rest_route=%2Fwp%2Fv2%2Fcomments&post=92282"}],"version-history":[{"count":0,"href":"https:\/\/arantv.az\/index.php?rest_route=\/wp\/v2\/posts\/92282\/revisions"}],"wp:featuredmedia":[{"embeddable":true,"href":"https:\/\/arantv.az\/index.php?rest_route=\/wp\/v2\/media\/92283"}],"wp:attachment":[{"href":"https:\/\/arantv.az\/index.php?rest_route=%2Fwp%2Fv2%2Fmedia&parent=92282"}],"wp:term":[{"taxonomy":"category","embeddable":true,"href":"https:\/\/arantv.az\/index.php?rest_route=%2Fwp%2Fv2%2Fcategories&post=92282"},{"taxonomy":"post_tag","embeddable":true,"href":"https:\/\/arantv.az\/index.php?rest_route=%2Fwp%2Fv2%2Ftags&post=92282"}],"curies":[{"name":"wp","href":"https:\/\/api.w.org\/{rel}","templated":true}]}}