{"id":92286,"date":"2019-11-04T09:57:14","date_gmt":"2019-11-04T06:57:14","guid":{"rendered":"http:\/\/arantv.az\/?p=92286"},"modified":"2019-11-04T09:57:14","modified_gmt":"2019-11-04T06:57:14","slug":"sumqayitda-avtomobil-45-yasli-qadini-vuraraq-oldurdu","status":"publish","type":"post","link":"https:\/\/arantv.az\/?p=92286","title":{"rendered":"Sumqay\u0131tda avtomobil 45 ya\u015fl\u0131 qad\u0131n\u0131 vuraraq \u00f6ld\u00fcrd\u00fc"},"content":{"rendered":"<p>Faktla ba\u011fl\u0131 cinay\u0259t i\u015fi ba\u015flan\u0131l\u0131b<\/p>\n<p><b>ARANTV.AZ\u00a0<\/b>\u00a0AzNews.az-s istinad\u0259n x\u0259b\u0259r verir ki, Sumqay\u0131tda piyadan\u0131n \u00f6l\u00fcm\u00fc il\u0259 n\u0259tic\u0259l\u0259n\u0259n yol q\u0259zas\u0131 ba\u015f verib.<\/p>\n<div><\/div>\n<p>Hadis\u0259 noyabr\u0131n 3-d\u0259 Sumqay\u0131t \u015f\u0259h\u0259rinin Sahil k\u00fc\u00e7\u0259si il\u0259 Novxan\u0131 q\u0259s\u0259b\u0259si istiqam\u0259tind\u0259 olan yolda qeyd\u0259 al\u0131n\u0131b.<\/p>\n<p>Bel\u0259 ki, T\u0259rlan \u018fliyev &#8220;Mercedes Benz&#8221; markal\u0131 avtomobili il\u0259 h\u0259r\u0259k\u0259td\u0259 olan zaman yolu ke\u00e7\u0259n piyada &#8211; 1979-cu il t\u0259v\u0259ll\u00fcdl\u00fc H\u0259c\u0259r \u015e\u0259biyevan\u0131 vurub. Yaral\u0131 x\u0259st\u0259xanada d\u00fcnyas\u0131n\u0131 d\u0259yi\u015fib.<\/p>\n<p>Faktla ba\u011fl\u0131 Sumqay\u0131t \u015e\u0259h\u0259r Polis \u0130dar\u0259sinin \u0130stintaq \u015e\u00f6b\u0259sind\u0259 Cinay\u0259t M\u0259c\u0259ll\u0259sinin 263.2-ci (Yol h\u0259r\u0259k\u0259ti v\u0259 n\u0259qliyyat vasit\u0259l\u0259rinin istismar\u0131 qaydalar\u0131n\u0131 pozma, Bu M\u0259c\u0259ll\u0259nin 263.1-ci madd\u0259sind\u0259 n\u0259z\u0259rd\u0259 tutulmu\u015f \u0259m\u0259ll\u0259r ehtiyats\u0131zl\u0131qdan z\u0259r\u0259r\u00e7\u0259kmi\u015f \u015f\u0259xsin \u00f6l\u00fcm\u00fcn\u0259 s\u0259b\u0259b olduqda) madd\u0259si il\u0259 cinay\u0259t i\u015fi ba\u015flan\u0131l\u0131b.<\/p>\n","protected":false},"excerpt":{"rendered":"<p>Faktla ba\u011fl\u0131 cinay\u0259t i\u015fi ba\u015flan\u0131l\u0131b ARANTV.AZ\u00a0\u00a0AzNews.az-s istinad\u0259n x\u0259b\u0259r verir ki, Sumqay\u0131tda piyadan\u0131n \u00f6l\u00fcm\u00fc il\u0259 n\u0259tic\u0259l\u0259n\u0259n yol q\u0259zas\u0131 ba\u015f verib. Hadis\u0259 noyabr\u0131n 3-d\u0259 Sumqay\u0131t \u015f\u0259h\u0259rinin Sahil k\u00fc\u00e7\u0259si il\u0259 Novxan\u0131 q\u0259s\u0259b\u0259si istiqam\u0259tind\u0259 olan yolda qeyd\u0259 al\u0131n\u0131b. Bel\u0259 ki, T\u0259rlan \u018fliyev &#8220;Mercedes Benz&#8221; markal\u0131 avtomobili il\u0259 h\u0259r\u0259k\u0259td\u0259 olan zaman yolu ke\u00e7\u0259n piyada &#8211; 1979-cu il t\u0259v\u0259ll\u00fcdl\u00fc H\u0259c\u0259r \u015e\u0259biyevan\u0131 vurub. Yaral\u0131 x\u0259st\u0259xanada d\u00fcnyas\u0131n\u0131 d\u0259yi\u015fib. Faktla ba\u011fl\u0131 Sumqay\u0131t \u015e\u0259h\u0259r Polis \u0130dar\u0259sinin \u0130stintaq \u015e\u00f6b\u0259sind\u0259 Cinay\u0259t M\u0259c\u0259ll\u0259sinin 263.2-ci (Yol h\u0259r\u0259k\u0259ti v\u0259 n\u0259qliyyat vasit\u0259l\u0259rinin istismar\u0131 qaydalar\u0131n\u0131 pozma, Bu M\u0259c\u0259ll\u0259nin 263.1-ci madd\u0259sind\u0259 n\u0259z\u0259rd\u0259 tutulmu\u015f \u0259m\u0259ll\u0259r ehtiyats\u0131zl\u0131qdan z\u0259r\u0259r\u00e7\u0259kmi\u015f \u015f\u0259xsin \u00f6l\u00fcm\u00fcn\u0259&hellip;<\/p>\n","protected":false},"author":2,"featured_media":92287,"comment_status":"closed","ping_status":"closed","sticky":false,"template":"","format":"standard","meta":{"om_disable_all_campaigns":false,"_monsterinsights_skip_tracking":false,"_monsterinsights_sitenote_active":false,"_monsterinsights_sitenote_note":"","_monsterinsights_sitenote_category":0},"categories":[5],"tags":[],"aioseo_notices":[],"gutentor_comment":0,"rttpg_featured_image_url":{"full":["https:\/\/arantv.az\/wp-content\/uploads\/2019\/11\/29a03386bfdc7d7e7954cccbec7dec6e.jpg",450,300,false],"landscape":["https:\/\/arantv.az\/wp-content\/uploads\/2019\/11\/29a03386bfdc7d7e7954cccbec7dec6e.jpg",450,300,false],"portraits":["https:\/\/arantv.az\/wp-content\/uploads\/2019\/11\/29a03386bfdc7d7e7954cccbec7dec6e.jpg",450,300,false],"thumbnail":["https:\/\/arantv.az\/wp-content\/uploads\/2019\/11\/29a03386bfdc7d7e7954cccbec7dec6e-150x150.jpg",150,150,true],"medium":["https:\/\/arantv.az\/wp-content\/uploads\/2019\/11\/29a03386bfdc7d7e7954cccbec7dec6e-300x200.jpg",300,200,true],"large":["https:\/\/arantv.az\/wp-content\/uploads\/2019\/11\/29a03386bfdc7d7e7954cccbec7dec6e.jpg",450,300,false],"1536x1536":["https:\/\/arantv.az\/wp-content\/uploads\/2019\/11\/29a03386bfdc7d7e7954cccbec7dec6e.jpg",450,300,false],"2048x2048":["https:\/\/arantv.az\/wp-content\/uploads\/2019\/11\/29a03386bfdc7d7e7954cccbec7dec6e.jpg",450,300,false],"post-thumbnail":["https:\/\/arantv.az\/wp-content\/uploads\/2019\/11\/29a03386bfdc7d7e7954cccbec7dec6e-240x172.jpg",240,172,true],"advps-thumb-one":["https:\/\/arantv.az\/wp-content\/uploads\/2019\/11\/29a03386bfdc7d7e7954cccbec7dec6e.jpg",450,300,false]},"rttpg_author":{"display_name":"V\u00fcsal Rafiqo\u011flu","author_link":"https:\/\/arantv.az\/?author=2"},"rttpg_comment":0,"rttpg_category":"<a href=\"https:\/\/arantv.az\/?cat=5\" rel=\"category\">Hadis\u0259<\/a>","rttpg_excerpt":"Faktla ba\u011fl\u0131 cinay\u0259t i\u015fi ba\u015flan\u0131l\u0131b ARANTV.AZ\u00a0\u00a0AzNews.az-s istinad\u0259n x\u0259b\u0259r verir ki, Sumqay\u0131tda piyadan\u0131n \u00f6l\u00fcm\u00fc il\u0259 n\u0259tic\u0259l\u0259n\u0259n yol q\u0259zas\u0131 ba\u015f verib. Hadis\u0259 noyabr\u0131n 3-d\u0259 Sumqay\u0131t \u015f\u0259h\u0259rinin Sahil k\u00fc\u00e7\u0259si il\u0259 Novxan\u0131 q\u0259s\u0259b\u0259si istiqam\u0259tind\u0259 olan yolda qeyd\u0259 al\u0131n\u0131b. Bel\u0259 ki, T\u0259rlan \u018fliyev &#8220;Mercedes Benz&#8221; markal\u0131 avtomobili il\u0259 h\u0259r\u0259k\u0259td\u0259 olan zaman yolu ke\u00e7\u0259n piyada &#8211; 1979-cu il t\u0259v\u0259ll\u00fcdl\u00fc H\u0259c\u0259r \u015e\u0259biyevan\u0131&hellip;","_links":{"self":[{"href":"https:\/\/arantv.az\/index.php?rest_route=\/wp\/v2\/posts\/92286"}],"collection":[{"href":"https:\/\/arantv.az\/index.php?rest_route=\/wp\/v2\/posts"}],"about":[{"href":"https:\/\/arantv.az\/index.php?rest_route=\/wp\/v2\/types\/post"}],"author":[{"embeddable":true,"href":"https:\/\/arantv.az\/index.php?rest_route=\/wp\/v2\/users\/2"}],"replies":[{"embeddable":true,"href":"https:\/\/arantv.az\/index.php?rest_route=%2Fwp%2Fv2%2Fcomments&post=92286"}],"version-history":[{"count":0,"href":"https:\/\/arantv.az\/index.php?rest_route=\/wp\/v2\/posts\/92286\/revisions"}],"wp:featuredmedia":[{"embeddable":true,"href":"https:\/\/arantv.az\/index.php?rest_route=\/wp\/v2\/media\/92287"}],"wp:attachment":[{"href":"https:\/\/arantv.az\/index.php?rest_route=%2Fwp%2Fv2%2Fmedia&parent=92286"}],"wp:term":[{"taxonomy":"category","embeddable":true,"href":"https:\/\/arantv.az\/index.php?rest_route=%2Fwp%2Fv2%2Fcategories&post=92286"},{"taxonomy":"post_tag","embeddable":true,"href":"https:\/\/arantv.az\/index.php?rest_route=%2Fwp%2Fv2%2Ftags&post=92286"}],"curies":[{"name":"wp","href":"https:\/\/api.w.org\/{rel}","templated":true}]}}