{"id":92298,"date":"2019-11-04T10:07:34","date_gmt":"2019-11-04T07:07:34","guid":{"rendered":"http:\/\/arantv.az\/?p=92298"},"modified":"2019-11-04T10:07:34","modified_gmt":"2019-11-04T07:07:34","slug":"g%c9%99l%c9%99n-il-avropa-m%c9%99hk%c9%99m%c9%99sind%c9%99-az%c9%99rbaycanli-girovlarla-bagli-dinl%c9%99m%c9%99l%c9%99r-keciril%c9%99-bil%c9%99r","status":"publish","type":"post","link":"https:\/\/arantv.az\/?p=92298","title":{"rendered":"G\u0259l\u0259n il Avropa M\u0259hk\u0259m\u0259sind\u0259 az\u0259rbaycanl\u0131 girovlarla ba\u011fl\u0131 dinl\u0259m\u0259l\u0259r ke\u00e7iril\u0259 bil\u0259r"},"content":{"rendered":"<blockquote><p><em><strong>Az\u0259rbaycan h\u00f6kum\u0259ti bir ne\u00e7\u0259 h\u0259ft\u0259 \u00f6nc\u0259 Erm\u0259nistan t\u0259r\u0259find\u0259n girov saxlan\u0131lan Dilq\u0259m \u018fsg\u0259rov v\u0259 \u015eahbaz Quliyevl\u0259 ba\u011fl\u0131 m\u00f6vqeyini Avropa M\u0259hk\u0259m\u0259sin\u0259 t\u0259qdim edib.<\/strong><\/em><\/p><\/blockquote>\n<p><strong>ARANTV.AZ<\/strong>\u00a0<a href=\"https:\/\/az.trend.az\/\" target=\"_blank\" rel=\"noopener\">Trend<\/a>-\u0259 istinad\u0259n x\u0259b\u0259r verir ki, bunu Prezident Administrasiyas\u0131n\u0131n H\u00fcquq-m\u00fchafiz\u0259 orqanlar\u0131 il\u0259 i\u015f \u015f\u00f6b\u0259sinin sektor m\u00fcdiri, Az\u0259rbaycan\u0131n Avropa \u0130nsan H\u00fcquqlar\u0131 M\u0259hk\u0259m\u0259sind\u0259ki daimi n\u00fcmay\u0259nd\u0259si \u00c7ingiz \u018fsg\u0259rov deyib.<\/p>\n<p>\u00c7.\u018fsg\u0259rov vur\u011fulay\u0131b ki, bu m\u0259s\u0259l\u0259 il\u0259 \u0259laq\u0259dar Az\u0259rbaycan d\u00fcnyan\u0131n apar\u0131c\u0131 h\u00fcquq\u015f\u00fcnaslar\u0131 il\u0259 m\u00fcqavil\u0259 ba\u011flay\u0131b.<\/p>\n<p>Onun s\u00f6zl\u0259rin\u0259 g\u00f6r\u0259, bununla ba\u011fl\u0131 Avropa M\u0259hk\u0259m\u0259sin\u0259 \u00e7ox m\u00fcf\u0259ss\u0259l m\u00f6vqe t\u0259qdim olunub: &#8220;Bu prosesd\u0259 sonuncu m\u0259rh\u0259l\u0259dir. Bundan sonra Avropa M\u0259hk\u0259m\u0259si art\u0131q dinl\u0259m\u0259 tarixini m\u00fc\u0259yy\u0259n etm\u0259li v\u0259 dinl\u0259m\u0259 ke\u00e7irilm\u0259lidir. \u00c7ox g\u00fcman ki, dinl\u0259m\u0259 g\u0259l\u0259n il ba\u015f tuta bil\u0259r&#8221;.<\/p>\n","protected":false},"excerpt":{"rendered":"<p>Az\u0259rbaycan h\u00f6kum\u0259ti bir ne\u00e7\u0259 h\u0259ft\u0259 \u00f6nc\u0259 Erm\u0259nistan t\u0259r\u0259find\u0259n girov saxlan\u0131lan Dilq\u0259m \u018fsg\u0259rov v\u0259 \u015eahbaz Quliyevl\u0259 ba\u011fl\u0131 m\u00f6vqeyini Avropa M\u0259hk\u0259m\u0259sin\u0259 t\u0259qdim edib. ARANTV.AZ\u00a0Trend-\u0259 istinad\u0259n x\u0259b\u0259r verir ki, bunu Prezident Administrasiyas\u0131n\u0131n H\u00fcquq-m\u00fchafiz\u0259 orqanlar\u0131 il\u0259 i\u015f \u015f\u00f6b\u0259sinin sektor m\u00fcdiri, Az\u0259rbaycan\u0131n Avropa \u0130nsan H\u00fcquqlar\u0131 M\u0259hk\u0259m\u0259sind\u0259ki daimi n\u00fcmay\u0259nd\u0259si \u00c7ingiz \u018fsg\u0259rov deyib. \u00c7.\u018fsg\u0259rov vur\u011fulay\u0131b ki, bu m\u0259s\u0259l\u0259 il\u0259 \u0259laq\u0259dar Az\u0259rbaycan d\u00fcnyan\u0131n apar\u0131c\u0131 h\u00fcquq\u015f\u00fcnaslar\u0131 il\u0259 m\u00fcqavil\u0259 ba\u011flay\u0131b. Onun s\u00f6zl\u0259rin\u0259 g\u00f6r\u0259, bununla ba\u011fl\u0131 Avropa M\u0259hk\u0259m\u0259sin\u0259 \u00e7ox m\u00fcf\u0259ss\u0259l m\u00f6vqe t\u0259qdim olunub: &#8220;Bu prosesd\u0259 sonuncu m\u0259rh\u0259l\u0259dir. Bundan sonra Avropa M\u0259hk\u0259m\u0259si art\u0131q dinl\u0259m\u0259 tarixini m\u00fc\u0259yy\u0259n etm\u0259li v\u0259 dinl\u0259m\u0259 ke\u00e7irilm\u0259lidir. \u00c7ox g\u00fcman&hellip;<\/p>\n","protected":false},"author":2,"featured_media":92299,"comment_status":"closed","ping_status":"closed","sticky":false,"template":"","format":"standard","meta":{"om_disable_all_campaigns":false,"_monsterinsights_skip_tracking":false,"_monsterinsights_sitenote_active":false,"_monsterinsights_sitenote_note":"","_monsterinsights_sitenote_category":0},"categories":[4],"tags":[],"aioseo_notices":[],"gutentor_comment":0,"rttpg_featured_image_url":{"full":["https:\/\/arantv.az\/wp-content\/uploads\/2019\/11\/dilqem_sahbaz_0124.jpg",800,600,false],"landscape":["https:\/\/arantv.az\/wp-content\/uploads\/2019\/11\/dilqem_sahbaz_0124.jpg",800,600,false],"portraits":["https:\/\/arantv.az\/wp-content\/uploads\/2019\/11\/dilqem_sahbaz_0124.jpg",800,600,false],"thumbnail":["https:\/\/arantv.az\/wp-content\/uploads\/2019\/11\/dilqem_sahbaz_0124-150x150.jpg",150,150,true],"medium":["https:\/\/arantv.az\/wp-content\/uploads\/2019\/11\/dilqem_sahbaz_0124-300x225.jpg",300,225,true],"large":["https:\/\/arantv.az\/wp-content\/uploads\/2019\/11\/dilqem_sahbaz_0124.jpg",640,480,false],"1536x1536":["https:\/\/arantv.az\/wp-content\/uploads\/2019\/11\/dilqem_sahbaz_0124.jpg",800,600,false],"2048x2048":["https:\/\/arantv.az\/wp-content\/uploads\/2019\/11\/dilqem_sahbaz_0124.jpg",800,600,false],"post-thumbnail":["https:\/\/arantv.az\/wp-content\/uploads\/2019\/11\/dilqem_sahbaz_0124-240x172.jpg",240,172,true],"advps-thumb-one":["https:\/\/arantv.az\/wp-content\/uploads\/2019\/11\/dilqem_sahbaz_0124.jpg",800,600,false]},"rttpg_author":{"display_name":"V\u00fcsal Rafiqo\u011flu","author_link":"https:\/\/arantv.az\/?author=2"},"rttpg_comment":0,"rttpg_category":"<a href=\"https:\/\/arantv.az\/?cat=4\" rel=\"category\">Siyas\u0259t<\/a>","rttpg_excerpt":"Az\u0259rbaycan h\u00f6kum\u0259ti bir ne\u00e7\u0259 h\u0259ft\u0259 \u00f6nc\u0259 Erm\u0259nistan t\u0259r\u0259find\u0259n girov saxlan\u0131lan Dilq\u0259m \u018fsg\u0259rov v\u0259 \u015eahbaz Quliyevl\u0259 ba\u011fl\u0131 m\u00f6vqeyini Avropa M\u0259hk\u0259m\u0259sin\u0259 t\u0259qdim edib. ARANTV.AZ\u00a0Trend-\u0259 istinad\u0259n x\u0259b\u0259r verir ki, bunu Prezident Administrasiyas\u0131n\u0131n H\u00fcquq-m\u00fchafiz\u0259 orqanlar\u0131 il\u0259 i\u015f \u015f\u00f6b\u0259sinin sektor m\u00fcdiri, Az\u0259rbaycan\u0131n Avropa \u0130nsan H\u00fcquqlar\u0131 M\u0259hk\u0259m\u0259sind\u0259ki daimi n\u00fcmay\u0259nd\u0259si \u00c7ingiz \u018fsg\u0259rov deyib. \u00c7.\u018fsg\u0259rov vur\u011fulay\u0131b ki, bu m\u0259s\u0259l\u0259 il\u0259 \u0259laq\u0259dar Az\u0259rbaycan d\u00fcnyan\u0131n&hellip;","_links":{"self":[{"href":"https:\/\/arantv.az\/index.php?rest_route=\/wp\/v2\/posts\/92298"}],"collection":[{"href":"https:\/\/arantv.az\/index.php?rest_route=\/wp\/v2\/posts"}],"about":[{"href":"https:\/\/arantv.az\/index.php?rest_route=\/wp\/v2\/types\/post"}],"author":[{"embeddable":true,"href":"https:\/\/arantv.az\/index.php?rest_route=\/wp\/v2\/users\/2"}],"replies":[{"embeddable":true,"href":"https:\/\/arantv.az\/index.php?rest_route=%2Fwp%2Fv2%2Fcomments&post=92298"}],"version-history":[{"count":0,"href":"https:\/\/arantv.az\/index.php?rest_route=\/wp\/v2\/posts\/92298\/revisions"}],"wp:featuredmedia":[{"embeddable":true,"href":"https:\/\/arantv.az\/index.php?rest_route=\/wp\/v2\/media\/92299"}],"wp:attachment":[{"href":"https:\/\/arantv.az\/index.php?rest_route=%2Fwp%2Fv2%2Fmedia&parent=92298"}],"wp:term":[{"taxonomy":"category","embeddable":true,"href":"https:\/\/arantv.az\/index.php?rest_route=%2Fwp%2Fv2%2Fcategories&post=92298"},{"taxonomy":"post_tag","embeddable":true,"href":"https:\/\/arantv.az\/index.php?rest_route=%2Fwp%2Fv2%2Ftags&post=92298"}],"curies":[{"name":"wp","href":"https:\/\/api.w.org\/{rel}","templated":true}]}}