{"id":92302,"date":"2019-11-04T10:11:12","date_gmt":"2019-11-04T07:11:12","guid":{"rendered":"http:\/\/arantv.az\/?p=92302"},"modified":"2019-11-04T10:11:12","modified_gmt":"2019-11-04T07:11:12","slug":"az%c9%99rbaycanda-qonsular-arasindaki-d%c9%99hs%c9%99tli-hadis%c9%99nin-t%c9%99f%c9%99rruati","status":"publish","type":"post","link":"https:\/\/arantv.az\/?p=92302","title":{"rendered":"Az\u0259rbaycanda qon\u015fular aras\u0131ndak\u0131 d\u0259h\u015f\u0259tli hadis\u0259nin T\u018fF\u018fRR\u00dcATI"},"content":{"rendered":"<p><strong>A\u011fdam rayonunda qon\u015funun qon\u015fusunu amans\u0131zl\u0131qla q\u0259tl\u0259 yetirm\u0259si hadis\u0259sinin t\u0259f\u0259rr\u00fcatlar\u0131 m\u0259lum olub.<\/strong><\/p>\n<p><b>ARANTV.AZ\u00a0<\/b>x\u0259b\u0259r verir ki, rayonun X\u0131nd\u0131r\u0131stan k\u0259nd sakini 1956-c\u0131 il t\u0259v\u0259ll\u00fcdl\u00fc H\u0259t\u0259mov \u018fli \u018fl\u0259sg\u0259r o\u011flu h\u0259y\u0259tl\u0259ri yana\u015f\u0131 qon\u015fu olan N\u0259sibov \u00dcmid Qulu o\u011flu il\u0259 yol \u00fcst\u00fcnd\u0259 dala\u015f\u0131b.<\/p>\n<p>Bel\u0259 ki, \u00dc.N\u0259sibov qon\u015fusundan onlar\u0131n \u00e7\u0259p\u0259rinin k\u0259nar\u0131 il\u0259 t\u00f6vl\u0259nin tullant\u0131lar\u0131n\u0131n aparma\u011fa icaz\u0259 ist\u0259yib v\u0259 qon\u015fular raz\u0131l\u0131\u011fa g\u0259lib. Lakin d\u00fcn\u0259n saat 18 rad\u0259l\u0259rind\u0259 \u018f.H\u0259t\u0259mov qon\u015fusunun yolu tullant\u0131 da\u015f\u0131maq \u00fc\u00e7\u00fcn deyil araba yolu kimi istifad\u0259 etdiyini v\u0259 mal-qaran\u0131 da bu yolla apard\u0131\u011f\u0131n\u0131 g\u00f6r\u0259r\u0259k \u0259s\u0259bl\u0259\u015fib. 63 ya\u015fl\u0131 ki\u015fi qon\u015fusuna mal-qaran\u0131n onun \u00e7\u0259p\u0259rinin k\u0259nar\u0131n\u0131 bat\u0131rd\u0131\u011f\u0131n\u0131 deyib v\u0259 onunla dala\u015f\u0131b. \u00dc.N\u0259sibov is\u0259 mal-qaran\u0131n yola t\u00f6kd\u00fcy\u00fc peyini t\u0259\u00f6mizl\u0259y\u0259c\u0259yini des\u0259 d\u0259, \u018f.H\u0259t\u0259mov raz\u0131la\u015fmay\u0131b v\u0259 ona buradan h\u0259r\u0259k\u0259t etm\u0259y\u0259 icaz\u0259 verm\u0259y\u0259c\u0259yini deyib. O, araban\u0131n qar\u015f\u0131s\u0131na uzanaraq \u00dcmid\u0259 araba il\u0259 h\u0259r\u0259k\u0259t\u0259 v\u0259 qo\u015fquya ba\u011flanm\u0131\u015f iribuynuzlu heyvanlar\u0131 aparma\u011fa icaz\u0259 verm\u0259y\u0259c\u0259yini deyib. \u00dc.N\u0259sibov da \u00f6z n\u00f6vb\u0259sind\u0259 h\u0259r\u0259k\u0259t\u0259 davam edib v\u0259 araban\u0131 onun \u00fcz\u0259rin\u0259 s\u00fcr\u00fcb. bu Zaman h\u0259m t\u0259k\u0259r, h\u0259m d\u0259 iribuynuzlu heyvanlar\u0131n ayaqlar\u0131 alt\u0131nda qalan 63 ya\u015fl\u0131 ki\u015fi a\u011f\u0131r x\u0259sar\u0259t al\u0131b. O gec\u0259 saat 01 rad\u0259l\u0259rind\u0259 x\u0259st\u0259xanada ke\u00e7inib.<\/p>\n<p>Bildirilir ki, xeyli vaxt \u0259vv\u0259l h\u0259yat yolda\u015f\u0131n\u0131 itir\u0259n \u018f.H\u0259t\u0259mov 3 \u00f6vlad\u0131n\u0131 evl\u0259ndirdikd\u0259n sonra t\u0259k ya\u015fay\u0131rm\u0131\u015f.<\/p>\n<p>Faktla ba\u011fl\u0131 cinay\u0259t i\u015fi a\u00e7\u0131l\u0131b, ara\u015fd\u0131rmalar davam etdirilir.Publika.az<\/p>\n","protected":false},"excerpt":{"rendered":"<p>A\u011fdam rayonunda qon\u015funun qon\u015fusunu amans\u0131zl\u0131qla q\u0259tl\u0259 yetirm\u0259si hadis\u0259sinin t\u0259f\u0259rr\u00fcatlar\u0131 m\u0259lum olub. ARANTV.AZ\u00a0x\u0259b\u0259r verir ki, rayonun X\u0131nd\u0131r\u0131stan k\u0259nd sakini 1956-c\u0131 il t\u0259v\u0259ll\u00fcdl\u00fc H\u0259t\u0259mov \u018fli \u018fl\u0259sg\u0259r o\u011flu h\u0259y\u0259tl\u0259ri yana\u015f\u0131 qon\u015fu olan N\u0259sibov \u00dcmid Qulu o\u011flu il\u0259 yol \u00fcst\u00fcnd\u0259 dala\u015f\u0131b. Bel\u0259 ki, \u00dc.N\u0259sibov qon\u015fusundan onlar\u0131n \u00e7\u0259p\u0259rinin k\u0259nar\u0131 il\u0259 t\u00f6vl\u0259nin tullant\u0131lar\u0131n\u0131n aparma\u011fa icaz\u0259 ist\u0259yib v\u0259 qon\u015fular raz\u0131l\u0131\u011fa g\u0259lib. Lakin d\u00fcn\u0259n saat 18 rad\u0259l\u0259rind\u0259 \u018f.H\u0259t\u0259mov qon\u015fusunun yolu tullant\u0131 da\u015f\u0131maq \u00fc\u00e7\u00fcn deyil araba yolu kimi istifad\u0259 etdiyini v\u0259 mal-qaran\u0131 da bu yolla apard\u0131\u011f\u0131n\u0131 g\u00f6r\u0259r\u0259k \u0259s\u0259bl\u0259\u015fib. 63 ya\u015fl\u0131 ki\u015fi qon\u015fusuna mal-qaran\u0131n onun \u00e7\u0259p\u0259rinin k\u0259nar\u0131n\u0131 bat\u0131rd\u0131\u011f\u0131n\u0131 deyib v\u0259&hellip;<\/p>\n","protected":false},"author":2,"featured_media":92303,"comment_status":"closed","ping_status":"closed","sticky":false,"template":"","format":"standard","meta":{"om_disable_all_campaigns":false,"_monsterinsights_skip_tracking":false,"_monsterinsights_sitenote_active":false,"_monsterinsights_sitenote_note":"","_monsterinsights_sitenote_category":0},"categories":[5],"tags":[],"aioseo_notices":[],"gutentor_comment":0,"rttpg_featured_image_url":{"full":["https:\/\/arantv.az\/wp-content\/uploads\/2019\/11\/meyit.jpg",800,450,false],"landscape":["https:\/\/arantv.az\/wp-content\/uploads\/2019\/11\/meyit.jpg",800,450,false],"portraits":["https:\/\/arantv.az\/wp-content\/uploads\/2019\/11\/meyit.jpg",800,450,false],"thumbnail":["https:\/\/arantv.az\/wp-content\/uploads\/2019\/11\/meyit-150x150.jpg",150,150,true],"medium":["https:\/\/arantv.az\/wp-content\/uploads\/2019\/11\/meyit-300x169.jpg",300,169,true],"large":["https:\/\/arantv.az\/wp-content\/uploads\/2019\/11\/meyit.jpg",640,360,false],"1536x1536":["https:\/\/arantv.az\/wp-content\/uploads\/2019\/11\/meyit.jpg",800,450,false],"2048x2048":["https:\/\/arantv.az\/wp-content\/uploads\/2019\/11\/meyit.jpg",800,450,false],"post-thumbnail":["https:\/\/arantv.az\/wp-content\/uploads\/2019\/11\/meyit-240x172.jpg",240,172,true],"advps-thumb-one":["https:\/\/arantv.az\/wp-content\/uploads\/2019\/11\/meyit.jpg",800,450,false]},"rttpg_author":{"display_name":"V\u00fcsal Rafiqo\u011flu","author_link":"https:\/\/arantv.az\/?author=2"},"rttpg_comment":0,"rttpg_category":"<a href=\"https:\/\/arantv.az\/?cat=5\" rel=\"category\">Hadis\u0259<\/a>","rttpg_excerpt":"A\u011fdam rayonunda qon\u015funun qon\u015fusunu amans\u0131zl\u0131qla q\u0259tl\u0259 yetirm\u0259si hadis\u0259sinin t\u0259f\u0259rr\u00fcatlar\u0131 m\u0259lum olub. ARANTV.AZ\u00a0x\u0259b\u0259r verir ki, rayonun X\u0131nd\u0131r\u0131stan k\u0259nd sakini 1956-c\u0131 il t\u0259v\u0259ll\u00fcdl\u00fc H\u0259t\u0259mov \u018fli \u018fl\u0259sg\u0259r o\u011flu h\u0259y\u0259tl\u0259ri yana\u015f\u0131 qon\u015fu olan N\u0259sibov \u00dcmid Qulu o\u011flu il\u0259 yol \u00fcst\u00fcnd\u0259 dala\u015f\u0131b. Bel\u0259 ki, \u00dc.N\u0259sibov qon\u015fusundan onlar\u0131n \u00e7\u0259p\u0259rinin k\u0259nar\u0131 il\u0259 t\u00f6vl\u0259nin tullant\u0131lar\u0131n\u0131n aparma\u011fa icaz\u0259 ist\u0259yib v\u0259 qon\u015fular raz\u0131l\u0131\u011fa g\u0259lib. Lakin&hellip;","_links":{"self":[{"href":"https:\/\/arantv.az\/index.php?rest_route=\/wp\/v2\/posts\/92302"}],"collection":[{"href":"https:\/\/arantv.az\/index.php?rest_route=\/wp\/v2\/posts"}],"about":[{"href":"https:\/\/arantv.az\/index.php?rest_route=\/wp\/v2\/types\/post"}],"author":[{"embeddable":true,"href":"https:\/\/arantv.az\/index.php?rest_route=\/wp\/v2\/users\/2"}],"replies":[{"embeddable":true,"href":"https:\/\/arantv.az\/index.php?rest_route=%2Fwp%2Fv2%2Fcomments&post=92302"}],"version-history":[{"count":0,"href":"https:\/\/arantv.az\/index.php?rest_route=\/wp\/v2\/posts\/92302\/revisions"}],"wp:featuredmedia":[{"embeddable":true,"href":"https:\/\/arantv.az\/index.php?rest_route=\/wp\/v2\/media\/92303"}],"wp:attachment":[{"href":"https:\/\/arantv.az\/index.php?rest_route=%2Fwp%2Fv2%2Fmedia&parent=92302"}],"wp:term":[{"taxonomy":"category","embeddable":true,"href":"https:\/\/arantv.az\/index.php?rest_route=%2Fwp%2Fv2%2Fcategories&post=92302"},{"taxonomy":"post_tag","embeddable":true,"href":"https:\/\/arantv.az\/index.php?rest_route=%2Fwp%2Fv2%2Ftags&post=92302"}],"curies":[{"name":"wp","href":"https:\/\/api.w.org\/{rel}","templated":true}]}}