{"id":92326,"date":"2019-11-04T10:19:12","date_gmt":"2019-11-04T07:19:12","guid":{"rendered":"http:\/\/arantv.az\/?p=92326"},"modified":"2019-11-04T10:19:12","modified_gmt":"2019-11-04T07:19:12","slug":"odlar-yurdu-avropa-kubokunda-qiz-sahmatcilarimiz-yen%c9%99-medal-qazana-bil%c9%99c%c9%99kmi","status":"publish","type":"post","link":"https:\/\/arantv.az\/?p=92326","title":{"rendered":"\u201cOdlar Yurdu\u201d Avropa Kubokunda: Q\u0131z \u015fahmat\u00e7\u0131lar\u0131m\u0131z yen\u0259 medal qazana bil\u0259c\u0259kmi?"},"content":{"rendered":"<p>Monteneqronun Ultsin \u015f\u0259h\u0259rind\u0259\u00a010-16 noyabr tarixl\u0259rind\u0259 35-ci \u015fahmat \u00fczr\u0259 klublararas\u0131 Avropa Kuboku yar\u0131\u015f\u0131 ke\u00e7iril\u0259c\u0259k.<\/p>\n<p><strong>ARANTV.AZ<\/strong>-\u0131n x\u0259b\u0259rin\u0259 g\u00f6r\u0259, ki\u015fil\u0259rin yar\u0131\u015f\u0131nda Avropan\u0131n 68 komandas\u0131 \u00e7\u0131x\u0131\u015f ed\u0259c\u0259k.<\/p>\n<p>\u0130lk d\u0259f\u0259 t\u0259sis olunmu\u015f \u201cV\u00fcqar H\u0259\u015fimov\u201d komandas\u0131 m\u0259hz bu yar\u0131\u015fda deb\u00fct\u00fcn\u00fc realla\u015fd\u0131racaq. Komandam\u0131z\u0131n hey\u0259tind\u0259 Rauf M\u0259mm\u0259dov, V\u00fcqar \u018fs\u0259dli, \u00dclvi Sad\u0131qov, Anar Allahverdiyev, Ayd\u0131n S\u00fcleymanl\u0131, \u018fhm\u0259d \u018fhm\u0259dzad\u0259 i\u015ftirak ed\u0259c\u0259k.<\/p>\n<div id=\"AdviadNativeVideo0\" class=\"AdviadNativeVideo\"><\/div>\n<p>H\u0259m\u00e7inin, Rauf M\u0259mm\u0259dovun rusiyal\u0131 h\u0259yat yolda\u015f\u0131, 2015-ci ild\u0259 20 ya\u015fad\u0259k q\u0131zlar aras\u0131nda d\u00fcnya \u00e7empionu olmu\u015f Nataliya Buksa da bu komandada \u2013 ki\u015fil\u0259rin yar\u0131\u015f\u0131nda \u00e7\u0131x\u0131\u015f ed\u0259c\u0259k. Yeddi turdan ibar\u0259t olan yar\u0131\u015fda komandam\u0131z Avropa \u00e7empionat\u0131n\u0131n reytinqin\u0259 g\u00f6r\u0259 14-c\u00fc komandas\u0131d\u0131r (2484 xal).<\/p>\n<p>Az\u0259rbaycan millisinin \u00fczv\u00fc \u015e\u0259hriyar M\u0259mm\u0259dyarov reytinqin\u0259 g\u00f6r\u0259 Avropan\u0131n bir n\u00f6mr\u0259li komandas\u0131 olan Makedoniyan\u0131n \u201cAlkaloid\u201d klubu (2706) ad\u0131ndan \u00e7\u0131x\u0131\u015f ed\u0259c\u0259k. O, birinci l\u00f6vh\u0259d\u0259 oynayacaq. Nicat Abbasov 18-ci komanda olan Avstriyan\u0131n \u201cRayka Rapid\u201d klubunda (2447) bir n\u00f6mr\u0259li \u015fahmat\u00e7\u0131 qismind\u0259 m\u00fcbariz\u0259 aparacaq.<\/p>\n<p>Qad\u0131n klublar\u0131n yar\u0131\u015f\u0131nda is\u0259 14 komanda yar\u0131\u015facaq. Yen\u0259 d\u0259 SOCAR-\u0131n sponsoru oldu\u011fu \u201cOdlar Yurdu\u201d komandas\u0131 \u00f6lk\u0259mizi t\u0259msil ed\u0259c\u0259k. Komandam\u0131z 2383 xalla reytinqin\u0259 g\u00f6r\u0259 alt\u0131nc\u0131d\u0131r. Hey\u0259td\u0259 Avropa \u00fc\u00e7\u00fcnc\u00fcs\u00fc olan \u015fahmat\u00e7\u0131lar\u0131m\u0131zdan T\u00fcrkan M\u0259mm\u0259dyarovan\u0131 onun b\u00f6y\u00fck bac\u0131s\u0131 Zeyn\u0259b \u0259v\u0259zl\u0259y\u0259c\u0259k. G\u00fcnay M\u0259mm\u0259dzad\u0259, \u00dclviyy\u0259 F\u0259t\u0259liyeva, Xan\u0131m Balacayeva v\u0259 G\u00fclnar M\u0259mm\u0259dova yen\u0259 i\u015f ba\u015f\u0131nda olacaq.<\/p>\n<p>Qeyd ed\u0259k ki,\u00a0yeddi turdan ibar\u0259t olacaq yar\u0131\u015f\u0131n ba\u015f katibl\u0259rind\u0259n biri \u0130lah\u0259 Q\u0259dimovad\u0131r.oxu.az<\/p>\n","protected":false},"excerpt":{"rendered":"<p>Monteneqronun Ultsin \u015f\u0259h\u0259rind\u0259\u00a010-16 noyabr tarixl\u0259rind\u0259 35-ci \u015fahmat \u00fczr\u0259 klublararas\u0131 Avropa Kuboku yar\u0131\u015f\u0131 ke\u00e7iril\u0259c\u0259k. ARANTV.AZ-\u0131n x\u0259b\u0259rin\u0259 g\u00f6r\u0259, ki\u015fil\u0259rin yar\u0131\u015f\u0131nda Avropan\u0131n 68 komandas\u0131 \u00e7\u0131x\u0131\u015f ed\u0259c\u0259k. \u0130lk d\u0259f\u0259 t\u0259sis olunmu\u015f \u201cV\u00fcqar H\u0259\u015fimov\u201d komandas\u0131 m\u0259hz bu yar\u0131\u015fda deb\u00fct\u00fcn\u00fc realla\u015fd\u0131racaq. Komandam\u0131z\u0131n hey\u0259tind\u0259 Rauf M\u0259mm\u0259dov, V\u00fcqar \u018fs\u0259dli, \u00dclvi Sad\u0131qov, Anar Allahverdiyev, Ayd\u0131n S\u00fcleymanl\u0131, \u018fhm\u0259d \u018fhm\u0259dzad\u0259 i\u015ftirak ed\u0259c\u0259k. H\u0259m\u00e7inin, Rauf M\u0259mm\u0259dovun rusiyal\u0131 h\u0259yat yolda\u015f\u0131, 2015-ci ild\u0259 20 ya\u015fad\u0259k q\u0131zlar aras\u0131nda d\u00fcnya \u00e7empionu olmu\u015f Nataliya Buksa da bu komandada \u2013 ki\u015fil\u0259rin yar\u0131\u015f\u0131nda \u00e7\u0131x\u0131\u015f ed\u0259c\u0259k. Yeddi turdan ibar\u0259t olan yar\u0131\u015fda komandam\u0131z Avropa \u00e7empionat\u0131n\u0131n reytinqin\u0259 g\u00f6r\u0259 14-c\u00fc komandas\u0131d\u0131r (2484 xal).&hellip;<\/p>\n","protected":false},"author":2,"featured_media":92327,"comment_status":"closed","ping_status":"closed","sticky":false,"template":"","format":"standard","meta":{"om_disable_all_campaigns":false,"_monsterinsights_skip_tracking":false,"_monsterinsights_sitenote_active":false,"_monsterinsights_sitenote_note":"","_monsterinsights_sitenote_category":0},"categories":[6],"tags":[],"aioseo_notices":[],"gutentor_comment":0,"rttpg_featured_image_url":{"full":["https:\/\/arantv.az\/wp-content\/uploads\/2019\/11\/10035140243781481news_photo2019-11-03.jpg",620,413,false],"landscape":["https:\/\/arantv.az\/wp-content\/uploads\/2019\/11\/10035140243781481news_photo2019-11-03.jpg",620,413,false],"portraits":["https:\/\/arantv.az\/wp-content\/uploads\/2019\/11\/10035140243781481news_photo2019-11-03.jpg",620,413,false],"thumbnail":["https:\/\/arantv.az\/wp-content\/uploads\/2019\/11\/10035140243781481news_photo2019-11-03-150x150.jpg",150,150,true],"medium":["https:\/\/arantv.az\/wp-content\/uploads\/2019\/11\/10035140243781481news_photo2019-11-03-300x200.jpg",300,200,true],"large":["https:\/\/arantv.az\/wp-content\/uploads\/2019\/11\/10035140243781481news_photo2019-11-03.jpg",620,413,false],"1536x1536":["https:\/\/arantv.az\/wp-content\/uploads\/2019\/11\/10035140243781481news_photo2019-11-03.jpg",620,413,false],"2048x2048":["https:\/\/arantv.az\/wp-content\/uploads\/2019\/11\/10035140243781481news_photo2019-11-03.jpg",620,413,false],"post-thumbnail":["https:\/\/arantv.az\/wp-content\/uploads\/2019\/11\/10035140243781481news_photo2019-11-03-240x172.jpg",240,172,true],"advps-thumb-one":["https:\/\/arantv.az\/wp-content\/uploads\/2019\/11\/10035140243781481news_photo2019-11-03.jpg",620,413,false]},"rttpg_author":{"display_name":"V\u00fcsal Rafiqo\u011flu","author_link":"https:\/\/arantv.az\/?author=2"},"rttpg_comment":0,"rttpg_category":"<a href=\"https:\/\/arantv.az\/?cat=6\" rel=\"category\">\u0130dman<\/a>","rttpg_excerpt":"Monteneqronun Ultsin \u015f\u0259h\u0259rind\u0259\u00a010-16 noyabr tarixl\u0259rind\u0259 35-ci \u015fahmat \u00fczr\u0259 klublararas\u0131 Avropa Kuboku yar\u0131\u015f\u0131 ke\u00e7iril\u0259c\u0259k. ARANTV.AZ-\u0131n x\u0259b\u0259rin\u0259 g\u00f6r\u0259, ki\u015fil\u0259rin yar\u0131\u015f\u0131nda Avropan\u0131n 68 komandas\u0131 \u00e7\u0131x\u0131\u015f ed\u0259c\u0259k. \u0130lk d\u0259f\u0259 t\u0259sis olunmu\u015f \u201cV\u00fcqar H\u0259\u015fimov\u201d komandas\u0131 m\u0259hz bu yar\u0131\u015fda deb\u00fct\u00fcn\u00fc realla\u015fd\u0131racaq. Komandam\u0131z\u0131n hey\u0259tind\u0259 Rauf M\u0259mm\u0259dov, V\u00fcqar \u018fs\u0259dli, \u00dclvi Sad\u0131qov, Anar Allahverdiyev, Ayd\u0131n S\u00fcleymanl\u0131, \u018fhm\u0259d \u018fhm\u0259dzad\u0259 i\u015ftirak ed\u0259c\u0259k. H\u0259m\u00e7inin, Rauf M\u0259mm\u0259dovun rusiyal\u0131&hellip;","_links":{"self":[{"href":"https:\/\/arantv.az\/index.php?rest_route=\/wp\/v2\/posts\/92326"}],"collection":[{"href":"https:\/\/arantv.az\/index.php?rest_route=\/wp\/v2\/posts"}],"about":[{"href":"https:\/\/arantv.az\/index.php?rest_route=\/wp\/v2\/types\/post"}],"author":[{"embeddable":true,"href":"https:\/\/arantv.az\/index.php?rest_route=\/wp\/v2\/users\/2"}],"replies":[{"embeddable":true,"href":"https:\/\/arantv.az\/index.php?rest_route=%2Fwp%2Fv2%2Fcomments&post=92326"}],"version-history":[{"count":0,"href":"https:\/\/arantv.az\/index.php?rest_route=\/wp\/v2\/posts\/92326\/revisions"}],"wp:featuredmedia":[{"embeddable":true,"href":"https:\/\/arantv.az\/index.php?rest_route=\/wp\/v2\/media\/92327"}],"wp:attachment":[{"href":"https:\/\/arantv.az\/index.php?rest_route=%2Fwp%2Fv2%2Fmedia&parent=92326"}],"wp:term":[{"taxonomy":"category","embeddable":true,"href":"https:\/\/arantv.az\/index.php?rest_route=%2Fwp%2Fv2%2Fcategories&post=92326"},{"taxonomy":"post_tag","embeddable":true,"href":"https:\/\/arantv.az\/index.php?rest_route=%2Fwp%2Fv2%2Ftags&post=92326"}],"curies":[{"name":"wp","href":"https:\/\/api.w.org\/{rel}","templated":true}]}}