{"id":92338,"date":"2019-11-04T10:33:45","date_gmt":"2019-11-04T07:33:45","guid":{"rendered":"http:\/\/arantv.az\/?p=92338"},"modified":"2019-11-04T10:33:45","modified_gmt":"2019-11-04T07:33:45","slug":"m%c9%99hk%c9%99m%c9%99-h%c9%99myerlisini-qisqancliq-z%c9%99minind%c9%99-oldur%c9%99n-s%c9%99xsl%c9%99-bagli-q%c9%99rar-verdi","status":"publish","type":"post","link":"https:\/\/arantv.az\/?p=92338","title":{"rendered":"M\u0259hk\u0259m\u0259 h\u0259myerlisini q\u0131sqancl\u0131q z\u0259minind\u0259 \u00f6ld\u00fcr\u0259n \u015f\u0259xsl\u0259 ba\u011fl\u0131 q\u0259rar verdi"},"content":{"rendered":"<p>Sumqay\u0131t Apellyasiya M\u0259hk\u0259m\u0259sind\u0259 \u015eabranda h\u0259myerlisini q\u0259tl\u0259 yetirm\u0259kd\u0259 t\u0259qsirl\u0259ndiril\u0259n V\u00fcsal Hac\u0131yevin\u00a0bar\u0259sind\u0259 olan h\u00f6kmd\u0259n veril\u0259n apellyasiya \u015fikay\u0259ti \u00fczr\u0259 m\u0259hk\u0259m\u0259 iclas\u0131 ba\u015fa \u00e7at\u0131b.<\/p>\n<p><strong>ARANTV.AZ\u00a0<\/strong>\u00a0x\u0259b\u0259r verir ki, hakim Elman \u018fhm\u0259dovun s\u0259drliyi il\u0259 ke\u00e7iril\u0259n prosesd\u0259 q\u0259rar elan olunub.<\/p>\n<p>Q\u0259rara \u0259sas\u0259n, V.Hac\u0131yevin apellyasiya \u015fikay\u0259ti t\u0259min edilm\u0259yib.<\/p>\n<div id=\"AdviadNativeVideo0\" class=\"AdviadNativeVideo\"><\/div>\n<p>\u0130ttihama g\u00f6r\u0259, \u00f6t\u0259n il avqustun 12-d\u0259 \u015eabran rayonunda 1980-ci il t\u0259v\u0259ll\u00fcdl\u00fc V.Hac\u0131yev h\u0259myerlisi, 1982-ci il t\u0259v\u0259ll\u00fcdl\u00fc Ruslan Hac\u0131yevi q\u0131sqancl\u0131q z\u0259minind\u0259 q\u0259tl\u0259 yetirib.<\/p>\n<p>Bel\u0259 ki, V.Hac\u0131yev evin\u0259 g\u0259l\u0259n zaman Ruslan Hac\u0131yevi h\u0259y\u0259tind\u0259 g\u00f6r\u00fcb.<\/p>\n<p>Bu zaman V.Hac\u0131yev h\u0259myerlisinin h\u0259yat yolda\u015f\u0131 il\u0259 \u015f\u0259xsi m\u00fcnasib\u0259ti oldu\u011funu d\u00fc\u015f\u00fcn\u0259r\u0259k ona \u00e7oxsayl\u0131 b\u0131\u00e7aq x\u0259sar\u0259tl\u0259ri yetirib.<\/p>\n<p>R.Hac\u0131yev hadis\u0259 yerind\u0259c\u0259 \u00f6l\u00fcb.<\/p>\n<p>Cinay\u0259ti t\u00f6r\u0259d\u0259n \u015f\u0259xs polis t\u0259r\u0259find\u0259n saxlan\u0131l\u0131b.<\/p>\n<p>\u0130stintaq orqan\u0131 t\u0259r\u0259find\u0259n V.Hac\u0131yevin bar\u0259sind\u0259 Cinay\u0259t M\u0259c\u0259ll\u0259sinin 120.1-ci (q\u0259sd\u0259n adam \u00f6ld\u00fcrm\u0259) madd\u0259si il\u0259 ittiham elan edilib.<\/p>\n<p>Bak\u0131 A\u011f\u0131r Cinay\u0259tl\u0259r M\u0259hk\u0259m\u0259sinin h\u00f6km\u00fc il\u0259 o, 12 il m\u00fcdd\u0259tin\u0259 azadl\u0131qdan m\u0259hrum edilib.oxu.az<\/p>\n","protected":false},"excerpt":{"rendered":"<p>Sumqay\u0131t Apellyasiya M\u0259hk\u0259m\u0259sind\u0259 \u015eabranda h\u0259myerlisini q\u0259tl\u0259 yetirm\u0259kd\u0259 t\u0259qsirl\u0259ndiril\u0259n V\u00fcsal Hac\u0131yevin\u00a0bar\u0259sind\u0259 olan h\u00f6kmd\u0259n veril\u0259n apellyasiya \u015fikay\u0259ti \u00fczr\u0259 m\u0259hk\u0259m\u0259 iclas\u0131 ba\u015fa \u00e7at\u0131b. ARANTV.AZ\u00a0\u00a0x\u0259b\u0259r verir ki, hakim Elman \u018fhm\u0259dovun s\u0259drliyi il\u0259 ke\u00e7iril\u0259n prosesd\u0259 q\u0259rar elan olunub. Q\u0259rara \u0259sas\u0259n, V.Hac\u0131yevin apellyasiya \u015fikay\u0259ti t\u0259min edilm\u0259yib. \u0130ttihama g\u00f6r\u0259, \u00f6t\u0259n il avqustun 12-d\u0259 \u015eabran rayonunda 1980-ci il t\u0259v\u0259ll\u00fcdl\u00fc V.Hac\u0131yev h\u0259myerlisi, 1982-ci il t\u0259v\u0259ll\u00fcdl\u00fc Ruslan Hac\u0131yevi q\u0131sqancl\u0131q z\u0259minind\u0259 q\u0259tl\u0259 yetirib. Bel\u0259 ki, V.Hac\u0131yev evin\u0259 g\u0259l\u0259n zaman Ruslan Hac\u0131yevi h\u0259y\u0259tind\u0259 g\u00f6r\u00fcb. Bu zaman V.Hac\u0131yev h\u0259myerlisinin h\u0259yat yolda\u015f\u0131 il\u0259 \u015f\u0259xsi m\u00fcnasib\u0259ti oldu\u011funu d\u00fc\u015f\u00fcn\u0259r\u0259k ona \u00e7oxsayl\u0131 b\u0131\u00e7aq x\u0259sar\u0259tl\u0259ri yetirib. R.Hac\u0131yev hadis\u0259&hellip;<\/p>\n","protected":false},"author":2,"featured_media":92339,"comment_status":"closed","ping_status":"closed","sticky":false,"template":"","format":"standard","meta":{"om_disable_all_campaigns":false,"_monsterinsights_skip_tracking":false,"_monsterinsights_sitenote_active":false,"_monsterinsights_sitenote_note":"","_monsterinsights_sitenote_category":0},"categories":[3],"tags":[],"aioseo_notices":[],"gutentor_comment":0,"rttpg_featured_image_url":{"full":["https:\/\/arantv.az\/wp-content\/uploads\/2019\/11\/1490334766.jpg",620,420,false],"landscape":["https:\/\/arantv.az\/wp-content\/uploads\/2019\/11\/1490334766.jpg",620,420,false],"portraits":["https:\/\/arantv.az\/wp-content\/uploads\/2019\/11\/1490334766.jpg",620,420,false],"thumbnail":["https:\/\/arantv.az\/wp-content\/uploads\/2019\/11\/1490334766-150x150.jpg",150,150,true],"medium":["https:\/\/arantv.az\/wp-content\/uploads\/2019\/11\/1490334766-300x203.jpg",300,203,true],"large":["https:\/\/arantv.az\/wp-content\/uploads\/2019\/11\/1490334766.jpg",620,420,false],"1536x1536":["https:\/\/arantv.az\/wp-content\/uploads\/2019\/11\/1490334766.jpg",620,420,false],"2048x2048":["https:\/\/arantv.az\/wp-content\/uploads\/2019\/11\/1490334766.jpg",620,420,false],"post-thumbnail":["https:\/\/arantv.az\/wp-content\/uploads\/2019\/11\/1490334766-240x172.jpg",240,172,true],"advps-thumb-one":["https:\/\/arantv.az\/wp-content\/uploads\/2019\/11\/1490334766.jpg",620,420,false]},"rttpg_author":{"display_name":"V\u00fcsal Rafiqo\u011flu","author_link":"https:\/\/arantv.az\/?author=2"},"rttpg_comment":0,"rttpg_category":"<a href=\"https:\/\/arantv.az\/?cat=3\" rel=\"category\">Kriminal<\/a>","rttpg_excerpt":"Sumqay\u0131t Apellyasiya M\u0259hk\u0259m\u0259sind\u0259 \u015eabranda h\u0259myerlisini q\u0259tl\u0259 yetirm\u0259kd\u0259 t\u0259qsirl\u0259ndiril\u0259n V\u00fcsal Hac\u0131yevin\u00a0bar\u0259sind\u0259 olan h\u00f6kmd\u0259n veril\u0259n apellyasiya \u015fikay\u0259ti \u00fczr\u0259 m\u0259hk\u0259m\u0259 iclas\u0131 ba\u015fa \u00e7at\u0131b. ARANTV.AZ\u00a0\u00a0x\u0259b\u0259r verir ki, hakim Elman \u018fhm\u0259dovun s\u0259drliyi il\u0259 ke\u00e7iril\u0259n prosesd\u0259 q\u0259rar elan olunub. Q\u0259rara \u0259sas\u0259n, V.Hac\u0131yevin apellyasiya \u015fikay\u0259ti t\u0259min edilm\u0259yib. \u0130ttihama g\u00f6r\u0259, \u00f6t\u0259n il avqustun 12-d\u0259 \u015eabran rayonunda 1980-ci il t\u0259v\u0259ll\u00fcdl\u00fc V.Hac\u0131yev h\u0259myerlisi, 1982-ci il&hellip;","_links":{"self":[{"href":"https:\/\/arantv.az\/index.php?rest_route=\/wp\/v2\/posts\/92338"}],"collection":[{"href":"https:\/\/arantv.az\/index.php?rest_route=\/wp\/v2\/posts"}],"about":[{"href":"https:\/\/arantv.az\/index.php?rest_route=\/wp\/v2\/types\/post"}],"author":[{"embeddable":true,"href":"https:\/\/arantv.az\/index.php?rest_route=\/wp\/v2\/users\/2"}],"replies":[{"embeddable":true,"href":"https:\/\/arantv.az\/index.php?rest_route=%2Fwp%2Fv2%2Fcomments&post=92338"}],"version-history":[{"count":0,"href":"https:\/\/arantv.az\/index.php?rest_route=\/wp\/v2\/posts\/92338\/revisions"}],"wp:featuredmedia":[{"embeddable":true,"href":"https:\/\/arantv.az\/index.php?rest_route=\/wp\/v2\/media\/92339"}],"wp:attachment":[{"href":"https:\/\/arantv.az\/index.php?rest_route=%2Fwp%2Fv2%2Fmedia&parent=92338"}],"wp:term":[{"taxonomy":"category","embeddable":true,"href":"https:\/\/arantv.az\/index.php?rest_route=%2Fwp%2Fv2%2Fcategories&post=92338"},{"taxonomy":"post_tag","embeddable":true,"href":"https:\/\/arantv.az\/index.php?rest_route=%2Fwp%2Fv2%2Ftags&post=92338"}],"curies":[{"name":"wp","href":"https:\/\/api.w.org\/{rel}","templated":true}]}}