{"id":92350,"date":"2019-11-04T10:42:04","date_gmt":"2019-11-04T07:42:04","guid":{"rendered":"http:\/\/arantv.az\/?p=92350"},"modified":"2019-11-04T10:42:04","modified_gmt":"2019-11-04T07:42:04","slug":"erm%c9%99nistan-regional-v%c9%99-beyn%c9%99lxalq-t%c9%99hluk%c9%99sizliy%c9%99-ciddi-t%c9%99hluk%c9%99-yaratmaqda-davam-edir-nazir","status":"publish","type":"post","link":"https:\/\/arantv.az\/?p=92350","title":{"rendered":"Erm\u0259nistan regional v\u0259 beyn\u0259lxalq t\u0259hl\u00fck\u0259sizliy\u0259 ciddi t\u0259hl\u00fck\u0259 yaratmaqda davam edir &#8211; Nazir"},"content":{"rendered":"<p><strong>T\u0259\u0259ss\u00fcf ki, Erm\u0259nistan t\u0259r\u0259find\u0259n Az\u0259rbaycan \u0259razil\u0259rinin davam ed\u0259n i\u015f\u011fal\u0131 regional v\u0259 beyn\u0259lxalq t\u0259hl\u00fck\u0259sizliy\u0259 ciddi t\u0259hl\u00fck\u0259 yaratmaqda davam edir v\u0259 \u00f6lk\u0259nin davaml\u0131 inki\u015faf \u00fc\u00e7\u00fcn b\u00fct\u00fcn potensial\u0131ndan istifad\u0259 s\u0259yl\u0259rini sars\u0131d\u0131r.<\/strong><\/p>\n<p>Bunu Az\u0259rbaycan\u0131n Xarici \u0130\u015fl\u0259r naziri Elmar M\u0259mm\u0259dyarov \u0130slam \u018fm\u0259kda\u015fl\u0131q T\u0259\u015fkilat\u0131n\u0131n Somali \u00fczr\u0259 \u018flaq\u0259 Qrupunun iclas\u0131nda bildirib.<\/p>\n<p>Nazir qeyd edib ki, beyn\u0259lxalq s\u00fclh v\u0259 t\u0259hl\u00fck\u0259sizliyi d\u0259st\u0259kl\u0259y\u0259rk\u0259n, Az\u0259rbaycan h\u0259l\u0259 d\u0259 Erm\u0259nistan\u0131n davaml\u0131 h\u0259rbi t\u0259cav\u00fcz\u00fc il\u0259 \u00fczl\u0259\u015fir, bu t\u0259cav\u00fcz \u00f6lk\u0259mizin beyn\u0259lxalq s\u0259viyy\u0259d\u0259 tan\u0131nm\u0131\u015f \u0259razil\u0259rinin 20 faizinin, o c\u00fcml\u0259d\u0259n Da\u011fl\u0131q Qaraba\u011f v\u0259 ona biti\u015fik yeddi rayonun i\u015f\u011fal\u0131 il\u0259 n\u0259tic\u0259l\u0259nib. N\u0259tic\u0259d\u0259 1 milyon az\u0259rbaycanl\u0131 qa\u00e7q\u0131n v\u0259 m\u0259cburi k\u00f6\u00e7k\u00fcn v\u0259ziyy\u0259tin\u0259 d\u00fc\u015f\u00fcb, \u00e7oxsayl\u0131 tarixi, m\u0259d\u0259niyy\u0259t v\u0259 dini abid\u0259l\u0259rimiz m\u0259hv edilib. M\u00fcnaqi\u015f\u0259nin ilk g\u00fcnl\u0259rind\u0259n b\u0259ri d\u00f6y\u00fc\u015f \u0259m\u0259liyyatlar\u0131 m\u00fclki \u0259haliy\u0259 v\u0259 infrastruktura t\u0259sir g\u00f6st\u0259r\u0259r\u0259k, yaln\u0131z Az\u0259rbaycan \u0259razisi daxilind\u0259, dem\u0259k olar ki, \u00f6lk\u0259nin ortas\u0131nda apar\u0131l\u0131b. (trend)<\/p>\n","protected":false},"excerpt":{"rendered":"<p>T\u0259\u0259ss\u00fcf ki, Erm\u0259nistan t\u0259r\u0259find\u0259n Az\u0259rbaycan \u0259razil\u0259rinin davam ed\u0259n i\u015f\u011fal\u0131 regional v\u0259 beyn\u0259lxalq t\u0259hl\u00fck\u0259sizliy\u0259 ciddi t\u0259hl\u00fck\u0259 yaratmaqda davam edir v\u0259 \u00f6lk\u0259nin davaml\u0131 inki\u015faf \u00fc\u00e7\u00fcn b\u00fct\u00fcn potensial\u0131ndan istifad\u0259 s\u0259yl\u0259rini sars\u0131d\u0131r. Bunu Az\u0259rbaycan\u0131n Xarici \u0130\u015fl\u0259r naziri Elmar M\u0259mm\u0259dyarov \u0130slam \u018fm\u0259kda\u015fl\u0131q T\u0259\u015fkilat\u0131n\u0131n Somali \u00fczr\u0259 \u018flaq\u0259 Qrupunun iclas\u0131nda bildirib. Nazir qeyd edib ki, beyn\u0259lxalq s\u00fclh v\u0259 t\u0259hl\u00fck\u0259sizliyi d\u0259st\u0259kl\u0259y\u0259rk\u0259n, Az\u0259rbaycan h\u0259l\u0259 d\u0259 Erm\u0259nistan\u0131n davaml\u0131 h\u0259rbi t\u0259cav\u00fcz\u00fc il\u0259 \u00fczl\u0259\u015fir, bu t\u0259cav\u00fcz \u00f6lk\u0259mizin beyn\u0259lxalq s\u0259viyy\u0259d\u0259 tan\u0131nm\u0131\u015f \u0259razil\u0259rinin 20 faizinin, o c\u00fcml\u0259d\u0259n Da\u011fl\u0131q Qaraba\u011f v\u0259 ona biti\u015fik yeddi rayonun i\u015f\u011fal\u0131 il\u0259 n\u0259tic\u0259l\u0259nib. N\u0259tic\u0259d\u0259 1 milyon az\u0259rbaycanl\u0131 qa\u00e7q\u0131n v\u0259 m\u0259cburi&hellip;<\/p>\n","protected":false},"author":2,"featured_media":92351,"comment_status":"closed","ping_status":"closed","sticky":false,"template":"","format":"standard","meta":{"om_disable_all_campaigns":false,"_monsterinsights_skip_tracking":false,"_monsterinsights_sitenote_active":false,"_monsterinsights_sitenote_note":"","_monsterinsights_sitenote_category":0},"categories":[4],"tags":[],"aioseo_notices":[],"gutentor_comment":0,"rttpg_featured_image_url":{"full":["https:\/\/arantv.az\/wp-content\/uploads\/2019\/11\/elmar_memmedyarov_esas.jpg",800,450,false],"landscape":["https:\/\/arantv.az\/wp-content\/uploads\/2019\/11\/elmar_memmedyarov_esas.jpg",800,450,false],"portraits":["https:\/\/arantv.az\/wp-content\/uploads\/2019\/11\/elmar_memmedyarov_esas.jpg",800,450,false],"thumbnail":["https:\/\/arantv.az\/wp-content\/uploads\/2019\/11\/elmar_memmedyarov_esas-150x150.jpg",150,150,true],"medium":["https:\/\/arantv.az\/wp-content\/uploads\/2019\/11\/elmar_memmedyarov_esas-300x169.jpg",300,169,true],"large":["https:\/\/arantv.az\/wp-content\/uploads\/2019\/11\/elmar_memmedyarov_esas.jpg",640,360,false],"1536x1536":["https:\/\/arantv.az\/wp-content\/uploads\/2019\/11\/elmar_memmedyarov_esas.jpg",800,450,false],"2048x2048":["https:\/\/arantv.az\/wp-content\/uploads\/2019\/11\/elmar_memmedyarov_esas.jpg",800,450,false],"post-thumbnail":["https:\/\/arantv.az\/wp-content\/uploads\/2019\/11\/elmar_memmedyarov_esas-240x172.jpg",240,172,true],"advps-thumb-one":["https:\/\/arantv.az\/wp-content\/uploads\/2019\/11\/elmar_memmedyarov_esas.jpg",800,450,false]},"rttpg_author":{"display_name":"V\u00fcsal Rafiqo\u011flu","author_link":"https:\/\/arantv.az\/?author=2"},"rttpg_comment":0,"rttpg_category":"<a href=\"https:\/\/arantv.az\/?cat=4\" rel=\"category\">Siyas\u0259t<\/a>","rttpg_excerpt":"T\u0259\u0259ss\u00fcf ki, Erm\u0259nistan t\u0259r\u0259find\u0259n Az\u0259rbaycan \u0259razil\u0259rinin davam ed\u0259n i\u015f\u011fal\u0131 regional v\u0259 beyn\u0259lxalq t\u0259hl\u00fck\u0259sizliy\u0259 ciddi t\u0259hl\u00fck\u0259 yaratmaqda davam edir v\u0259 \u00f6lk\u0259nin davaml\u0131 inki\u015faf \u00fc\u00e7\u00fcn b\u00fct\u00fcn potensial\u0131ndan istifad\u0259 s\u0259yl\u0259rini sars\u0131d\u0131r. Bunu Az\u0259rbaycan\u0131n Xarici \u0130\u015fl\u0259r naziri Elmar M\u0259mm\u0259dyarov \u0130slam \u018fm\u0259kda\u015fl\u0131q T\u0259\u015fkilat\u0131n\u0131n Somali \u00fczr\u0259 \u018flaq\u0259 Qrupunun iclas\u0131nda bildirib. Nazir qeyd edib ki, beyn\u0259lxalq s\u00fclh v\u0259 t\u0259hl\u00fck\u0259sizliyi d\u0259st\u0259kl\u0259y\u0259rk\u0259n, Az\u0259rbaycan h\u0259l\u0259&hellip;","_links":{"self":[{"href":"https:\/\/arantv.az\/index.php?rest_route=\/wp\/v2\/posts\/92350"}],"collection":[{"href":"https:\/\/arantv.az\/index.php?rest_route=\/wp\/v2\/posts"}],"about":[{"href":"https:\/\/arantv.az\/index.php?rest_route=\/wp\/v2\/types\/post"}],"author":[{"embeddable":true,"href":"https:\/\/arantv.az\/index.php?rest_route=\/wp\/v2\/users\/2"}],"replies":[{"embeddable":true,"href":"https:\/\/arantv.az\/index.php?rest_route=%2Fwp%2Fv2%2Fcomments&post=92350"}],"version-history":[{"count":0,"href":"https:\/\/arantv.az\/index.php?rest_route=\/wp\/v2\/posts\/92350\/revisions"}],"wp:featuredmedia":[{"embeddable":true,"href":"https:\/\/arantv.az\/index.php?rest_route=\/wp\/v2\/media\/92351"}],"wp:attachment":[{"href":"https:\/\/arantv.az\/index.php?rest_route=%2Fwp%2Fv2%2Fmedia&parent=92350"}],"wp:term":[{"taxonomy":"category","embeddable":true,"href":"https:\/\/arantv.az\/index.php?rest_route=%2Fwp%2Fv2%2Fcategories&post=92350"},{"taxonomy":"post_tag","embeddable":true,"href":"https:\/\/arantv.az\/index.php?rest_route=%2Fwp%2Fv2%2Ftags&post=92350"}],"curies":[{"name":"wp","href":"https:\/\/api.w.org\/{rel}","templated":true}]}}