{"id":92358,"date":"2019-11-04T11:41:13","date_gmt":"2019-11-04T08:41:13","guid":{"rendered":"http:\/\/arantv.az\/?p=92358"},"modified":"2019-11-04T11:41:13","modified_gmt":"2019-11-04T08:41:13","slug":"kecmis-deputatliga-namiz%c9%99d-azadliga-cixdi","status":"publish","type":"post","link":"https:\/\/arantv.az\/?p=92358","title":{"rendered":"Ke\u00e7mi\u015f deputatl\u0131\u011fa namiz\u0259d azadl\u0131\u011fa \u00e7\u0131xd\u0131"},"content":{"rendered":"<p>D\u0259l\u0259duzluqda t\u0259qsirl\u0259ndiril\u0259n \u018fli A\u011faevli azadl\u0131\u011fa \u00e7\u0131x\u0131b.<\/p>\n<p><b>ARANTV.AZ\u00a0<\/b>x\u0259b\u0259r verir ki, o, c\u0259za m\u00fcdd\u0259ti ba\u015fa \u00e7atd\u0131\u011f\u0131 \u00fc\u00e7\u00fcn saxland\u0131\u011f\u0131 Bak\u0131 \u0130stintaq T\u0259cridxanas\u0131ndan azadl\u0131\u011fa burax\u0131l\u0131b.<\/p>\n<p>Qeyd ed\u0259k ki, z\u0259r\u0259r\u00e7\u0259kmi\u015f qismind\u0259 Qabil Mehdiyevdir. Ona qar\u015f\u0131 500 min manata yax\u0131n d\u0259l\u0259duzluq edilib.<\/p>\n<div id=\"AdviadNativeVideo0\" class=\"AdviadNativeVideo\"><\/div>\n<p>Bak\u0131 A\u011f\u0131r Cinay\u0259tl\u0259r M\u0259hk\u0259m\u0259sinin h\u00f6km\u00fc il\u0259 Fuad K\u0259rimov be\u015f\u00a0il v\u0259 \u018f.A\u011faevli is\u0259 yeddi\u00a0il m\u00fcdd\u0259tin\u0259 azadl\u0131qdan m\u0259hrum edilib. H\u0259r iki \u015f\u0259xs m\u0259hk\u0259m\u0259 zal\u0131nda h\u0259bs olunub.<\/p>\n<p>Bak\u0131 Apellyasiya M\u0259hk\u0259m\u0259sinin q\u0259rar\u0131na \u0259sas\u0259n, birinci instansiya m\u0259hk\u0259m\u0259sinin \u00e7\u0131xard\u0131\u011f\u0131 h\u00f6km d\u0259yi\u015fdirilib. Bel\u0259 ki, t\u0259qsirl\u0259ndiril\u0259n h\u0259r iki \u015f\u0259xsin c\u0259zas\u0131 azald\u0131laraq q\u0259ti olaraq h\u0259r birinin \u00fcz\u0259rind\u0259 bir il m\u00fcdd\u0259tin\u0259 azadl\u0131qdan m\u0259hrumetm\u0259 c\u0259zas\u0131 saxlan\u0131l\u0131b.<\/p>\n<p>Bildirilib ki, \u018f.A\u011faevli i\u015f \u00fczr\u0259 d\u0259ymi\u015f ziyan\u0131 tam olaraq \u00f6d\u0259yib.<\/p>\n<p>Xat\u0131rladaq ki, \u201cH\u00fcquq, \u0130qtisadiyyat v\u0259 Sosial T\u0259dqiqatlar\u201d \u0130nstitutunun direktoru, D\u00fcnya Az\u0259rbaycanl\u0131lar\u0131 Konqresi (DAK) M\u0259\u015fv\u0259r\u0259t M\u0259clisi s\u0259drinin birinci m\u00fcavini, s\u00fclh s\u0259firi olmu\u015f \u018f.A\u011faevli 2010-cu v\u0259 2015-ci ill\u0259rd\u0259 V\u0259t\u0259nda\u015f H\u0259mr\u0259yliyi Partiyas\u0131 (VHP) Siyasi \u015euras\u0131 t\u0259r\u0259find\u0259n 34 sayl\u0131 X\u0259tai ikinci se\u00e7ki dair\u0259sind\u0259n deputatl\u0131\u011fa namiz\u0259dliyi ir\u0259li s\u00fcr\u00fcl\u00fcb.<\/p>\n<p>O,\u00a02013-c\u00fc ild\u0259 \u201cYeni \u0130slahat\u00e7\u0131lar\u201d T\u0259\u015f\u0259bb\u00fcs Qrupu t\u0259r\u0259find\u0259n prezidentliy\u0259 namiz\u0259dliyini ir\u0259li s\u00fcr\u00fcb, lakin sonradan M\u0259rk\u0259zi Se\u00e7ki Komissiyas\u0131nda \u0259riz\u0259sini geri g\u00f6t\u00fcr\u00fcb.oxu.az<\/p>\n","protected":false},"excerpt":{"rendered":"<p>D\u0259l\u0259duzluqda t\u0259qsirl\u0259ndiril\u0259n \u018fli A\u011faevli azadl\u0131\u011fa \u00e7\u0131x\u0131b. ARANTV.AZ\u00a0x\u0259b\u0259r verir ki, o, c\u0259za m\u00fcdd\u0259ti ba\u015fa \u00e7atd\u0131\u011f\u0131 \u00fc\u00e7\u00fcn saxland\u0131\u011f\u0131 Bak\u0131 \u0130stintaq T\u0259cridxanas\u0131ndan azadl\u0131\u011fa burax\u0131l\u0131b. Qeyd ed\u0259k ki, z\u0259r\u0259r\u00e7\u0259kmi\u015f qismind\u0259 Qabil Mehdiyevdir. Ona qar\u015f\u0131 500 min manata yax\u0131n d\u0259l\u0259duzluq edilib. Bak\u0131 A\u011f\u0131r Cinay\u0259tl\u0259r M\u0259hk\u0259m\u0259sinin h\u00f6km\u00fc il\u0259 Fuad K\u0259rimov be\u015f\u00a0il v\u0259 \u018f.A\u011faevli is\u0259 yeddi\u00a0il m\u00fcdd\u0259tin\u0259 azadl\u0131qdan m\u0259hrum edilib. H\u0259r iki \u015f\u0259xs m\u0259hk\u0259m\u0259 zal\u0131nda h\u0259bs olunub. Bak\u0131 Apellyasiya M\u0259hk\u0259m\u0259sinin q\u0259rar\u0131na \u0259sas\u0259n, birinci instansiya m\u0259hk\u0259m\u0259sinin \u00e7\u0131xard\u0131\u011f\u0131 h\u00f6km d\u0259yi\u015fdirilib. Bel\u0259 ki, t\u0259qsirl\u0259ndiril\u0259n h\u0259r iki \u015f\u0259xsin c\u0259zas\u0131 azald\u0131laraq q\u0259ti olaraq h\u0259r birinin \u00fcz\u0259rind\u0259 bir il m\u00fcdd\u0259tin\u0259 azadl\u0131qdan m\u0259hrumetm\u0259 c\u0259zas\u0131&hellip;<\/p>\n","protected":false},"author":2,"featured_media":92359,"comment_status":"closed","ping_status":"closed","sticky":false,"template":"","format":"standard","meta":{"om_disable_all_campaigns":false,"_monsterinsights_skip_tracking":false,"_monsterinsights_sitenote_active":false,"_monsterinsights_sitenote_note":"","_monsterinsights_sitenote_category":0},"categories":[5],"tags":[],"aioseo_notices":[],"gutentor_comment":0,"rttpg_featured_image_url":{"full":["https:\/\/arantv.az\/wp-content\/uploads\/2019\/11\/5bbb7d6dae69b_692712.jpg",620,424,false],"landscape":["https:\/\/arantv.az\/wp-content\/uploads\/2019\/11\/5bbb7d6dae69b_692712.jpg",620,424,false],"portraits":["https:\/\/arantv.az\/wp-content\/uploads\/2019\/11\/5bbb7d6dae69b_692712.jpg",620,424,false],"thumbnail":["https:\/\/arantv.az\/wp-content\/uploads\/2019\/11\/5bbb7d6dae69b_692712-150x150.jpg",150,150,true],"medium":["https:\/\/arantv.az\/wp-content\/uploads\/2019\/11\/5bbb7d6dae69b_692712-300x205.jpg",300,205,true],"large":["https:\/\/arantv.az\/wp-content\/uploads\/2019\/11\/5bbb7d6dae69b_692712.jpg",620,424,false],"1536x1536":["https:\/\/arantv.az\/wp-content\/uploads\/2019\/11\/5bbb7d6dae69b_692712.jpg",620,424,false],"2048x2048":["https:\/\/arantv.az\/wp-content\/uploads\/2019\/11\/5bbb7d6dae69b_692712.jpg",620,424,false],"post-thumbnail":["https:\/\/arantv.az\/wp-content\/uploads\/2019\/11\/5bbb7d6dae69b_692712-240x172.jpg",240,172,true],"advps-thumb-one":["https:\/\/arantv.az\/wp-content\/uploads\/2019\/11\/5bbb7d6dae69b_692712.jpg",620,424,false]},"rttpg_author":{"display_name":"V\u00fcsal Rafiqo\u011flu","author_link":"https:\/\/arantv.az\/?author=2"},"rttpg_comment":0,"rttpg_category":"<a href=\"https:\/\/arantv.az\/?cat=5\" rel=\"category\">Hadis\u0259<\/a>","rttpg_excerpt":"D\u0259l\u0259duzluqda t\u0259qsirl\u0259ndiril\u0259n \u018fli A\u011faevli azadl\u0131\u011fa \u00e7\u0131x\u0131b. ARANTV.AZ\u00a0x\u0259b\u0259r verir ki, o, c\u0259za m\u00fcdd\u0259ti ba\u015fa \u00e7atd\u0131\u011f\u0131 \u00fc\u00e7\u00fcn saxland\u0131\u011f\u0131 Bak\u0131 \u0130stintaq T\u0259cridxanas\u0131ndan azadl\u0131\u011fa burax\u0131l\u0131b. Qeyd ed\u0259k ki, z\u0259r\u0259r\u00e7\u0259kmi\u015f qismind\u0259 Qabil Mehdiyevdir. Ona qar\u015f\u0131 500 min manata yax\u0131n d\u0259l\u0259duzluq edilib. Bak\u0131 A\u011f\u0131r Cinay\u0259tl\u0259r M\u0259hk\u0259m\u0259sinin h\u00f6km\u00fc il\u0259 Fuad K\u0259rimov be\u015f\u00a0il v\u0259 \u018f.A\u011faevli is\u0259 yeddi\u00a0il m\u00fcdd\u0259tin\u0259 azadl\u0131qdan m\u0259hrum edilib. H\u0259r iki&hellip;","_links":{"self":[{"href":"https:\/\/arantv.az\/index.php?rest_route=\/wp\/v2\/posts\/92358"}],"collection":[{"href":"https:\/\/arantv.az\/index.php?rest_route=\/wp\/v2\/posts"}],"about":[{"href":"https:\/\/arantv.az\/index.php?rest_route=\/wp\/v2\/types\/post"}],"author":[{"embeddable":true,"href":"https:\/\/arantv.az\/index.php?rest_route=\/wp\/v2\/users\/2"}],"replies":[{"embeddable":true,"href":"https:\/\/arantv.az\/index.php?rest_route=%2Fwp%2Fv2%2Fcomments&post=92358"}],"version-history":[{"count":0,"href":"https:\/\/arantv.az\/index.php?rest_route=\/wp\/v2\/posts\/92358\/revisions"}],"wp:featuredmedia":[{"embeddable":true,"href":"https:\/\/arantv.az\/index.php?rest_route=\/wp\/v2\/media\/92359"}],"wp:attachment":[{"href":"https:\/\/arantv.az\/index.php?rest_route=%2Fwp%2Fv2%2Fmedia&parent=92358"}],"wp:term":[{"taxonomy":"category","embeddable":true,"href":"https:\/\/arantv.az\/index.php?rest_route=%2Fwp%2Fv2%2Fcategories&post=92358"},{"taxonomy":"post_tag","embeddable":true,"href":"https:\/\/arantv.az\/index.php?rest_route=%2Fwp%2Fv2%2Ftags&post=92358"}],"curies":[{"name":"wp","href":"https:\/\/api.w.org\/{rel}","templated":true}]}}